{"id":34698,"date":"2023-08-25T01:09:10","date_gmt":"2023-08-24T23:09:10","guid":{"rendered":"http:\/\/www.infokuryr.cz\/n\/?p=34698"},"modified":"2023-08-24T16:49:55","modified_gmt":"2023-08-24T14:49:55","slug":"ruska-pravoslavna-cirkev-zvazuje-svatorecit-slavneho-generala","status":"publish","type":"post","link":"https:\/\/www.infokuryr.cz\/n\/2023\/08\/25\/ruska-pravoslavna-cirkev-zvazuje-svatorecit-slavneho-generala\/","title":{"rendered":"Rusk\u00e1 pravoslavn\u00e1 c\u00edrkev zva\u017euje svato\u0159e\u010dit slavn\u00e9ho gener\u00e1la"},"content":{"rendered":"<div id=\"fb-root\"><\/div>\n<p><span style=\"font-size: 18pt;\"><strong>Biskupov\u00e9 rozhoduj\u00ed, zda bude Aleksandr Suvorov form\u00e1ln\u011b svato\u0159e\u010den<\/strong><\/span><\/p>\n<p><span>Rusk\u00e1 pravoslavn\u00e1 c\u00edrkev (ROC) debatuje, zda by m\u011bla p\u0159istoupit k n\u00e1vrhu na blaho\u0159e\u010den\u00ed oslavovan\u00e9ho rusk\u00e9ho gener\u00e1la 18. stolet\u00ed Alexandra Suvorova.\u00a0P\u00e1tr\u00e1n\u00ed po d\u016fkazech o z\u00e1zrac\u00edch spojen\u00fdch s velmi popul\u00e1rn\u00edm vojensk\u00fdm velitelem prob\u00edh\u00e1 ji\u017e l\u00e9ta.<\/span><\/p>\n<p><span>T\u00e9ma se dostalo na program jedn\u00e1n\u00ed \u0159\u00edd\u00edc\u00edho org\u00e1nu c\u00edrkve Posv\u00e1tn\u00e9ho synodu, kter\u00e9 za\u010dalo ve \u010dtvrtek v Petrohrad\u011b. Biskupov\u00e9 podle patriarchy Kirilla, kter\u00fd shrom\u00e1\u017ed\u011bn\u00ed p\u0159edsedal, rozhodnou, zda pov\u011b\u0159\u00ed zvl\u00e1\u0161tn\u00ed komisi p\u0159ezkoum\u00e1n\u00edm Suvorovova p\u0159\u00edpadu.<\/span><\/p>\n<p><span>Suvorovovi, jednomu z nejuzn\u00e1van\u011bj\u0161\u00edch vojev\u016fdc\u016f v rusk\u00fdch d\u011bjin\u00e1ch, je <\/span><a href=\"https:\/\/russiapedia.rt.com\/prominent-russians\/military\/aleksandr-suvorov\/\" target=\"_blank\" rel=\"noopener noreferrer\"><span>p\u0159ipisov\u00e1no<\/span><\/a><span> mnoha bitevn\u00edm triumf\u016fm Rusk\u00e9 \u0159\u00ed\u0161e pod veden\u00edm Kate\u0159iny Velik\u00e9 a jej\u00edho syna Pavla I. Byl tak\u00e9 oddan\u00fdm k\u0159es\u0165anem a dokonce uva\u017eoval o tom, \u017ee se v ur\u010dit\u00e9m obdob\u00ed stane mnichem.\u00a0<\/span><\/p>\n<p><span>Nov\u00fd panovn\u00edk, kter\u00fd se nechvaln\u011b odcizil sv\u00e9 matce z osobn\u00edch i politick\u00fdch d\u016fvod\u016f, zru\u0161il mnoho politick\u00fdch v\u00fdhod a obecn\u011b nem\u011bl r\u00e1d sv\u00e9 b\u00fdval\u00e9 dvo\u0159any a st\u00e1tn\u00edky. Suvorov\u016fv vliv a dovednosti v\u0161ak nakonec u cara zv\u00edt\u011bzily a p\u0159ivedly gener\u00e1la do jeho d\u016fv\u011bry.<\/span><\/p>\n<div class=\"article__cover\">\n<div class=\"media\"><picture><source srcset=\"https:\/\/mf.b37mrtl.ru\/files\/2023.08\/original\/64e752d6203027162416db06.jpg\" sizes=\"991px\" data-srcset=\"https:\/\/mf.b37mrtl.ru\/files\/2023.08\/original\/64e752d6203027162416db06.jpg\" \/><img decoding=\"async\" loading=\"lazy\" class=\"read-more__cover lazyautosizes lazyloaded aligncenter\" src=\"https:\/\/mf.b37mrtl.ru\/files\/2023.08\/original\/64e752d6203027162416db06.jpg\" sizes=\"991px\" alt=\"RT\" width=\"781\" height=\"439\" data-sizes=\"auto\" data-src=\"https:\/\/mf.b37mrtl.ru\/files\/2023.08\/original\/64e752d6203027162416db06.jpg\" \/><\/picture>\n<div class=\"media__footer media__footer_bottom \">\n<div class=\"media__title media__title_footer\" style=\"text-align: center;\"><em>&#8218;Suvorov Crossing the Alps&#8216; od Vasilije Surikova<\/em><\/div>\n<\/div>\n<\/div>\n<\/div>\n<p><span>V roce 2001 ROC kanonizovala admir\u00e1la Fjodora U\u0161akova, Suvorova sou\u010dasn\u00edka, jako m\u00edstn\u011b uct\u00edvan\u00e9ho sv\u011btce a spravedliv\u00e9ho laika. Po sv\u00e9m odchodu do d\u016fchodu v roce 1807 se bezd\u011btn\u00fd velitel flotily st\u00e1hl do mal\u00e9 vesnice daleko od hlavn\u00edho m\u011bsta a podle z\u00e1znam\u016f nedalek\u00e9ho kl\u00e1\u0161tera str\u00e1vil velkou \u010d\u00e1st sv\u00e9ho \u017eivota bohoslu\u017ebami a almu\u017enami.<\/span><\/p>\n<p><span>Ti, kte\u0159\u00ed podporuj\u00ed svato\u0159e\u010den\u00ed pro Suvorova, po desetilet\u00ed argumentovali, \u017ee si gener\u00e1l zaslou\u017e\u00ed podobn\u00e9 zach\u00e1zen\u00ed. Konzervativn\u011bj\u0161\u00ed kn\u011b\u017e\u00ed v\u0161ak nab\u00e1daj\u00ed k opatrnosti.<\/span><\/p>\n<p><em><span>\u201eJednou z v\u00fdzev p\u0159i kanonizaci je vytvo\u0159en\u00ed m\u00fdtu\u2026 kdy valorizace dobr\u00e9ho \u010dlov\u011bka nahrad\u00ed oslavov\u00e1n\u00ed,\u201c<\/span><\/em><span>\u00a0poznamenal p\u0159ed n\u011bkolika lety mluv\u010d\u00ed ROC, kdy\u017e vysv\u011btlil zdlouhav\u00fd proces.<\/span><\/p>\n<p><span>K rozhodnut\u00ed ve prosp\u011bch svatosti bude ROC vy\u017eadovat d\u016fkazy o z\u00e1zrac\u00edch, kter\u00e9 se d\u011bj\u00ed po Suvorovov\u011b smrti v reakci na lidi, kte\u0159\u00ed se modl\u00ed za jeho p\u0159\u00edmluvu.<\/span><\/p>\n<p><span>Mimochodem, tento t\u00fdden ROC ozn\u00e1mil, \u017ee se ujme historick\u00e9ho kostela v Petrohrad\u011b, kde jsou ulo\u017eeny Suvorovovy ostatky.\u00a0Prvn\u00ed kamenn\u00fd kostel ve m\u011bst\u011b, dlouho byl sou\u010d\u00e1st\u00ed muzea a je pova\u017eov\u00e1n za d\u016fle\u017eitou sou\u010d\u00e1st rusk\u00e9ho kulturn\u00edho d\u011bdictv\u00ed.<\/span><\/p>\n<p><img decoding=\"async\" loading=\"lazy\" class=\"alignnone size-full wp-image-1185\" src=\"http:\/\/www.infokuryr.cz\/n\/wp-content\/uploads\/2021\/04\/kuryr-podpis.png\" alt=\"\" width=\"84\" height=\"24\" \/><\/p>\n<p>&nbsp;<\/p>\n<p><img decoding=\"async\" loading=\"lazy\" class=\"wp-image-33819 aligncenter\" src=\"http:\/\/www.infokuryr.cz\/n\/wp-content\/uploads\/2023\/08\/ces1-300x157.jpg\" alt=\"\" width=\"1368\" height=\"716\" srcset=\"https:\/\/www.infokuryr.cz\/n\/wp-content\/uploads\/2023\/08\/ces1-300x157.jpg 300w, https:\/\/www.infokuryr.cz\/n\/wp-content\/uploads\/2023\/08\/ces1-1024x536.jpg 1024w, https:\/\/www.infokuryr.cz\/n\/wp-content\/uploads\/2023\/08\/ces1-768x402.jpg 768w, https:\/\/www.infokuryr.cz\/n\/wp-content\/uploads\/2023\/08\/ces1.jpg 1200w\" sizes=\"(max-width: 1368px) 100vw, 1368px\" \/><\/p>\n<p>&nbsp;<\/p>\n<p><a href=\"https:\/\/stranapro.cz\/\"><img decoding=\"async\" loading=\"lazy\" class=\"wp-image-30218 aligncenter\" src=\"http:\/\/www.infokuryr.cz\/n\/wp-content\/uploads\/2023\/06\/PRO-banner-300x36.png\" alt=\"\" width=\"1367\" height=\"164\" srcset=\"https:\/\/www.infokuryr.cz\/n\/wp-content\/uploads\/2023\/06\/PRO-banner-300x36.png 300w, https:\/\/www.infokuryr.cz\/n\/wp-content\/uploads\/2023\/06\/PRO-banner-768x93.png 768w, https:\/\/www.infokuryr.cz\/n\/wp-content\/uploads\/2023\/06\/PRO-banner.png 849w\" sizes=\"(max-width: 1367px) 100vw, 1367px\" \/><\/a><\/p>\n<p>&nbsp;<\/p>\n<p>&nbsp;<\/p>\n<p>&nbsp;<\/p>\n","protected":false},"excerpt":{"rendered":"<p>Biskupov\u00e9 rozhoduj\u00ed, zda bude Aleksandr Suvorov form\u00e1ln\u011b svato\u0159e\u010den Rusk\u00e1 pravoslavn\u00e1 c\u00edrkev (ROC) debatuje, zda by&#8230;<\/p>\n","protected":false},"author":2,"featured_media":34699,"comment_status":"closed","ping_status":"closed","sticky":false,"template":"","format":"standard","meta":[],"categories":[7],"tags":[250,22,4498,5733],"_links":{"self":[{"href":"https:\/\/www.infokuryr.cz\/n\/wp-json\/wp\/v2\/posts\/34698"}],"collection":[{"href":"https:\/\/www.infokuryr.cz\/n\/wp-json\/wp\/v2\/posts"}],"about":[{"href":"https:\/\/www.infokuryr.cz\/n\/wp-json\/wp\/v2\/types\/post"}],"author":[{"embeddable":true,"href":"https:\/\/www.infokuryr.cz\/n\/wp-json\/wp\/v2\/users\/2"}],"replies":[{"embeddable":true,"href":"https:\/\/www.infokuryr.cz\/n\/wp-json\/wp\/v2\/comments?post=34698"}],"version-history":[{"count":0,"href":"https:\/\/www.infokuryr.cz\/n\/wp-json\/wp\/v2\/posts\/34698\/revisions"}],"wp:featuredmedia":[{"embeddable":true,"href":"https:\/\/www.infokuryr.cz\/n\/wp-json\/wp\/v2\/media\/34699"}],"wp:attachment":[{"href":"https:\/\/www.infokuryr.cz\/n\/wp-json\/wp\/v2\/media?parent=34698"}],"wp:term":[{"taxonomy":"category","embeddable":true,"href":"https:\/\/www.infokuryr.cz\/n\/wp-json\/wp\/v2\/categories?post=34698"},{"taxonomy":"post_tag","embeddable":true,"href":"https:\/\/www.infokuryr.cz\/n\/wp-json\/wp\/v2\/tags?post=34698"}],"curies":[{"name":"wp","href":"https:\/\/api.w.org\/{rel}","templated":true}]}}