{"id":34621,"date":"2023-08-24T01:00:05","date_gmt":"2023-08-23T23:00:05","guid":{"rendered":"http:\/\/www.infokuryr.cz\/n\/?p=34621"},"modified":"2023-08-23T17:23:04","modified_gmt":"2023-08-23T15:23:04","slug":"nedelnik-adama-b-bartose-143-boure-ve-sklenici-vody-nebo-pocatek-konce-fialove-petikolky","status":"publish","type":"post","link":"https:\/\/www.infokuryr.cz\/n\/2023\/08\/24\/nedelnik-adama-b-bartose-143-boure-ve-sklenici-vody-nebo-pocatek-konce-fialove-petikolky\/","title":{"rendered":"NED\u011aLN\u00cdK ADAMA B. BARTO\u0160E (143) BOU\u0158E VE SKLENICI VODY, NEBO PO\u010c\u00c1TEK KONCE FIALOV\u00c9 P\u011aTIKOLKY?"},"content":{"rendered":"<div id=\"fb-root\"><\/div>\n<p>Do dne\u0161n\u00edho ned\u011bln\u00edku se mi, p\u0159izn\u00e1m, necht\u011blo. Sobotu jsem str\u00e1vil v P\u0159\u00ed\u010dovech, kde bylo mimochodem kr\u00e1sn\u011b (o tom mo\u017en\u00e1 jindy), v ned\u011bli jsem odpo\u010d\u00edval a dnes \u2013 leno\u0161il. Po propr\u0161en\u00fdch dnech jsem si kone\u010dn\u011b u\u017e\u00edval slun\u00ed\u010dka. V P\u0159\u00ed\u010dovech ho bylo a\u017e moc, ale tam jsem si nemohl dovolit relaxovat. A\u017e dnes jsem m\u011bl voln\u011bji, a tak jsem se oddal jeho paprsk\u016fm. \u010cetl jsem si a nechal se dob\u00edjet energi\u00ed ze slunce.<span id=\"more-13782\"><\/span><\/p>\n<p>Pak jsem si uv\u011bdomil, \u017ee u\u017e je pond\u011bl\u00ed a \u017ee jsem nejen\u017ee nestihl vydat ned\u011bln\u00edk v ned\u011bli (jak je m\u00fdm zlozvykem), ale nestihl jsem to ani p\u0159ed t\u00fddnem. Tehdy jsem si to je\u0161t\u011b omluvil t\u00edm, \u017ee je l\u00e9to a v\u0161ichni jsou na dovolen\u00fdch, tak i j\u00e1 mohu ob\u010das n\u011bjak\u00fd ten ned\u011bln\u00edk vypustit, ale vypustit dva? Honem jsem p\u0159em\u00fd\u0161lel, o \u010dem bych psal a jestli v\u016fbec m\u00e1m. Do\u0161lo mi, \u017ee je 21. srpen a \u017ee v m\u00e9di\u00edch hlavn\u00edho proudu nejsp\u00ed\u0161e prob\u00edhaj\u00ed rusofobn\u00ed orgie je\u0161t\u011b nechutn\u011bj\u0161\u00ed ne\u017e v b\u011b\u017en\u00fd den. M\u00e1m k tomu n\u011bco napsat? honilo se mi hlavou\u2026<\/p>\n<p>Pak jsem si ale \u0159ekl, \u017ee to z\u00e1sadn\u00ed k srpnu 1968 u\u017e napsal Vladim\u00edr \u010cerm\u00e1k ve sv\u00e9 kn\u00ed\u017ece Operace Srpen 1968 a my\u0161lenku na p\u016fvodn\u00ed t\u00e9ma sv\u00e9ho ned\u011bln\u00edku jsem zase rychle zam\u00edtl.<\/p>\n<p>A tak mi to zase chroupe v kebuli. O \u010dem tentokr\u00e1t? Minule jsem psal o pom\u011brn\u011b kontroverzn\u00edm t\u00e9matu (o lajn\u00e1ch na nebi v\u011bt\u0161\u00edch ne\u017e Brno), tak by to dnes cht\u011blo n\u011bco na odleh\u010den\u00ed (i kdy\u017e v Brn\u011b sv\u00fdm zp\u016fsobem z\u016fstaneme). Jedno t\u00e9ma \u2013 pravda \u2013 mi v t\u00fddnu v hlav\u011b utkv\u011blo. Respektive absurdnost t\u00e9to zpr\u00e1vy. Sly\u0161el jsem to v aut\u011b a nech\u00e1pal, co na tom politici a m\u00e9dia \u0159e\u0161\u00ed. Pavel Bla\u017eek (ODS) se setkal se Zemanov\u00fdm lobbistou Martinem Nejedl\u00fdm, tedy p\u0159esn\u011bji, p\u0159i\u0161el na jeho narozeniny. U koali\u010dn\u00edch partner\u016f ODS z toho byla zpr\u00e1va dne, proto\u017ee sch\u016fzku odsoudila Topka \u010di Pir\u00e1ti. Pr\u00fd je to neetick\u00e9, za hranou apod.<\/p>\n<p>Nem\u00e1m sebemen\u0161\u00ed chu\u0165 se ODS Petra Fialy jakkoli zast\u00e1vat, ale v\u0161ichni p\u0159ece v\u011bd\u00ed, jakou m\u00e1 Pavel Bla\u017eek p\u0159ezd\u00edvku, jakou m\u00e1 pov\u011bst (v Brn\u011b a nejen v n\u011bm), co je vlastn\u011b za\u010d apod. Mysl\u00edm, \u017ee oba p\u00e1nov\u00e9 se k sob\u011b hod\u00ed jako vejce k vejci. Asi se dob\u0159e znaj\u00ed u\u017e del\u0161\u00ed dobu, h\u00e1dal bych. A co jsem sly\u0161el, Don Pablo je v\u011bt\u0161\u00ed zv\u00ed\u0159e ne\u017e n\u011bjak\u00fd Nejedl\u00fd, tak\u017ee kdy\u017e u\u017e bychom m\u011bli b\u00fdt spravedliv\u00ed, nev\u00edm, kdo se \u010d\u00edm u\u0161pinil \u2013 zda Bla\u017eek Nejedl\u00fdm, nebo Nejedl\u00fd Bla\u017ekem (i kdy\u017e je tento zrovna ministrem spravedlnosti \u2013 ostatn\u011b, jak m\u016f\u017ee b\u00fdt n\u011bkdo jako Bla\u017eek ministr spravedlnosti, to mi taky hlava nebere). Ani o jedno, ani o druh\u00e9 tu ale nyn\u00ed nejde.<\/p>\n<p>Jde toti\u017e o to, \u017ee neb\u00fdt Bla\u017eka, nebyl by Fiala premi\u00e9rem, nebyla by p\u011btikoalice u moci a proto by si Pir\u00e1ti a Topka m\u011bli d\u00e1t pozor na to, co \u0159\u00edkaj\u00ed, proto\u017ee bez Dona Pabla by sed\u011bli v opozi\u010dn\u00edch lavic\u00edch. Bla\u017eek byl ten, kdo p\u0159ivedl Fialu k Zemanovi, kdo mezi nimi zprost\u0159edkoval n\u011bkolik sch\u016fzek, kter\u00e9 vedly k p\u0159ekvapen\u00ed, kter\u00e9 jsme u\u017e pod dojmem dal\u0161\u00edho v\u00fdvoje skoro zapomn\u011bli. Zeman, kter\u00fd byl v\u017edy vykreslov\u00e1n jako podporovatel Babi\u0161e (a opa\u010dn\u011b \u2013 Babi\u0161 podporovatel Zemana), dal Babi\u0161ovi po volb\u00e1ch velmi rychle sbohem a za\u010dal si n\u00e1ramn\u011b rozum\u011bt s Fialou. Jeden to skoro nech\u00e1pal, jak se tito dva najednou tak rychle sbl\u00ed\u017eili. Zeman, kter\u00fd v\u017edy ost\u0159e odm\u00edtal \u00fatoky pra\u017esk\u00e9 havl\u00e9rky a r\u00e1d si pravdol\u00e1ska\u0159e mazal na chleba, najednou \u2013 zni\u010dehonic \u2013 d\u00e1v\u00e1 vl\u00e1du do rukou p\u0159edstaviteli sv\u00fdch pomysln\u00fdch ideov\u00fdch nep\u0159\u00e1tel. Trochu za to mohl Babi\u0161, kter\u00fd \u2013 v t\u00e9 dob\u011b na smrt nemocn\u00e9ho \u2013 Zemana u\u017e odepsal, spo\u010d\u00edtal si, \u017ee bez Zemana premi\u00e9rem nebude a za\u010dal (p\u0159\u00edli\u0161 p\u0159ed\u010dasn\u011b) vykl\u00edzet Fialovi pozice. Zeman, kter\u00fd je velice pomstychtiv\u00fd, to pak Babi\u0161ovi p\u011bkn\u011b spo\u010d\u00edtal.<\/p>\n<p>Hlavn\u00ed pod\u00edl na tom ale m\u00e1 u\u017e \u0159e\u010den\u00fd Don Pablo, kter\u00fd jednak Fialu \u201evod\u00ed\u201c (oba jsou z Brna) a kter\u00fd ho tud\u00ed\u017e \u201ep\u0159ivedl\u201c i k Zemanovi. Prob\u011bhlo p\u00e1r sch\u016fzek s prezidentem a bylo jasn\u00e9, \u017ee Fiala bude premi\u00e9rem. Koali\u010dn\u00ed partne\u0159i by m\u011bli brn\u011bnsk\u00e9mu politikovi l\u00edbat ruce, \u017ee se d\u00edky n\u011bmu ten hovadsk\u00fd spletenec dostal k lizu a ne mu okop\u00e1vat kotn\u00edky, nota bene, kdy\u017e jde jen o takovou prkotinu, jako to, \u017ee jeden jde k druh\u00e9mu na narozeninovou p\u00e1rty nebo dokonce, jak Bla\u017eek tvrd\u00ed, \u017ee \u0161lo jen o n\u00e1hodu, kdy se oba ocitli v jednom podniku a Bla\u017eek pr\u00fd neode\u0161el dostate\u010dn\u011b rychle pry\u010d, kdy\u017e si Nejedl\u00e9ho v\u0161imnul.<\/p>\n<p><img decoding=\"async\" loading=\"lazy\" class=\"wp-image-33819 aligncenter\" src=\"http:\/\/www.infokuryr.cz\/n\/wp-content\/uploads\/2023\/08\/ces1-300x157.jpg\" alt=\"\" width=\"1355\" height=\"709\" srcset=\"https:\/\/www.infokuryr.cz\/n\/wp-content\/uploads\/2023\/08\/ces1-300x157.jpg 300w, https:\/\/www.infokuryr.cz\/n\/wp-content\/uploads\/2023\/08\/ces1-1024x536.jpg 1024w, https:\/\/www.infokuryr.cz\/n\/wp-content\/uploads\/2023\/08\/ces1-768x402.jpg 768w, https:\/\/www.infokuryr.cz\/n\/wp-content\/uploads\/2023\/08\/ces1.jpg 1200w\" sizes=\"(max-width: 1355px) 100vw, 1355px\" \/><\/p>\n<p>Svat\u00e1 prostoto! spr\u00e1skl by jeden ruce \u2013 co ti bl\u00e1zni zase \u0159e\u0161\u00ed? Vypad\u00e1 to na p\u011bknou okurkovou sez\u00f3nu, kdy\u017e se z n\u011b\u010deho takov\u00e9ho d\u011bl\u00e1 kauza. Zkr\u00e1tka, tohle v\u0161e mi prolet\u011blo hlavou, kdy\u017e jsem tu zpr\u00e1vu sly\u0161el v aut\u011b a pak jsem to hodil za hlavu.<\/p>\n<p>Co se ale nestalo. Bou\u0159e ve sklenici vody p\u0159erostla (nebo alespo\u0148 hroz\u00ed p\u0159er\u016fst) v dokonal\u00fd tajfun v akv\u00e1riu. Milion chvilek, kter\u00fd zabalil fidl\u00e1tka pot\u00e9, co se Babi\u0161 nestal premi\u00e9rem (a nejsp\u00ed\u0161e i pot\u00e9, co jeho p\u0159edstavitel zdefraudoval pen\u00edze spolku), se najednou aktivizoval a p\u0159esn\u011b tuto af\u00e9rku si vzal jako z\u00e1minku k uspo\u0159\u00e1d\u00e1n\u00ed demonstrace. Pr\u00fd ne proti vl\u00e1d\u011b, ale proti Pavlu Bla\u017ekovi ur\u010dit\u011b \u2013 aby pr\u00fd ho Fiala z vl\u00e1dy odstranil. No, to ur\u010dit\u011b. Fiala, odjak\u017eiva podr\u017etka\u0161ka, bude odstra\u0148ovat n\u011bkoho, kdo ho do vysok\u00e9 politiky (a pot\u00e9 i za Zemanem) doslova dotla\u010dil a protla\u010dil. A tohle, co v\u00e1m tady p\u00ed\u0161u (jak to tehdy bylo), kdy\u017e to v\u00edm j\u00e1, zcela ur\u010dit\u011b v\u011bd\u00ed nejen koali\u010dn\u00ed partne\u0159i, ale mus\u00ed to v\u011bd\u011bt i po\u0161ahanci z Milionu chvilek. Bla\u017eek je duchovn\u00edm otcem p\u011btikoali\u010dn\u00ed vl\u00e1dy a najednou se proti n\u011bmu stav\u00ed vl\u00e1dn\u00ed politici a dokonce i neziskovky?<\/p>\n<p>A tak mne tak napad\u00e1, zda to cel\u00e9 nen\u00ed je\u0161t\u011b trochu jinak. Mo\u017en\u00e1 jsme sv\u011bdky za\u010d\u00e1tku konce Fialovy vl\u00e1dy, kter\u00e1 je stejn\u011b \u2013 co si budeme pov\u00eddat \u2013 z\u00e1visl\u00e1 na geopolitick\u00e9 situaci. USA obracej\u00ed a vypad\u00e1 to, \u017ee se sna\u017e\u00ed rychle vycouvat z konfliktu na Ukrajin\u011b. To nem\u016f\u017ee z\u016fstat bez odezvy u proamerick\u00fdch vl\u00e1d v Evrop\u011b, kter\u00e9 v\u0161echno vsadily na boj proti Rusku, na podporu Ukrajiny, na \u00fadajnou por\u00e1\u017eku Putina. Polsk\u00e1 vl\u00e1da, slovensk\u00e1, \u010deskou nevyj\u00edmaje. Ti, co hodn\u011b nainvestovali do boje proti Putinovi, z\u016fstanou jako pov\u011bstn\u00fd \u201ek\u016fl v plot\u011b\u201c pot\u00e9, co se Am\u00edci mezit\u00edm p\u0159eorientovali na jin\u00e9ho nep\u0159\u00edtele, na \u010c\u00ednu. \u010c\u00edna bude te\u010f hlavn\u00ed nep\u0159\u00edtel.<\/p>\n<p>Je to vlastn\u011b vtipn\u00e9. Pro\u010d\u00ednsk\u00fd poradce pro\u010d\u00ednsk\u00e9ho prezidenta Zemana kompromituje \u0161edou eminenci H\u0148upovy vl\u00e1dy. Pokud tohle Ameri\u010dan\u00e9 p\u0159\u00edmo nevymysleli, ur\u010dit\u011b se toho r\u00e1di chop\u00ed. H\u0148up poslou\u017eil, H\u0148up m\u016f\u017ee j\u00edt. Jeho chr\u00e1n\u011bnec se paktuje s pochybn\u00fdmi existencemi napojen\u00fdmi na \u010c\u00ednu. Pane\u010dku!<\/p>\n<p>Ta prvn\u00ed zpr\u00e1va o tom, jak se zhulenec Barto\u0161 (\u0161\u00e9f Pir\u00e1t\u016f) nad sch\u016fzkou Nejedl\u00fd-Bla\u017eek pohor\u0161oval, mi p\u0159i\u0161la jen trapn\u00e1. To, \u017ee se do toho nyn\u00ed zapojuje Milion chvilek, u\u017e ale za\u010d\u00edn\u00e1 zav\u00e1n\u011bt mnohem v\u00e1\u017en\u011bj\u0161\u00edmi procesy. N\u011bco se za\u010d\u00edn\u00e1 d\u00edt a vl\u00e1da, kter\u00e1 m\u00e1 podporu jen dvou procent lid\u00ed, se m\u016f\u017ee v brzku porou\u010det. Jsme p\u0159ece ban\u00e1nov\u00e1 republika, kde procesy \u0159\u00edd\u00ed Am\u00edci (\u017ee jsme z\u00e1rove\u0148 protektor\u00e1tem N\u011bmecka, kter\u00e9 je samo protektor\u00e1tem USA, s t\u00edm nen\u00ed v rozporu). Nebo mi snad budete tvrdit, \u017ee to je jinak?<\/p>\n<p>Tak\u017ee nakonec se \u2013 i kdy\u017e velk\u00fdm obloukem \u2013 k tomu 21. srpnu p\u0159ece jen dostanu. Fialova vl\u00e1da po\u0159\u00e1d\u00e1 tradi\u010dn\u00ed a pravideln\u00e9 orgie protirusk\u00e9 nen\u00e1visti k tomuto historick\u00e9mu datu. Letos j\u00ed ale asi nebude p\u0159\u00edli\u0161 veselo. Ukrajinsk\u00e1 ofenz\u00edva selhala, Ukrajina nebude v\u00edt\u011bzem, USA prchaj\u00ed hasit po\u017e\u00e1r s \u010c\u00ednou, rovn\u011b\u017e Soro\u0161 bal\u00ed v Evrop\u011b kufry. Vypad\u00e1 to, \u017ee ten, kdo m\u011bl b\u00fdt pora\u017een \u2013 Putin a Rusko \u2013 tak \u00fapln\u011b pora\u017een nebude. Vypad\u00e1 to, \u017ee H\u0148up, kter\u00fd vyhl\u00e1sil v\u00e1lku Putinovi, asi Putina vys\u00edl\u00e1n\u00edm sv\u00fdch sign\u00e1l\u016f neporazil. A v \u010cesk\u00e9 republice se za\u010d\u00ednaj\u00ed spou\u0161t\u011bt procesy na jeho odstaven\u00ed. Kur\u0148a \u2013 a zrovna na 21. srpna. To je pech, co? To si bude muset P\u00e9\u0165a d\u00e1t lajnu, jak maj\u00ed v Brn\u011b ve zvyku\u2026<\/p>\n<p>T\u00edm v\u0161\u00edm ne\u0159\u00edk\u00e1m, \u017ee je vyhr\u00e1no. Jeden H\u0148up odejde, jin\u00fd p\u0159ijde. Rajchl je podle mne p\u0159ipravov\u00e1n jako z\u00e1lo\u017en\u00ed pl\u00e1n, k alternativ\u011b jsem ho ani na chv\u00edli ne\u0159adil. Jen chci zd\u016fraznit, co jsem tu u\u017e n\u011bkolikr\u00e1t psal \u2013 v \u010cR se procesy v\u017edy m\u011bn\u00ed a\u017e podle toho, co se d\u011bje celosv\u011btov\u011b, mezi mocnostmi. A mezi mocnostmi se toho te\u010f d\u011bje hodn\u011b, tak\u017ee se nedivme, kdyby to odsk\u00e1kala i ta na\u0161e zpropaden\u00e1 vl\u00e1da. \u0160koda by to samoz\u0159ejm\u011b nebyla, ba naopak, ale ani na chv\u00edli nepochybujte, \u017ee se u\u017e chyst\u00e1 n\u00e1hrada, kter\u00e1 nejen\u017ee nebude lep\u0161\u00ed, ale jak to tak b\u00fdv\u00e1, bude je\u0161t\u011b hor\u0161\u00ed\u2026<\/p>\n<p>Navzdory tomu v\u0161emu v\u00e1m p\u0159eji kr\u00e1sn\u00fd z\u00e1v\u011br l\u00e9ta\u2026<\/p>\n<p><em>Adam B. Barto\u0161<\/em><br \/>\n<em>p\u0159edseda N\u00e1rodn\u00ed demokracie<br \/>\n<a href=\"https:\/\/narodnidemokracie.cz\/nedelnik-adama-b-bartose-143-boure-ve-sklenici-vody-nebo-pocatek-konce-fialove-petikolky\/\"><img decoding=\"async\" loading=\"lazy\" class=\"alignnone size-full wp-image-678\" src=\"http:\/\/www.infokuryr.cz\/n\/wp-content\/uploads\/2021\/04\/narodni_demokracie_logo.jpg\" alt=\"\" width=\"300\" height=\"85\" \/><\/a><br \/>\n<\/em><\/p>\n<p>____________________________________________<\/p>\n<p>&nbsp;<\/p>\n<p>&nbsp;<\/p>\n<p><a href=\"https:\/\/stranapro.cz\/\"><img decoding=\"async\" loading=\"lazy\" class=\"wp-image-30218 aligncenter\" src=\"http:\/\/www.infokuryr.cz\/n\/wp-content\/uploads\/2023\/06\/PRO-banner-300x36.png\" alt=\"\" width=\"1358\" height=\"163\" srcset=\"https:\/\/www.infokuryr.cz\/n\/wp-content\/uploads\/2023\/06\/PRO-banner-300x36.png 300w, https:\/\/www.infokuryr.cz\/n\/wp-content\/uploads\/2023\/06\/PRO-banner-768x93.png 768w, https:\/\/www.infokuryr.cz\/n\/wp-content\/uploads\/2023\/06\/PRO-banner.png 849w\" sizes=\"(max-width: 1358px) 100vw, 1358px\" \/><\/a><\/p>\n<p>&nbsp;<\/p>\n<p>&nbsp;<\/p>\n<p>&nbsp;<\/p>\n","protected":false},"excerpt":{"rendered":"<p>Do dne\u0161n\u00edho ned\u011bln\u00edku se mi, p\u0159izn\u00e1m, necht\u011blo. Sobotu jsem str\u00e1vil v P\u0159\u00ed\u010dovech, kde bylo mimochodem&#8230;<\/p>\n","protected":false},"author":2,"featured_media":34622,"comment_status":"closed","ping_status":"closed","sticky":false,"template":"","format":"standard","meta":[],"categories":[6],"tags":[367,29,85],"_links":{"self":[{"href":"https:\/\/www.infokuryr.cz\/n\/wp-json\/wp\/v2\/posts\/34621"}],"collection":[{"href":"https:\/\/www.infokuryr.cz\/n\/wp-json\/wp\/v2\/posts"}],"about":[{"href":"https:\/\/www.infokuryr.cz\/n\/wp-json\/wp\/v2\/types\/post"}],"author":[{"embeddable":true,"href":"https:\/\/www.infokuryr.cz\/n\/wp-json\/wp\/v2\/users\/2"}],"replies":[{"embeddable":true,"href":"https:\/\/www.infokuryr.cz\/n\/wp-json\/wp\/v2\/comments?post=34621"}],"version-history":[{"count":0,"href":"https:\/\/www.infokuryr.cz\/n\/wp-json\/wp\/v2\/posts\/34621\/revisions"}],"wp:featuredmedia":[{"embeddable":true,"href":"https:\/\/www.infokuryr.cz\/n\/wp-json\/wp\/v2\/media\/34622"}],"wp:attachment":[{"href":"https:\/\/www.infokuryr.cz\/n\/wp-json\/wp\/v2\/media?parent=34621"}],"wp:term":[{"taxonomy":"category","embeddable":true,"href":"https:\/\/www.infokuryr.cz\/n\/wp-json\/wp\/v2\/categories?post=34621"},{"taxonomy":"post_tag","embeddable":true,"href":"https:\/\/www.infokuryr.cz\/n\/wp-json\/wp\/v2\/tags?post=34621"}],"curies":[{"name":"wp","href":"https:\/\/api.w.org\/{rel}","templated":true}]}}