{"id":34560,"date":"2023-08-23T01:17:35","date_gmt":"2023-08-22T23:17:35","guid":{"rendered":"http:\/\/www.infokuryr.cz\/n\/?p=34560"},"modified":"2023-08-22T20:35:05","modified_gmt":"2023-08-22T18:35:05","slug":"nedavno-zemrel-ockovany-pilot-uprostred-letu-se-stovkami-lidi-na-palube","status":"publish","type":"post","link":"https:\/\/www.infokuryr.cz\/n\/2023\/08\/23\/nedavno-zemrel-ockovany-pilot-uprostred-letu-se-stovkami-lidi-na-palube\/","title":{"rendered":"Ned\u00e1vno zem\u0159el o\u010dkovan\u00fd pilot uprost\u0159ed letu se stovkami lid\u00ed na palub\u011b"},"content":{"rendered":"<div id=\"fb-root\"><\/div>\n<p><strong>Proti covidu o\u010dkovan\u00fd pilot latinskoamerick\u00e9 leteck\u00e9 spole\u010dnosti LATAM n\u00e1hle zem\u0159el minul\u00fd t\u00fdden uprost\u0159ed letu, kdy\u017e vezl stovky cestuj\u00edc\u00edch na palub\u011b Boeingu 787 Dreamliner, kter\u00fd pilotoval z Miami na Florid\u011b do Chile.<\/strong><\/p>\n<p><span>Smrt Ivana Andaura zp\u016fsobila b\u011bhem letu nouzovou situaci, proto\u017ee dva dal\u0161\u00ed kopiloti byli nuceni p\u0159evz\u00edt kontrolu nad letadlem a prov\u00e9st nouzov\u00e9 p\u0159ist\u00e1n\u00ed, zat\u00edmco zdravotn\u00ed sestra se ho pokou\u0161ela o\u017eivit, ale nepoda\u0159ilo se j\u00ed to, proto\u017ee nem\u011bla u sebe \u201en\u00e1stroje pot\u0159ebn\u00e9 k resuscitu\u201c.<\/span><\/p>\n<p><span>Andaur pilotoval let LA505 do Santiaga, kdy\u017e mu za\u010dalo b\u00fdt \u0161patn\u011b.\u00a0J\u00edm popisovan\u00e9 symptomy p\u0159\u00edmo souvisely se srde\u010dn\u00ed z\u00e1stavou, co\u017e siln\u011b nazna\u010duje, \u017ee je dal\u0161\u00ed ob\u011bt\u00ed experiment\u00e1ln\u00edch mRNA vakc\u00edn proti covidu.<\/span><\/p>\n<p><span>Str\u00e1nka\u00a0<\/span><a href=\"https:\/\/www.newstarget.com\/2023-08-18-commercial-pilot-dies-emergency-landing-covid-vaccines.html\"><span>Newstarget.com<\/span><\/a><span>\u00a0uvedla:<\/span><\/p>\n<p><span>Nam\u00edsto toho, aby let do\u0161el do sv\u00e9ho zam\u00fd\u0161len\u00e9ho c\u00edle, musel b\u00fdt p\u0159esm\u011brov\u00e1n na mezin\u00e1rodn\u00ed leti\u0161t\u011b Tocumen ve m\u011bst\u011b Panama, kde byl Andaur nakonec prohl\u00e1\u0161en za mrtv\u00e9ho.<\/span><\/p>\n<p><span>Zdravotn\u00ed sestra, kter\u00e1 se na soci\u00e1ln\u00edch s\u00edt\u00edch identifikuje pouze jako \u201eIsadora\u201c, \u0159\u00edk\u00e1, \u017ee se p\u0159ipojila k dal\u0161\u00ed sest\u0159e a dv\u011bma l\u00e9ka\u0159\u016fm, kte\u0159\u00ed byli na palub\u011b liuetadla a v\u0161ichni se sna\u017eili Andaura o\u017eivit.\u00a0Navzdory jejich nejlep\u0161\u00ed snaze zachr\u00e1nit mu \u017eivot, pilot nakonec zem\u0159el.<\/span><\/p>\n<p><em><span>\u201eBohu\u017eel, nem\u011bli jsme pot\u0159ebn\u00e9 n\u00e1stroje k proveden\u00ed spr\u00e1vn\u00e9 resuscitace,\u201c<\/span><\/em><span>\u00a0\u0159ekla Isadora.<\/span><\/p>\n<p><em><span>\u201eLeteck\u00e1 spole\u010dnost LATAM by m\u011bla vylep\u0161it sv\u00e9 protokoly v p\u0159\u00edpad\u011b zdravotn\u00edch a l\u00e9ka\u0159sk\u00fdch mimo\u0159\u00e1dn\u00fdch ud\u00e1lost\u00ed, jako je tato, kde je mo\u017en\u00e9 zachr\u00e1nit \u017eivoty, k \u010demu\u017e jsou v\u0161ak pot\u0159ebn\u00e9 adekv\u00e1tn\u00ed zdroje.\u201c<\/span><\/em><\/p>\n<h2><span>\u201eN\u00e1hle a ne\u010dekan\u011b\u201c \u2013 nov\u00fd norm\u00e1l v post-covidov\u00e9 \u00e9\u0159e<\/span><\/h2>\n<p><span>\u0160irok\u00e1 ve\u0159ejnost se postupn\u011b probouz\u00ed do reality, \u017ee za tyto druhy incident\u016f v post-covidov\u00e9 \u00e9\u0159e jsou obvykle vinn\u00e9 vakc\u00edny.<\/span><\/p>\n<p><span>Podle nejmenovan\u00e9 pasa\u017e\u00e9rky, kter\u00e1 byla v t\u00e9 dob\u011b v letadle, odlet\u011bli z Miami kolem 23:00.\u00a0Zanedlouho jeden z kopilot\u016f po\u017e\u00e1dal o l\u00e9ka\u0159skou pomoc.<\/span><\/p>\n<p><em><span>&#8222;Po 40 minut\u00e1ch se n\u00e1s pilot zeptal, jestli je v letadle l\u00e9ka\u0159,&#8220;<\/span><\/em><span>\u00a0uvedla \u017eena.<\/span><\/p>\n<div class=\"code-block code-block-9\">\n<div id=\"badat-1865416828\">\n<p><img decoding=\"async\" loading=\"lazy\" class=\"wp-image-33819 aligncenter\" src=\"http:\/\/www.infokuryr.cz\/n\/wp-content\/uploads\/2023\/08\/ces1-300x157.jpg\" alt=\"\" width=\"1353\" height=\"708\" srcset=\"https:\/\/www.infokuryr.cz\/n\/wp-content\/uploads\/2023\/08\/ces1-300x157.jpg 300w, https:\/\/www.infokuryr.cz\/n\/wp-content\/uploads\/2023\/08\/ces1-1024x536.jpg 1024w, https:\/\/www.infokuryr.cz\/n\/wp-content\/uploads\/2023\/08\/ces1-768x402.jpg 768w, https:\/\/www.infokuryr.cz\/n\/wp-content\/uploads\/2023\/08\/ces1.jpg 1200w\" sizes=\"(max-width: 1353px) 100vw, 1353px\" \/><\/p>\n<\/div>\n<\/div>\n<p><span>V jist\u00e9m moment\u011b se jedna z letu\u0161ek zeptala cestuj\u00edc\u00edch, zda m\u00e1 n\u011bkdo u sebe p\u0159edm\u011bty, kter\u00e9 by se daly pou\u017e\u00edt na pomoc n\u011bkomu, kdo je z\u00e1visl\u00fd na inzul\u00ednu.<\/span><\/p>\n<p><em><span>\u201e\u0158ekli n\u00e1m, \u017ee p\u0159ist\u00e1v\u00e1me, proto\u017ee pilotovi p\u0159i\u0161lo \u0161patn\u011b.\u00a0Kdy\u017e jsme dorazili, po\u017e\u00e1dali n\u00e1s, abychom se evakuovali z letadla, proto\u017ee situace se zhor\u0161ila,\u201c<\/span><\/em><span>\u00a0vysv\u011btlila \u017eena.<\/span><\/p>\n<p><span>Jeliko\u017e Andaurova man\u017eelka Veronica zem\u0159ela v roce 2017, jedin\u00fdm zb\u00fdvaj\u00edc\u00edm p\u0159\u00edm\u00fdm \u010dlenem jejich rodiny je dcera Sofia.\u00a0P\u0159edt\u00edm, ne\u017e se Andaur stal pilotem komer\u010dn\u00ed leteck\u00e9 spole\u010dnosti, byl p\u0159\u00edslu\u0161n\u00edkem chilsk\u00fdch vzdu\u0161n\u00fdch sil.<\/span><\/p>\n<p><span>Po nouzov\u00e9m p\u0159ist\u00e1n\u00ed str\u00e1vilo letadlo p\u016fl hodiny u br\u00e1ny, zat\u00edmco leteck\u00e1 spole\u010dnost ozn\u00e1mila, \u017ee let se ru\u0161\u00ed.\u00a0Cestuj\u00edc\u00ed byli ubytov\u00e1ni v m\u00edstn\u00edch hotelech a pot\u00e9 pokra\u010dovali v l\u00e9t\u011b n\u00e1sleduj\u00edc\u00ed odpoledne.<\/span><\/p>\n<h2><span>Reakce lid\u00ed na zpr\u00e1vu o \u00famrt\u00ed pilota<\/span><\/h2>\n<p><em><span>\u201eBezpe\u010dn\u00e9 (za \u00fa\u010delem zisku) a velmi efektivn\u00ed (p\u0159i zab\u00edjen\u00ed),\u201c<\/span><\/em><span>\u00a0napsal o situaci jeden koment\u00e1tor, kter\u00fd nazna\u010dil, \u017ee masov\u00e9 o\u010dkov\u00e1n\u00ed proti covidu bylo pravd\u011bpodobn\u011b p\u0159\u00ed\u010dinou Andaurovy smrti, proto\u017ee v\u011bt\u0161ina leteck\u00fdch spole\u010dnost\u00ed po\u017eadovala od sv\u00fdch zam\u011bstnanc\u016f \u201eo\u010dkov\u00e1n\u00ed\u201c, aby mohli pokra\u010dovat v pr\u00e1ci.<\/span><\/p>\n<p><em><span>\u201eP\u0159in\u00e1\u0161\u00ed v\u00e1m Pfizer nebo Moderna (typick\u00fd slogan v americk\u00fdch televiz\u00edch, pokud n\u011bjak\u00fd po\u0159ad sponzoruje firma),\u201c<\/span><\/em><span>\u00a0napsal dal\u0161\u00ed se stejnou nar\u00e1\u017ekou.<\/span><\/p>\n<p><em><span>&#8222;Dal\u0161\u00ed ob\u011b\u0165 povinn\u00fdch vakc\u00edn,&#8220;<\/span><\/em><span>\u00a0\u0159ekl dal\u0161\u00ed s odkazem na\u00a0<\/span><a href=\"https:\/\/www.badatel.net\/nie-je-nahoda-ze-vlady-naraz-vyzaduju-covid-pasy-a-povinne-ockovanie\/\"><span>povinn\u00e9 o\u010dkov\u00e1n\u00ed<\/span><\/a><span>\u00a0, kter\u00e9 je v\u00edce ne\u017e pravd\u011bpodobn\u011b zodpov\u011bdn\u00e9 za tento tragick\u00fd incident.<\/span><\/p>\n<p><em><span>&#8222;Bohat\u00ed vyu\u017e\u00edvaj\u00ed pouze piloty, kte\u0159\u00ed nebyli o\u010dkov\u00e1ni, jen abyste v\u011bd\u011bli,&#8220;<\/span><\/em><span>\u00a0poznamenal dal\u0161\u00ed.<\/span><\/p>\n<p><span>Jin\u00ed spekulovali, \u017ee mo\u017en\u00e1 chyb\u011bj\u00edc\u00ed vybaven\u00ed, o kter\u00e9m Isadora mluvila, byl defibril\u00e1tor, kter\u00fd je pot\u0159ebn\u00fd v letadlech v p\u0159\u00edpad\u011b, \u017ee n\u011bkdo dostane infarkt.<\/span><\/p>\n<p><em><span>&#8222;Mysl\u00edm, \u017ee se ani nemus\u00edme pt\u00e1t, co to zp\u016fsobilo,&#8220;<\/span><\/em><span> dodal dal\u0161\u00ed komentuj\u00edc\u00ed.<\/span><\/p>\n<p><span>Autor: Sean Adl-Tabatabai, Zdroj:\u00a0<\/span><a href=\"https:\/\/thepeoplesvoice.tv\/recently-jabbed-pilot-dies-suddenly-mid-flight-with-hundreds-of-passenger-on-board\/\" target=\"_blank\" rel=\"noopener\"><span>The People&#8217;s Voice<\/span><\/a><\/p>\n<p>&nbsp;<\/p>\n<p><a href=\"https:\/\/stranapro.cz\/\"><img decoding=\"async\" loading=\"lazy\" class=\"wp-image-30218 aligncenter\" src=\"http:\/\/www.infokuryr.cz\/n\/wp-content\/uploads\/2023\/06\/PRO-banner-300x36.png\" alt=\"\" width=\"1367\" height=\"164\" srcset=\"https:\/\/www.infokuryr.cz\/n\/wp-content\/uploads\/2023\/06\/PRO-banner-300x36.png 300w, https:\/\/www.infokuryr.cz\/n\/wp-content\/uploads\/2023\/06\/PRO-banner-768x93.png 768w, https:\/\/www.infokuryr.cz\/n\/wp-content\/uploads\/2023\/06\/PRO-banner.png 849w\" sizes=\"(max-width: 1367px) 100vw, 1367px\" \/><\/a><\/p>\n<p>&nbsp;<\/p>\n<p>&nbsp;<\/p>\n<p>&nbsp;<\/p>\n","protected":false},"excerpt":{"rendered":"<p>Proti covidu o\u010dkovan\u00fd pilot latinskoamerick\u00e9 leteck\u00e9 spole\u010dnosti LATAM n\u00e1hle zem\u0159el minul\u00fd t\u00fdden uprost\u0159ed letu, kdy\u017e&#8230;<\/p>\n","protected":false},"author":2,"featured_media":34561,"comment_status":"closed","ping_status":"closed","sticky":false,"template":"","format":"standard","meta":[],"categories":[7],"tags":[23,447,213,1314,523],"_links":{"self":[{"href":"https:\/\/www.infokuryr.cz\/n\/wp-json\/wp\/v2\/posts\/34560"}],"collection":[{"href":"https:\/\/www.infokuryr.cz\/n\/wp-json\/wp\/v2\/posts"}],"about":[{"href":"https:\/\/www.infokuryr.cz\/n\/wp-json\/wp\/v2\/types\/post"}],"author":[{"embeddable":true,"href":"https:\/\/www.infokuryr.cz\/n\/wp-json\/wp\/v2\/users\/2"}],"replies":[{"embeddable":true,"href":"https:\/\/www.infokuryr.cz\/n\/wp-json\/wp\/v2\/comments?post=34560"}],"version-history":[{"count":1,"href":"https:\/\/www.infokuryr.cz\/n\/wp-json\/wp\/v2\/posts\/34560\/revisions"}],"predecessor-version":[{"id":34562,"href":"https:\/\/www.infokuryr.cz\/n\/wp-json\/wp\/v2\/posts\/34560\/revisions\/34562"}],"wp:featuredmedia":[{"embeddable":true,"href":"https:\/\/www.infokuryr.cz\/n\/wp-json\/wp\/v2\/media\/34561"}],"wp:attachment":[{"href":"https:\/\/www.infokuryr.cz\/n\/wp-json\/wp\/v2\/media?parent=34560"}],"wp:term":[{"taxonomy":"category","embeddable":true,"href":"https:\/\/www.infokuryr.cz\/n\/wp-json\/wp\/v2\/categories?post=34560"},{"taxonomy":"post_tag","embeddable":true,"href":"https:\/\/www.infokuryr.cz\/n\/wp-json\/wp\/v2\/tags?post=34560"}],"curies":[{"name":"wp","href":"https:\/\/api.w.org\/{rel}","templated":true}]}}