{"id":34557,"date":"2023-08-23T01:16:57","date_gmt":"2023-08-22T23:16:57","guid":{"rendered":"http:\/\/www.infokuryr.cz\/n\/?p=34557"},"modified":"2023-08-22T20:31:14","modified_gmt":"2023-08-22T18:31:14","slug":"putin-de-dolarizace-je-nevratna","status":"publish","type":"post","link":"https:\/\/www.infokuryr.cz\/n\/2023\/08\/23\/putin-de-dolarizace-je-nevratna\/","title":{"rendered":"Putin: De-dolarizace je nevratn\u00e1"},"content":{"rendered":"<div id=\"fb-root\"><\/div>\n<p><span style=\"font-size: 18pt;\"><strong>BRICS se stane ekonomicky siln\u011bj\u0161\u00ed ne\u017e G7, \u0159ekl rusk\u00fd prezident v projevu na summitu v Johannesburgu<\/strong><\/span><\/p>\n<p><span>Americk\u00fd dolar ztr\u00e1c\u00ed svou glob\u00e1ln\u00ed roli v \u201e\u00a0<\/span><em><span>objektivn\u00edm a nezvratn\u00e9m<\/span><\/em><span>\u00a0\u201c procesu, \u0159ekl rusk\u00fd prezident \u00fa\u010dastn\u00edk\u016fm \u00fatern\u00edho summitu BRICS v Ji\u017en\u00ed Africe.\u00a0Vladimir Putin hovo\u0159il prost\u0159ednictv\u00edm videolinku pot\u00e9, co se rozhodl ne\u00fa\u010dastnit ud\u00e1losti osobn\u011b.<\/span><\/p>\n<p><span>De-dolarizace \u201e\u00a0<\/span><em><span>nab\u00edr\u00e1 na s\u00edle<\/span><\/em><span>\u00a0\u201c, \u0159ekl a dodal, \u017ee \u010dlenov\u00e9 skupiny velk\u00fdch rozv\u00edjej\u00edc\u00edch se ekonomik se sna\u017e\u00ed sn\u00ed\u017eit svou z\u00e1vislost na dolarech ve vz\u00e1jemn\u00fdch transakc\u00edch.<\/span><\/p>\n<p><span>Rusk\u00fd v\u016fdce \u0159ekl, \u017ee p\u011bt zem\u00ed \u2013 Rusko, \u010c\u00edna, Indie, Braz\u00edlie a Ji\u017en\u00ed Afrika \u2013 se st\u00e1v\u00e1 nov\u00fdmi sv\u011btov\u00fdmi ekonomick\u00fdmi v\u016fdci a \u017ee jejich kumulativn\u00ed pod\u00edl na glob\u00e1ln\u00edm HDP dos\u00e1hl 26 %.<\/span><\/p>\n<p><span>Poznamenal, \u017ee pokud se m\u011b\u0159\u00ed paritou kupn\u00ed s\u00edly, BRICS ji\u017e p\u0159ekonal Skupinu sedmi p\u0159edn\u00edch pr\u016fmyslov\u00fdch zem\u00ed \u2013 p\u0159edstavuje 31 % celosv\u011btov\u00e9 ekonomiky ve srovn\u00e1n\u00ed s 30 % v p\u0159\u00edpad\u011b G7.<\/span><\/p>\n<p><span>Za posledn\u00edch 10 let se vz\u00e1jemn\u00e9 investice mezi \u010dlensk\u00fdmi st\u00e1ty BRICS zv\u00fd\u0161ily \u0161estkr\u00e1t.\u00a0Jejich celkov\u00e9 investice do sv\u011btov\u00e9 ekonomiky se zdvojn\u00e1sobily, zat\u00edmco kumulativn\u00ed v\u00fdvoz tvo\u0159\u00ed 20 % celosv\u011btov\u00e9ho sou\u010dtu, \u0159ekl Putin.<\/span><\/p>\n<p><span>Moskva se soust\u0159ed\u00ed na p\u0159eorientov\u00e1n\u00ed sv\u00fdch p\u0159epravn\u00edch a logistick\u00fdch tras sm\u011brem ke \u201e\u00a0<\/span><em><span>spolehliv\u00fdm zahrani\u010dn\u00edm partner\u016fm<\/span><\/em><span>\u00a0\u201c v\u010detn\u011b \u010dlen\u016f BRICS, aby zajistila nep\u0159etr\u017eit\u00e9 dod\u00e1vky energie a potravin na mezin\u00e1rodn\u00ed trh.<\/span><\/p>\n<p><img decoding=\"async\" loading=\"lazy\" class=\"wp-image-33819 aligncenter\" src=\"http:\/\/www.infokuryr.cz\/n\/wp-content\/uploads\/2023\/08\/ces1-300x157.jpg\" alt=\"\" width=\"1361\" height=\"712\" srcset=\"https:\/\/www.infokuryr.cz\/n\/wp-content\/uploads\/2023\/08\/ces1-300x157.jpg 300w, https:\/\/www.infokuryr.cz\/n\/wp-content\/uploads\/2023\/08\/ces1-1024x536.jpg 1024w, https:\/\/www.infokuryr.cz\/n\/wp-content\/uploads\/2023\/08\/ces1-768x402.jpg 768w, https:\/\/www.infokuryr.cz\/n\/wp-content\/uploads\/2023\/08\/ces1.jpg 1200w\" sizes=\"(max-width: 1361px) 100vw, 1361px\" \/><\/p>\n<p><span>Mezi hlavn\u00ed c\u00edle Ruska pat\u0159\u00ed rozvoj Severn\u00ed n\u00e1mo\u0159n\u00ed cesty a dopravn\u00edho koridoru \u201eSever-Jih\u201c, uvedl Putin.\u00a0Prvn\u00ed, proch\u00e1zej\u00edc\u00ed Severn\u00edm ledov\u00fdm oce\u00e1nem pod\u00e9l severn\u00edho pob\u0159e\u017e\u00ed Ruska, zajist\u00ed rychlej\u0161\u00ed dod\u00e1vky zbo\u017e\u00ed mezi Evropou a D\u00e1ln\u00fdm v\u00fdchodem.\u00a0Druh\u00e1 spoj\u00ed rusk\u00e9 severn\u00ed a pobaltsk\u00e9 p\u0159\u00edstavy s Persk\u00fdm z\u00e1livem a Indick\u00fdm oce\u00e1nem, co\u017e usnadn\u00ed pohyb n\u00e1kladu mezi euroasijsk\u00fdmi a africk\u00fdmi n\u00e1rody.<\/span><\/p>\n<p><span>&#8220;\u00a0<\/span><em><span>Neust\u00e1le zvy\u0161ujeme dod\u00e1vky paliv, potravin a hnojiv do st\u00e1t\u016f glob\u00e1ln\u00edho Jihu<\/span><\/em><span>\u00a0,&#8220; a aktivn\u011b p\u0159isp\u00edv\u00e1me ke glob\u00e1ln\u00ed potravinov\u00e9 a energetick\u00e9 bezpe\u010dnosti, \u0159ekl rusk\u00fd v\u016fdce.\u00a0Sou\u010dasnou mezin\u00e1rodn\u00ed potravinovou krizi obvinil z jednostrann\u00fdch sankc\u00ed Z\u00e1padu a ozna\u010dil je za \u201e\u00a0<\/span><em><span>protiz\u00e1konn\u00e9<\/span><\/em><span>\u00a0\u201c.<\/span><\/p>\n<p><span>\u201e\u00a0<\/span><em><span>Nez\u00e1konn\u00e9 sankce\u2026 v\u00e1\u017en\u011b zat\u011b\u017euj\u00ed mezin\u00e1rodn\u00ed ekonomickou situaci<\/span><\/em><span>\u00a0\u201c a \u201e\u00a0<\/span><em><span>nez\u00e1konn\u00e9 zmrazen\u00ed aktiv suver\u00e9nn\u00edch st\u00e1t\u016f<\/span><\/em><span>\u00a0\u201c p\u0159edstavuje poru\u0161en\u00ed pravidel voln\u00e9ho obchodu a hospod\u00e1\u0159sk\u00e9 spolupr\u00e1ce.\u00a0<\/span><\/p>\n<p><span>Deficit zdroj\u016f a rostouc\u00ed celosv\u011btov\u00e1 nerovnost jsou \u201e\u00a0<\/span><em><span>p\u0159\u00edm\u00fdm d\u016fsledkem<\/span><\/em><span>\u00a0\u201c takov\u00e9 politiky, tvrdil rusk\u00fd prezident.\u00a0Vyzdvihl raketov\u011b rostouc\u00ed ceny obil\u00ed a potravin jako nejnov\u011bj\u0161\u00ed projev tohoto procesu, kter\u00fd postihuje p\u0159edev\u0161\u00edm nejzraniteln\u011bj\u0161\u00ed n\u00e1rody.<\/span><\/p>\n<p><span>Moskvu na summitu v Johannesburgu, kter\u00fd se kon\u00e1 od 22. do 24. srpna, zastupuje rusk\u00fd ministr zahrani\u010d\u00ed Sergej Lavrov.\u00a0Putin se akce nez\u00fa\u010dastnil pot\u00e9, co Mezin\u00e1rodn\u00ed trestn\u00ed soud (ICC) vydal v b\u0159eznu zatyka\u010d na jeho zat\u010den\u00ed.\u00a0Soud zalo\u017eil p\u0159\u00edkaz na tvrzen\u00ed Ukrajiny, \u017ee rusk\u00e1 evakuace d\u011bt\u00ed z konfliktn\u00ed z\u00f3ny uprost\u0159ed nep\u0159\u00e1telsk\u00fdch akc\u00ed mezi dv\u011bma n\u00e1rody znamenala \u201e\u00a0<\/span><em><span>nez\u00e1konn\u00e9 p\u0159esuny obyvatelstva\u201c.\u00a0<\/span><\/em><span>\u201c<\/span><\/p>\n<p><span>Ji\u017en\u00ed Afrika je signat\u00e1\u0159em \u0158\u00edmsk\u00e9ho statutu ICC a USA a jejich spojenci na ni tla\u010dili, aby zadr\u017eela Putina, pokud by do zem\u011b odcestoval.\u00a0Moskva opakovan\u011b odm\u00edtla obvin\u011bn\u00ed ICC a zd\u016fraznila, \u017ee neuzn\u00e1v\u00e1 pravomoc soudu, a prohl\u00e1sila zatyka\u010d za pr\u00e1vn\u011b neplatn\u00fd.\u00a0<\/span><\/p>\n<p><span>P\u0159esto\u017ee jihoafrick\u00fd prezident Cyril Ramaphosa opakovan\u011b prohl\u00e1sil, \u017ee p\u0159\u00edkaz nespln\u00ed, a tvrdil, \u017ee by to znamenalo \u201e\u00a0<\/span><em><span>vyhl\u00e1\u0161en\u00ed v\u00e1lky<\/span><\/em><span>\u00a0\u201c, Moskva se nakonec rozhodla vyslat na summit BRICS ministra zahrani\u010d\u00ed Sergeje Lavrova, aby zastupoval Rusko.<\/span><\/p>\n<p><img decoding=\"async\" loading=\"lazy\" class=\"alignnone size-full wp-image-1185\" src=\"http:\/\/www.infokuryr.cz\/n\/wp-content\/uploads\/2021\/04\/kuryr-podpis.png\" alt=\"\" width=\"84\" height=\"24\" \/><\/p>\n<p>&nbsp;<\/p>\n<p><a href=\"https:\/\/stranapro.cz\/\"><img decoding=\"async\" loading=\"lazy\" class=\"wp-image-30218 aligncenter\" src=\"http:\/\/www.infokuryr.cz\/n\/wp-content\/uploads\/2023\/06\/PRO-banner-300x36.png\" alt=\"\" width=\"1375\" height=\"165\" srcset=\"https:\/\/www.infokuryr.cz\/n\/wp-content\/uploads\/2023\/06\/PRO-banner-300x36.png 300w, https:\/\/www.infokuryr.cz\/n\/wp-content\/uploads\/2023\/06\/PRO-banner-768x93.png 768w, https:\/\/www.infokuryr.cz\/n\/wp-content\/uploads\/2023\/06\/PRO-banner.png 849w\" sizes=\"(max-width: 1375px) 100vw, 1375px\" \/><\/a><\/p>\n<p>&nbsp;<\/p>\n<p>&nbsp;<\/p>\n<p>&nbsp;<\/p>\n","protected":false},"excerpt":{"rendered":"<p>BRICS se stane ekonomicky siln\u011bj\u0161\u00ed ne\u017e G7, \u0159ekl rusk\u00fd prezident v projevu na summitu v&#8230;<\/p>\n","protected":false},"author":2,"featured_media":34558,"comment_status":"closed","ping_status":"closed","sticky":false,"template":"","format":"standard","meta":[],"categories":[7],"tags":[1161,4740,323,710,102,623],"_links":{"self":[{"href":"https:\/\/www.infokuryr.cz\/n\/wp-json\/wp\/v2\/posts\/34557"}],"collection":[{"href":"https:\/\/www.infokuryr.cz\/n\/wp-json\/wp\/v2\/posts"}],"about":[{"href":"https:\/\/www.infokuryr.cz\/n\/wp-json\/wp\/v2\/types\/post"}],"author":[{"embeddable":true,"href":"https:\/\/www.infokuryr.cz\/n\/wp-json\/wp\/v2\/users\/2"}],"replies":[{"embeddable":true,"href":"https:\/\/www.infokuryr.cz\/n\/wp-json\/wp\/v2\/comments?post=34557"}],"version-history":[{"count":1,"href":"https:\/\/www.infokuryr.cz\/n\/wp-json\/wp\/v2\/posts\/34557\/revisions"}],"predecessor-version":[{"id":34559,"href":"https:\/\/www.infokuryr.cz\/n\/wp-json\/wp\/v2\/posts\/34557\/revisions\/34559"}],"wp:featuredmedia":[{"embeddable":true,"href":"https:\/\/www.infokuryr.cz\/n\/wp-json\/wp\/v2\/media\/34558"}],"wp:attachment":[{"href":"https:\/\/www.infokuryr.cz\/n\/wp-json\/wp\/v2\/media?parent=34557"}],"wp:term":[{"taxonomy":"category","embeddable":true,"href":"https:\/\/www.infokuryr.cz\/n\/wp-json\/wp\/v2\/categories?post=34557"},{"taxonomy":"post_tag","embeddable":true,"href":"https:\/\/www.infokuryr.cz\/n\/wp-json\/wp\/v2\/tags?post=34557"}],"curies":[{"name":"wp","href":"https:\/\/api.w.org\/{rel}","templated":true}]}}