{"id":34556,"date":"2023-08-23T01:15:18","date_gmt":"2023-08-22T23:15:18","guid":{"rendered":"http:\/\/www.infokuryr.cz\/n\/?p=34556"},"modified":"2023-08-22T20:27:14","modified_gmt":"2023-08-22T18:27:14","slug":"alzirsko-odmita-francouzskou-zadost-o-vyuziti-vzdusneho-prostoru-pro-operaci-v-nigeru","status":"publish","type":"post","link":"https:\/\/www.infokuryr.cz\/n\/2023\/08\/23\/alzirsko-odmita-francouzskou-zadost-o-vyuziti-vzdusneho-prostoru-pro-operaci-v-nigeru\/","title":{"rendered":"Al\u017e\u00edrsko odm\u00edt\u00e1 francouzskou \u017e\u00e1dost o vyu\u017eit\u00ed vzdu\u0161n\u00e9ho prostoru pro operaci v Nigeru"},"content":{"rendered":"<div id=\"fb-root\"><\/div>\n<p><span style=\"font-size: 18pt;\"><strong>Pa\u0159\u00ed\u017e v\u0161ak tvrd\u00ed, \u017ee \u017e\u00e1dn\u00fd takov\u00fd po\u017eadavek na \u00fa\u0159ady v Al\u017e\u00edru nevznesla<\/strong><\/span><\/p>\n<p><span>Al\u017e\u00edrsko odm\u00edtlo \u017e\u00e1dost Francie o p\u0159elet nad sv\u00fdm vzdu\u0161n\u00fdm prostorem pro vojenskou operaci v Nigeru, kde byl koncem \u010dervence p\u0159i vojensk\u00e9m p\u0159evratu svr\u017een prezident Mohamed Bazoum, nazna\u010duj\u00ed v \u00fater\u00fd zpr\u00e1vy n\u011bkolika m\u00e9di\u00ed s odkazem na st\u00e1tn\u00ed rozhlas severoafrick\u00e9ho st\u00e1tu.<\/span><\/p>\n<p><span>Al\u017e\u00edrsk\u00fd n\u00e1rodn\u00ed rozhlas \u00fadajn\u011b v pond\u011bl\u00ed ozn\u00e1mil, \u017ee se od zdroj\u016f dozv\u011bd\u011bl, \u017ee Pa\u0159\u00ed\u017e pl\u00e1nuje \u00fader proti nov\u00fdm vojensk\u00fdm vl\u00e1dc\u016fm Niamey, pokud nepropust\u00ed Bazouma, kter\u00fd je zadr\u017eov\u00e1n od 26. \u010dervence. \u201eTv\u00e1\u0159\u00ed v tv\u00e1\u0159 al\u017e\u00edrsk\u00e9mu odm\u00edtnut\u00ed Francie<\/span><\/p>\n<p><em><span>obr\u00e1tila do Maroka s \u017e\u00e1dost\u00ed o povolen\u00ed prolet\u011bt jeho vojensk\u00e1 letadla jeho vzdu\u0161n\u00fdm prostorem<\/span><\/em><span>\u00a0,\u201c uvedl st\u00e1tn\u00ed rozhlas podle agentury Nova.<\/span><\/p>\n<p><span>Francie, kter\u00e1 m\u00e1 ve sv\u00e9 b\u00fdval\u00e9 kolonii Niger asi 1500 voj\u00e1k\u016f a prov\u00e1d\u00ed operace v oblasti Sahelu proti d\u017eih\u00e1distick\u00fdm povst\u00e1n\u00edm, veden\u00ed p\u0159evratu obvinilo ze spiknut\u00ed za \u00fa\u010delem vojensk\u00e9 intervence s c\u00edlem obnovit vl\u00e1du svr\u017een\u00e9ho prezidenta.<\/span><\/p>\n<p><span>Francouzsk\u00e9 ministerstvo zahrani\u010d\u00ed pop\u0159elo jak\u00fdkoli z\u00e1m\u011br ozbrojen\u00e9ho z\u00e1sahu v t\u00e9to z\u00e1padoafrick\u00e9 zemi, ale opakovan\u011b prohl\u00e1silo, \u017ee podporuje \u00fasil\u00ed z\u00e1padoafrick\u00e9ho region\u00e1ln\u00edho bloku ECOWAS, kter\u00fd pohrozil pou\u017eit\u00edm s\u00edly ke zvr\u00e1cen\u00ed p\u0159evratu.<\/span><\/p>\n<p><span>&#8220;\u00a0<\/span><em><span>\u0160t\u00e1b spole\u010dn\u00e9 obrany Francie pop\u00edr\u00e1, \u017ee by po\u017e\u00e1dal o p\u0159elet nad al\u017e\u00edrsk\u00fdm \u00fazem\u00edm<\/span><\/em><span>\u00a0,&#8220; \u0159ekl agentu\u0159e Reuters zdroj z francouzsk\u00e9 arm\u00e1dy.<\/span><\/p>\n<p><span>ECOWAS v p\u00e1tek uvedl, \u017ee rozhodl o datu vysl\u00e1n\u00ed voj\u00e1k\u016f do Nigeru, pokud se diplomatick\u00e9 \u00fasil\u00ed o obnovu Bazoumu uk\u00e1\u017ee jako ne\u00fasp\u011b\u0161n\u00e9.<\/span><\/p>\n<p><span>Benin, Pob\u0159e\u017e\u00ed slonoviny a Nig\u00e9rie vyj\u00e1d\u0159ily ochotu p\u0159isp\u011bt voj\u00e1ky k misi bloku obnovit demokratick\u00fd po\u0159\u00e1dek v Nigeru.<\/span><\/p>\n<p><span>Za\u010d\u00e1tkem tohoto m\u011bs\u00edce vyj\u00e1d\u0159il al\u017e\u00edrsk\u00fd prezident Abdelmadjid Tebboune obavy z ozbrojen\u00e9 reakce na krizi v Niamey, kter\u00e1, jak se ob\u00e1v\u00e1, \u201e\u00a0<\/span><em><span>by mohla za\u017eehnout cel\u00fd region Sahel.\u00a0<\/span><\/em><span>Dodal, \u017ee Al\u017e\u00edrsko nepou\u017eije proti sv\u00fdm soused\u016fm s\u00edlu.<\/span><\/p>\n<p><span>Ministerstvo zahrani\u010dn\u00edch v\u011bc\u00ed Al\u017e\u00edrska ve sv\u00e9m sobotn\u00edm prohl\u00e1\u0161en\u00ed trv\u00e1 na m\u00edrov\u00e9m obnoven\u00ed demokratick\u00e9ho po\u0159\u00e1dku a postavilo se proti mo\u017en\u00e9mu pou\u017eit\u00ed \u201e\u00a0<\/span><em><span>pohotovostn\u00edch sil<\/span><\/em><span>\u00a0\u201c ECOWAS proti vojensk\u00fdm v\u016fdc\u016fm v Nigeru s t\u00edm, \u017ee vojensk\u00e9 intervence \u201e\u00a0<\/span><em><span>p\u0159inesly v\u00edce probl\u00e9m\u016f ne\u017e \u0159e\u0161en\u00ed<\/span><\/em><span>\u00a0. \u201c<\/span><\/p>\n<p><span>Mezit\u00edm Africk\u00e1 unie (AU) v \u00fater\u00fd varovala p\u0159ed jak\u00fdmikoli vn\u011bj\u0161\u00edmi z\u00e1sahy v Nigeru pot\u00e9, co pozastavila \u010dlenstv\u00ed zem\u011b jako trest za p\u0159evrat.<\/span><\/p>\n<p><img decoding=\"async\" loading=\"lazy\" class=\"alignnone size-full wp-image-1185\" src=\"http:\/\/www.infokuryr.cz\/n\/wp-content\/uploads\/2021\/04\/kuryr-podpis.png\" alt=\"\" width=\"84\" height=\"24\" \/><\/p>\n<p>&nbsp;<\/p>\n<p><img decoding=\"async\" loading=\"lazy\" class=\"wp-image-33819 aligncenter\" src=\"http:\/\/www.infokuryr.cz\/n\/wp-content\/uploads\/2023\/08\/ces1-300x157.jpg\" alt=\"\" width=\"1368\" height=\"716\" srcset=\"https:\/\/www.infokuryr.cz\/n\/wp-content\/uploads\/2023\/08\/ces1-300x157.jpg 300w, https:\/\/www.infokuryr.cz\/n\/wp-content\/uploads\/2023\/08\/ces1-1024x536.jpg 1024w, https:\/\/www.infokuryr.cz\/n\/wp-content\/uploads\/2023\/08\/ces1-768x402.jpg 768w, https:\/\/www.infokuryr.cz\/n\/wp-content\/uploads\/2023\/08\/ces1.jpg 1200w\" sizes=\"(max-width: 1368px) 100vw, 1368px\" \/><\/p>\n<p>&nbsp;<\/p>\n<p><a href=\"https:\/\/stranapro.cz\/\"><img decoding=\"async\" loading=\"lazy\" class=\"wp-image-30218 aligncenter\" src=\"http:\/\/www.infokuryr.cz\/n\/wp-content\/uploads\/2023\/06\/PRO-banner-300x36.png\" alt=\"\" width=\"1358\" height=\"163\" srcset=\"https:\/\/www.infokuryr.cz\/n\/wp-content\/uploads\/2023\/06\/PRO-banner-300x36.png 300w, https:\/\/www.infokuryr.cz\/n\/wp-content\/uploads\/2023\/06\/PRO-banner-768x93.png 768w, https:\/\/www.infokuryr.cz\/n\/wp-content\/uploads\/2023\/06\/PRO-banner.png 849w\" sizes=\"(max-width: 1358px) 100vw, 1358px\" \/><\/a><\/p>\n<p>&nbsp;<\/p>\n<p>&nbsp;<\/p>\n<p>&nbsp;<\/p>\n","protected":false},"excerpt":{"rendered":"<p>Pa\u0159\u00ed\u017e v\u0161ak tvrd\u00ed, \u017ee \u017e\u00e1dn\u00fd takov\u00fd po\u017eadavek na \u00fa\u0159ady v Al\u017e\u00edru nevznesla Al\u017e\u00edrsko odm\u00edtlo \u017e\u00e1dost&#8230;<\/p>\n","protected":false},"author":2,"featured_media":28189,"comment_status":"closed","ping_status":"closed","sticky":false,"template":"","format":"standard","meta":[],"categories":[7],"tags":[1092,130,1973,720],"_links":{"self":[{"href":"https:\/\/www.infokuryr.cz\/n\/wp-json\/wp\/v2\/posts\/34556"}],"collection":[{"href":"https:\/\/www.infokuryr.cz\/n\/wp-json\/wp\/v2\/posts"}],"about":[{"href":"https:\/\/www.infokuryr.cz\/n\/wp-json\/wp\/v2\/types\/post"}],"author":[{"embeddable":true,"href":"https:\/\/www.infokuryr.cz\/n\/wp-json\/wp\/v2\/users\/2"}],"replies":[{"embeddable":true,"href":"https:\/\/www.infokuryr.cz\/n\/wp-json\/wp\/v2\/comments?post=34556"}],"version-history":[{"count":0,"href":"https:\/\/www.infokuryr.cz\/n\/wp-json\/wp\/v2\/posts\/34556\/revisions"}],"wp:featuredmedia":[{"embeddable":true,"href":"https:\/\/www.infokuryr.cz\/n\/wp-json\/wp\/v2\/media\/28189"}],"wp:attachment":[{"href":"https:\/\/www.infokuryr.cz\/n\/wp-json\/wp\/v2\/media?parent=34556"}],"wp:term":[{"taxonomy":"category","embeddable":true,"href":"https:\/\/www.infokuryr.cz\/n\/wp-json\/wp\/v2\/categories?post=34556"},{"taxonomy":"post_tag","embeddable":true,"href":"https:\/\/www.infokuryr.cz\/n\/wp-json\/wp\/v2\/tags?post=34556"}],"curies":[{"name":"wp","href":"https:\/\/api.w.org\/{rel}","templated":true}]}}