{"id":34530,"date":"2023-08-23T01:02:19","date_gmt":"2023-08-22T23:02:19","guid":{"rendered":"http:\/\/www.infokuryr.cz\/n\/?p=34530"},"modified":"2023-08-22T08:22:13","modified_gmt":"2023-08-22T06:22:13","slug":"nikdy-nezapomenu-behem-covidu-ukazala-levice-sve-prave-autoritarske-barvy","status":"publish","type":"post","link":"https:\/\/www.infokuryr.cz\/n\/2023\/08\/23\/nikdy-nezapomenu-behem-covidu-ukazala-levice-sve-prave-autoritarske-barvy\/","title":{"rendered":"Nikdy nezapomenu: B\u011bhem Covidu uk\u00e1zala levice sv\u00e9 prav\u00e9 autorit\u00e1\u0159sk\u00e9 barvy"},"content":{"rendered":"<div id=\"fb-root\"><\/div>\n<div class=\"elementor-element elementor-element-1fb4c2c elementor-widget elementor-widget-theme-post-content\" data-id=\"1fb4c2c\" data-element_type=\"widget\" data-widget_type=\"theme-post-content.default\">\n<div class=\"elementor-widget-container\">\n<p><span>Kdy\u017e si vzpomenu na po\u010d\u00e1tky pandemie Covid, m\u00e1m podez\u0159en\u00ed, \u017ee v\u011bt\u0161ina lid\u00ed, dokonce i mnoz\u00ed konzervativci a p\u0159\u00edznivci hnut\u00ed za svobodu, m\u011bli zdrav\u00e9 obavy z dopadu viru a potenci\u00e1lu pro struktur\u00e1ln\u00ed ot\u0159esy, pokud by se uk\u00e1zalo, \u017ee je tak smrt\u00edc\u00ed, by se m\u011blo uk\u00e1zat. , jak p\u016fvodn\u011b tvrdila Sv\u011btov\u00e1 zdravotnick\u00e1 organizace.\u00a0Pokud by Covid m\u011bl smrtelnou m\u00edru infekce 3 % nebo v\u00edce, jak varovala Sv\u011btov\u00e1 zdravotnick\u00e1 organizace, \u0161kody by byly dostate\u010dn\u00e9 na to, aby zm\u011bnily n\u00e1\u0161 sv\u011bt na dal\u0161\u00ed roky.<\/span><\/p>\n<p><span>Ka\u017ed\u00fd, kdo se alespo\u0148 \u010d\u00e1ste\u010dn\u011b nezaj\u00edmal o biologickou katastrofu (nebo biologickou v\u00e1lku), byl pravd\u011bpodobn\u011b idiot.\u00a0Ti, kte\u0159\u00ed byli moud\u0159\u00ed, byli p\u0159ipraveni.\u00a0Po n\u011bkolika m\u011bs\u00edc\u00edch \u0161\u00ed\u0159en\u00ed viru a po prvn\u00ed z\u00e1plav\u011b v\u011bdeck\u00fdch dat se v\u0161ak n\u011bkter\u00e1 fakta vyjasnila:<\/span><\/p>\n<ul>\n<li><span>1) Uzam\u010den\u00ed nepomohlo zastavit \u0161\u00ed\u0159en\u00ed, jen zni\u010dilo na\u0161i ekonomiku.<\/span><\/li>\n<li><span>2) Masky byly k ni\u010demu a nezabr\u00e1nily p\u0159enosu viru.<\/span><\/li>\n<li><span>3) Covid IFR byl nepatrn\u00fdch 0,23 %, a to ani nepo\u010d\u00edt\u00e1m \u00famrt\u00ed na komorbidity, kter\u00e9 byly myln\u011b ozna\u010deny jako \u00famrt\u00ed na Covid.<\/span><\/li>\n<li><span>4) Vakc\u00edny nezabr\u00e1nily p\u0159enosu u milion\u016f lid\u00ed.\u00a0V mnoha p\u0159\u00edpadech nedok\u00e1zali zabr\u00e1nit infekci a des\u00edtky o\u010dkovan\u00fdch lid\u00ed na virus zem\u0159ely.\u00a0A nejen to, neo\u010dkovan\u00ed lid\u00e9 s p\u0159irozenou imunitou byli l\u00e9pe chr\u00e1n\u011bni ne\u017e ti, kte\u0159\u00ed dostali vakc\u00ednu a p\u0159eo\u010dkov\u00e1n\u00ed.<\/span><\/li>\n<li><span>5) Studie ukazuj\u00ed, \u017ee vakc\u00edny zp\u016fsobuj\u00ed nebezpe\u010dn\u00e9 vedlej\u0161\u00ed \u00fa\u010dinky mnohem \u010dast\u011bji, ne\u017e CDC p\u0159ipustilo.<\/span><\/li>\n<\/ul>\n<p><span>V\u0161echno, co n\u00e1m vl\u00e1dn\u00ed \u00fa\u0159edn\u00edci b\u011bhem pandemie \u0159ekli, byla le\u017e.\u00a0Nebyla to chyba, nebyl to byrokratick\u00fd nepo\u0159\u00e1dek, byla to le\u017e.\u00a0Dokonce i pot\u00e9, co se tato informace dostala na ve\u0159ejnost, pokra\u010dovali \u2013 zamykali lidi, dr\u017eeli je pod chirurgick\u00fdmi maskami a dokonce se pokou\u0161eli vynutit si aplikaci injekc\u00ed obyvatelstvu.\u00a0K panice se p\u0159idali i republik\u00e1n\u0161t\u00ed politici, mnoz\u00ed z nich neoconi (fale\u0161n\u00ed konzervativci).\u00a0V\u011bt\u0161ina \u010derven\u00fdch st\u00e1t\u016f v\u0161ak omezen\u00ed rychle zru\u0161ila pot\u00e9, co byla zve\u0159ejn\u011bna konfliktn\u00ed data.\u00a0Modr\u00e9 st\u00e1ty mezit\u00edm vypadaly sm\u011b\u0161n\u011b a paranoidn\u011b, kdy\u017e se zoufale dr\u017eely omezen\u00ed.<\/span><\/p>\n<p><span>V\u011b\u0159\u00edm, \u017ee jedin\u00fdm d\u016fvodem, pro\u010d Biden, demokrat\u00e9 a globalistick\u00e9 instituce nakonec skon\u010dili, nebylo to, \u017ee by si uv\u011bdomili, \u017ee jejich v\u011bda je \u0161patn\u00e1;\u00a0bylo to proto, \u017ee si uv\u011bdomili, \u017ee miliony konzervativc\u016f a nez\u00e1visl\u00fdch jsou p\u0159ipraveny zah\u00e1jit st\u0159eleckou v\u00e1lku o k\u0159esla, a v\u011bd\u011bli, \u017ee prohraj\u00ed.<\/span><\/p>\n<p><img decoding=\"async\" loading=\"lazy\" class=\"wp-image-33819 aligncenter\" src=\"http:\/\/www.infokuryr.cz\/n\/wp-content\/uploads\/2023\/08\/ces1-300x157.jpg\" alt=\"\" width=\"1366\" height=\"715\" srcset=\"https:\/\/www.infokuryr.cz\/n\/wp-content\/uploads\/2023\/08\/ces1-300x157.jpg 300w, https:\/\/www.infokuryr.cz\/n\/wp-content\/uploads\/2023\/08\/ces1-1024x536.jpg 1024w, https:\/\/www.infokuryr.cz\/n\/wp-content\/uploads\/2023\/08\/ces1-768x402.jpg 768w, https:\/\/www.infokuryr.cz\/n\/wp-content\/uploads\/2023\/08\/ces1.jpg 1200w\" sizes=\"(max-width: 1366px) 100vw, 1366px\" \/><\/p>\n<p><span>Dokonce i dnes, m\u011bs\u00edce pot\u00e9, co byl Biden nucen ukon\u010dit celost\u00e1tn\u00ed nouzov\u00fd stav pro Covid, st\u00e1le existuje mnoho lid\u00ed, kte\u0159\u00ed chod\u00ed v mask\u00e1ch, v\u017edy se izoluj\u00ed ve sv\u00fdch domovech a st\u011b\u017euj\u00ed si na soci\u00e1ln\u00edch s\u00edt\u00edch na ve\u0159ejnost, kter\u00e1 si v\u0161imla vypuknut\u00ed pandemie. Za sebou zanechali hysterii.\u00a0Odkud toto chov\u00e1n\u00ed poch\u00e1z\u00ed?\u00a0A pro\u010d tolik Ameri\u010dan\u016f (zejm\u00e9na levi\u010d\u00e1k\u016f) sko\u010dilo do autorit\u00e1\u0159sk\u00e9ho vlaku, pokud jde o uzam\u010den\u00ed a povinn\u00e9 o\u010dkov\u00e1n\u00ed?<\/span><\/p>\n<p><span>Chci zde prozkoumat psychologii takov\u00fdch lid\u00ed, proto\u017ee v\u011b\u0159\u00edm, \u017ee je p\u0159irozenou tendenc\u00ed dne\u0161n\u00ed ve\u0159ejnosti rychle p\u0159ekonat neklid z hrozn\u00fdch ud\u00e1lost\u00ed a ignorovat hlub\u0161\u00ed d\u016fsledky.\u00a0Nem\u016f\u017eeme to p\u0159ehl\u00e9dnout, proto\u017ee skute\u010dn\u00fd probl\u00e9m nebyl nikdy vy\u0159e\u0161en.\u00a0Tito stejn\u00ed levi\u010d\u00e1ci a globalist\u00e9 nebyli za sv\u00e9 chov\u00e1n\u00ed nikdy napom\u00edn\u00e1ni, nikdy nemuseli p\u0159iznat, \u017ee se m\u00fdlili, a pokud je nebudou br\u00e1n\u011bno, ZKOU\u0160\u00cd v budoucnu znovu stejn\u00e1 drakonick\u00e1 opat\u0159en\u00ed.<\/span><\/p>\n<p><span>Zde je to, co si mysl\u00edm, \u017ee se stalo b\u011bhem kultu Covid&#8230;<\/span><\/p>\n<p><span style=\"font-size: 18pt;\"><strong>Zbra\u0148 proti \u00fastav\u011b<\/strong><\/span><\/p>\n<p><span>Levice dnes rychle m\u011bn\u00ed t\u00e9ma nebo pop\u00edr\u00e1 sv\u00e9 autorit\u00e1\u0159sk\u00e9 aktivity b\u011bhem Covidu.\u00a0To d\u00e1v\u00e1 smysl, proto\u017ee p\u0159\u00ed\u0161t\u00ed volby pova\u017euj\u00ed za kl\u00ed\u010dov\u00e9 a cht\u011bj\u00ed, aby lid\u00e9 zapomn\u011bli, \u017ee jsme kv\u016fli jejich politice ztratili t\u00e9m\u011b\u0159 zbytek na\u0161ich \u00fastavn\u00edch pr\u00e1v.\u00a0Ale zde plat\u00ed tot\u00e9\u017e: nesm\u00edme dovolit, aby se na tyto v\u011bci zapomn\u011blo.\u00a0Zde je seznam nejhor\u0161\u00edch chyb levice a globalist\u016f b\u011bhem pandemie:<\/span><\/p>\n<ul>\n<li><span>Lhali o \u00fa\u010dinnosti blokov\u00e1n\u00ed.<\/span><\/li>\n<li><span>Lhali o \u00fa\u010dinnosti masek.<\/span><\/li>\n<li><span>Lhali o \u00fa\u010dinnosti vakc\u00edn.<\/span><\/li>\n<li><span>Lhali o tom, jak rozs\u00e1hl\u00e9 bylo testov\u00e1n\u00ed vakc\u00edn Covid.<\/span><\/li>\n<li><span>Lhali o \u201epandemii neo\u010dkovan\u00fdch\u201c.<\/span><\/li>\n<li><span>Prosadili uzam\u010den\u00ed MIMO m\u00edsta, kde je t\u00e9m\u011b\u0159 nemo\u017en\u00e9 nakazit se virem.<\/span><\/li>\n<li><span>Pokusili se uvalit obyvatelstvo do dom\u00e1c\u00edho v\u011bzen\u00ed.<\/span><\/li>\n<li><span>V n\u011bkter\u00fdch st\u00e1tech schv\u00e1lili z\u00e1kony o z\u0159\u00edzen\u00ed \u201et\u00e1bor\u016f Covid\u201c ve Spojen\u00fdch st\u00e1tech.<\/span><\/li>\n<li><span>V n\u011bkter\u00fdch zem\u00edch byly skute\u010dn\u011b z\u0159\u00edzeny \u201et\u00e1bory Covid\u201c, nejen pro cestovatele, ale pro v\u0161echny.<\/span><\/li>\n<li><span>Spojili se, aby potla\u010dili rozs\u00e1hl\u00e9 d\u016fkazy spojuj\u00edc\u00ed laborato\u0159 Wuhan v \u010c\u00edn\u011b s propuknut\u00edm nemoci.<\/span><\/li>\n<li><span>Oni (vl\u00e1da a velk\u00e1 tech) se spikli, aby pou\u017e\u00edvali soci\u00e1ln\u00ed m\u00e9dia jako n\u00e1stroj pro masovou cenzuru konfliktn\u00edch dat.<\/span><\/li>\n<li><span>Pou\u017eili algoritmy vyhled\u00e1va\u010d\u016f k potla\u010den\u00ed jak\u00fdchkoliv opa\u010dn\u00fdch informac\u00ed.<\/span><\/li>\n<\/ul>\n<p><span>Jak mnoz\u00ed na levici otev\u0159en\u011b p\u0159iznali, c\u00edlem bylo zt\u00ed\u017eit \u017eivot neo\u010dkovan\u00fdm natolik, \u017ee by se nakonec ohnuli, aby p\u0159e\u017eili.\u00a0To umo\u017enilo establishmentu a ponechan\u00fdm elit\u00e1m tvrdit, \u017ee lid\u00e9 se \u201edobrovoln\u011b\u201c rozhodli nechat se o\u010dkovat a \u017ee k tomu nebyl nikdo nucen.\u00a0Ve skute\u010dnosti t\u00edm mysleli, \u017ee nikdo nebyl nucen se zbran\u00ed v ruce, ale v\u0161ichni jsme v\u011bd\u011bli, \u017ee n\u00e1sleduje hrozba.\u00a0Pr\u016fzkumy ve skute\u010dnosti uk\u00e1zaly, \u017ee velk\u00e9 procento demokrat\u016f bylo ochotno \u00fapln\u011b zru\u0161it Listinu pr\u00e1v a vyhl\u00e1sit v\u00e1lku neo\u010dkovan\u00fdm&#8230;<\/span><\/p>\n<div class=\"wp-block-image\">\n<figure class=\"aligncenter size-large\"><img decoding=\"async\" class=\"jetpack-lazy-image jetpack-lazy-image--handled aligncenter\" src=\"https:\/\/i0.wp.com\/alt-market.us\/wp-content\/uploads\/2023\/08\/DemCovid1.jpg?w=800&amp;ssl=1\" alt=\"\" data-recalc-dims=\"1\" data-lazy-loaded=\"1\" \/><\/figure>\n<\/div>\n<p><span>A kone\u010dn\u011b, drtiv\u00e1 v\u011bt\u0161ina t\u011bch na levici podpo\u0159ila Biden\u016fv v\u00fdkonn\u00fd p\u0159\u00edkaz o imuniza\u010dn\u00edch z\u00e1znamech pro pracovn\u00edky ve spole\u010dnostech se 100 nebo v\u00edce zam\u011bstnanci, co\u017e by nakonec vedlo k z\u00e1znam\u016fm o imunizaci pro ka\u017ed\u00e9ho.\u00a0To by zni\u010dilo \u00fastavu, jak ji zn\u00e1me, a vytvo\u0159ilo spole\u010dnost, ve kter\u00e9 je ekonomick\u00e1 participace pln\u011b pod kontrolou vl\u00e1dy.\u00a0To v\u0161e by bylo ospravedlniteln\u00e9 kv\u016fli viru s pr\u016fm\u011brnou \u00famrtnost\u00ed pouh\u00fdch 0,23 %.<\/span><\/p>\n<p><span>Vzhledem k tomu, \u017ee politick\u00e1 levice vid\u00ed Listinu pr\u00e1v jako p\u0159ek\u00e1\u017eku pro v\u011bt\u0161inu sv\u00fdch politick\u00fdch c\u00edl\u016f, tvrd\u00edm, \u017ee pandemii vid\u011bla jednodu\u0161e jako prost\u0159edek k odstran\u011bn\u00ed \u00fastavn\u00ed ochrany, kterou v\u017edy cht\u011bla odstranit.<\/span><\/p>\n<p><span style=\"font-size: 18pt;\"><strong>Du\u0161evn\u011b nemocn\u00ed ovl\u00e1dli zemi<\/strong><\/span><\/p>\n<p><span>Odhaduje se, \u017ee p\u0159ibli\u017en\u011b 23 % populace USA trp\u00ed alespo\u0148 jednou du\u0161evn\u00ed chorobou.\u00a0V pr\u016fm\u011bru asi 3 % populace trp\u00ed psychotick\u00fdmi epizodami a 1 % populace je pln\u011b psychopatick\u00fdch (neschopn\u00fdch empatie a u\u017e\u00edv\u00e1n\u00ed si utrpen\u00ed druh\u00fdch).\u00a0Amerika je nemocn\u00fd n\u00e1rod pln\u00fd du\u0161evn\u011b nemocn\u00fdch lid\u00ed a v sou\u010dasn\u00e9 dob\u011b neexistuje zp\u016fsob, jak tento probl\u00e9m vy\u0159e\u0161it.<\/span><\/p>\n<p><span>M\u00edsto toho jsou du\u0161evn\u011b nemocn\u00ed zadr\u017eov\u00e1ni, zbo\u017e\u0148ov\u00e1ni a podporov\u00e1ni levicov\u00fdmi metodami, zat\u00edmco n\u00e1siln\u00ed zlo\u010dinci jsou opakovan\u011b vypou\u0161t\u011bni do ulic.\u00a0Pod\u00edvejte se na velk\u00e1 m\u011bsta na z\u00e1padn\u00edm pob\u0159e\u017e\u00ed USA, kter\u00e1 uplat\u0148uj\u00ed progresivn\u00ed politiku, a uvid\u00edte znepokojiv\u00fd \u00fapadek.\u00a0Ale co to m\u00e1 spole\u010dn\u00e9ho s l\u00e9ka\u0159skou tyrani\u00ed pod Covidem?<\/span><\/p>\n<p><span>Politick\u00e1 levice pou\u017e\u00edv\u00e1 du\u0161evn\u011b nemocn\u00e9 jako obu\u0161ek, snadno manipulovateln\u00fd n\u00e1stroj k vytvo\u0159en\u00ed chaosu.\u00a0Establishment a m\u00e9dia rozdm\u00fdch\u00e1valy plameny paranoie.\u00a0Pot\u0159ebovali \u0161\u00edlen\u00fd dav jako zbra\u0148 k vyd\u011b\u0161en\u00ed zbytku zem\u011b.\u00a0Pot\u0159ebovali malou hodnou Stasi, kter\u00e1 byla st\u00e1le ve st\u0159ehu, v\u017edy opravovala, v\u017edy k\u0159i\u010dela na ty, kte\u0159\u00ed nem\u011bli masku, v\u017edy \u00fato\u010dila na ty, kte\u0159\u00ed se necht\u011bli nechat o\u010dkovat, v\u017edy se posm\u00edvala t\u011bm, kte\u0159\u00ed chrlili v\u011bdeck\u00e9 nesrovnalosti.<\/span><\/p>\n<p><span>Na opl\u00e1tku to za\u0159\u00edzen\u00ed zp\u016fsobilo, \u017ee se du\u0161evn\u011b nemocn\u00ed c\u00edtili norm\u00e1ln\u011b.\u00a0Na prchav\u00fd okam\u017eik byli nejlabiln\u011bj\u0161\u00ed a nejnarcisti\u010dt\u011bj\u0161\u00ed lid\u00e9 na t\u00e9to planet\u011b nuceni c\u00edtit se, jako by byli na spr\u00e1vn\u00e9 stran\u011b historie a racionality.\u00a0Byla to parazitn\u00ed zp\u011btn\u00e1 vazba, kter\u00e1 t\u00e9m\u011b\u0159 zni\u010dila to, co z Ameriky zbylo.<\/span><\/p>\n<p><span style=\"font-size: 18pt;\"><strong>Drobn\u00ed tyrani \u017eebraj\u00edc\u00ed o zbytky ze stolu globalist\u016f<\/strong><\/span><\/p>\n<p><span>Obecn\u011b jsou na sv\u011bt\u011b dva typy lid\u00ed \u2013 ti, kte\u0159\u00ed cht\u011bj\u00ed moc nad ostatn\u00edmi, a ti, kte\u0159\u00ed cht\u011bj\u00ed jen z\u016fstat sami.\u00a0Progresivn\u00ed ideologie se zd\u00e1 b\u00fdt \u00farodnou p\u016fdou pro \u201emal\u00e9 tyrany\u201c: lidi, kte\u0159\u00ed nemaj\u00ed \u017e\u00e1dnou individu\u00e1ln\u00ed moc, mohou dos\u00e1hnout mal\u00e9ho nebo vyvinout jak\u00fdkoli v\u00fdznamn\u00fd vliv, ale p\u0159esto jsou posedl\u00ed my\u0161lenkou miniaturizace sv\u011bta kolem sebe regulovat.\u00a0Tito lid\u00e9 vid\u00ed krize a p\u0159\u00edli\u0161nou vl\u00e1dn\u00ed regulaci sp\u00ed\u0161e jako p\u0159\u00edle\u017eitost ne\u017e jako hrozbu.<\/span><\/p>\n<p><span>Existuj\u00ed tak\u00e9 lid\u00e9, kter\u00fdm jejich \u017eivot p\u0159ipad\u00e1 tak nezaj\u00edmav\u00fd a nevzru\u0161uj\u00edc\u00ed, \u017ee maj\u00ed tendenci sledovat katastrofy a konflikty.\u00a0Propuknut\u00ed moru skotu a uzam\u010den\u00ed pro n\u011b byly okam\u017eikem, kter\u00fd dal jejich \u017eivotu \u201esmysl\u201c.\u00a0Ano, je to smutn\u00e9 a uboh\u00e9, ale stejn\u011b tak se mnoho lid\u00ed tam venku sna\u017e\u00ed vyrovnat se svou temnotou a nedostatkem p\u0159\u00edjm\u016f.<\/span><\/p>\n<p><span>Tito oportunist\u00e9 necht\u011bli, aby pandemie skon\u010dila.\u00a0Cht\u011bli, aby to pokra\u010dovalo nav\u017edy, proto\u017ee pak by se mohli \u017eivit mocensk\u00fdm posunem establishmentu.\u00a0Mohli sesb\u00edrat zbytky ze stolu globalist\u016f a hodovat jako mr\u0161ina na mrtvole na\u0161\u00ed republiky.\u00a0Motiv?\u00a0Sobeck\u00e1 je\u0161itnost, to je v\u0161e.<\/span><\/p>\n<p><span>To v\u0161e se m\u016f\u017ee opakovat.\u00a0Velc\u00ed i mal\u00ed tyrani jsou st\u00e1le tam venku a \u010dekaj\u00ed na dal\u0161\u00ed krizi, dal\u0161\u00ed panickou ud\u00e1lost, kter\u00e1 probud\u00ed ve\u0159ejnost.\u00a0Dal\u0161\u00ed virov\u00e1 ud\u00e1lost je nepravd\u011bpodobn\u00e1, ale zd\u00e1 se, \u017ee jsou p\u0159ipraveni pou\u017e\u00edt zm\u011bnu klimatu, v\u00e1lku a ekonomick\u00e9 ot\u0159esy jako dal\u0161\u00ed velk\u00e9 resetovac\u00ed tla\u010d\u00edtko.\u00a0Zp\u016fsob, jak\u00fdm liber\u00e1ln\u00ed lid\u00e9 interaguj\u00ed s autorit\u00e1\u0159skou levic\u00ed, se nakonec bude muset dramaticky zm\u011bnit.\u00a0Je jasn\u00e9, \u017ee nem\u016f\u017eeme sd\u00edlet stejnou zemi nebo civilizaci.\u00a0Na\u0161e hodnoty si z\u00e1sadn\u011b odporuj\u00ed.\u00a0Je jen ot\u00e1zkou \u010dasu, kdy jiskra spust\u00ed ohnivou bou\u0159i.<\/span><\/p>\n<p><em><span>Brandon Smith<\/span><\/em><\/p>\n<\/div>\n<\/div>\n<div class=\"elementor-element elementor-element-8c57238 quelle dc-has-condition dc-condition-empty elementor-widget elementor-widget-heading\" data-id=\"8c57238\" data-element_type=\"widget\" data-widget_type=\"heading.default\">\n<div class=\"elementor-widget-container\">\n<h3 class=\"elementor-heading-title elementor-size-default\"><span style=\"font-size: 8pt;\"><a href=\"https:\/\/alt-market.us\/never-forget-leftists-showed-their-true-authoritarian-colors-during-covid\/\" target=\"_blank\" rel=\"nofollow noopener\">ZDROJ<\/a><\/span><\/h3>\n<\/div>\n<\/div>\n<p>&nbsp;<\/p>\n<p><a href=\"https:\/\/stranapro.cz\/\"><img decoding=\"async\" loading=\"lazy\" class=\"wp-image-30218 aligncenter\" src=\"http:\/\/www.infokuryr.cz\/n\/wp-content\/uploads\/2023\/06\/PRO-banner-300x36.png\" alt=\"\" width=\"1375\" height=\"165\" srcset=\"https:\/\/www.infokuryr.cz\/n\/wp-content\/uploads\/2023\/06\/PRO-banner-300x36.png 300w, https:\/\/www.infokuryr.cz\/n\/wp-content\/uploads\/2023\/06\/PRO-banner-768x93.png 768w, https:\/\/www.infokuryr.cz\/n\/wp-content\/uploads\/2023\/06\/PRO-banner.png 849w\" sizes=\"(max-width: 1375px) 100vw, 1375px\" \/><\/a><\/p>\n<p>&nbsp;<\/p>\n<p>&nbsp;<\/p>\n<p>&nbsp;<\/p>\n","protected":false},"excerpt":{"rendered":"<p>Kdy\u017e si vzpomenu na po\u010d\u00e1tky pandemie Covid, m\u00e1m podez\u0159en\u00ed, \u017ee v\u011bt\u0161ina lid\u00ed, dokonce i mnoz\u00ed&#8230;<\/p>\n","protected":false},"author":2,"featured_media":34531,"comment_status":"closed","ping_status":"closed","sticky":false,"template":"","format":"standard","meta":[],"categories":[7],"tags":[23,5715,1312,1760,37],"_links":{"self":[{"href":"https:\/\/www.infokuryr.cz\/n\/wp-json\/wp\/v2\/posts\/34530"}],"collection":[{"href":"https:\/\/www.infokuryr.cz\/n\/wp-json\/wp\/v2\/posts"}],"about":[{"href":"https:\/\/www.infokuryr.cz\/n\/wp-json\/wp\/v2\/types\/post"}],"author":[{"embeddable":true,"href":"https:\/\/www.infokuryr.cz\/n\/wp-json\/wp\/v2\/users\/2"}],"replies":[{"embeddable":true,"href":"https:\/\/www.infokuryr.cz\/n\/wp-json\/wp\/v2\/comments?post=34530"}],"version-history":[{"count":1,"href":"https:\/\/www.infokuryr.cz\/n\/wp-json\/wp\/v2\/posts\/34530\/revisions"}],"predecessor-version":[{"id":34532,"href":"https:\/\/www.infokuryr.cz\/n\/wp-json\/wp\/v2\/posts\/34530\/revisions\/34532"}],"wp:featuredmedia":[{"embeddable":true,"href":"https:\/\/www.infokuryr.cz\/n\/wp-json\/wp\/v2\/media\/34531"}],"wp:attachment":[{"href":"https:\/\/www.infokuryr.cz\/n\/wp-json\/wp\/v2\/media?parent=34530"}],"wp:term":[{"taxonomy":"category","embeddable":true,"href":"https:\/\/www.infokuryr.cz\/n\/wp-json\/wp\/v2\/categories?post=34530"},{"taxonomy":"post_tag","embeddable":true,"href":"https:\/\/www.infokuryr.cz\/n\/wp-json\/wp\/v2\/tags?post=34530"}],"curies":[{"name":"wp","href":"https:\/\/api.w.org\/{rel}","templated":true}]}}