{"id":3451,"date":"2021-07-20T03:48:03","date_gmt":"2021-07-20T01:48:03","guid":{"rendered":"http:\/\/www.infokuryr.cz\/n\/?p=3451"},"modified":"2021-07-20T03:48:03","modified_gmt":"2021-07-20T01:48:03","slug":"karlova-cena","status":"publish","type":"post","link":"https:\/\/www.infokuryr.cz\/n\/2021\/07\/20\/karlova-cena\/","title":{"rendered":"Karlova cena"},"content":{"rendered":"<div id=\"fb-root\"><\/div>\n<p><b>Kdy\u017e jsem se doslechla, \u017ee kolaboranti a zr\u00e1dci od n\u00e1s dost\u00e1vaj\u00ed v N\u011bmecku od tzv. Sudetsk\u00fdch N\u011bmc\u016f za odm\u011bnu sv\u00e9 proti\u010desk\u00e9 \u010dinnosti Karlovu cenu, domn\u00edvala jsem se, \u017ee jde o cenu za\u0161t\u00edt\u011bnou jm\u00e9nem Karla Velik\u00e9ho, mocn\u00e9ho fransk\u00e9ho panovn\u00edka, kter\u00fd vedl ustavi\u010dn\u00e9 v\u00e1lky, uzurpoval a podma\u0148oval si velikou \u010d\u00e1st Evropy. St\u0159edov\u011bk\u00fd \u0159\u00edmsko -n\u011bmeck\u00fd c\u00edsa\u0159 ohn\u011bm a me\u010dem \u0161\u00ed\u0159il svou moc a vliv \u0159\u00edmskokatolick\u00e9 c\u00edrkve. Bojov\u00e9 expanze jeho vojsk t\u011b\u017ece poni\u010dily nez\u00e1visl\u00fd zp\u016fsob \u017eivota napadan\u00fdch Slovan\u016f a pron\u00e1sledovaly i p\u0159edstavitele jejich k\u0159es\u0165ansk\u00fdch misi\u00ed, stoupence staroslovansk\u00e9 c\u00edrkve.<\/b><\/p>\n<p>Usoudila jsem, \u017ee i sou\u010dasn\u00ed kolaboranti s potomky n\u011bkdej\u0161\u00edch hitlerovsk\u00fdch rozb\u00edje\u010d\u016f \u010ceskoslovenska se mohou c\u00edtit polichoceni jako stoupenci jednoho z d\u00e1vn\u00fdch nelidsk\u00fdch agresor\u016f s programem \u201eDrang nach Osten\u201c. Ale nen\u00ed tomu tak.\u00a0<b>Byla jsem pou\u010dena, \u017ee kolaboranti dost\u00e1vaj\u00ed cenu nikoli na po\u010dest fransk\u00e9ho panovn\u00edka Karla I. &#8211; Velik\u00e9ho (742 \u2013 814), ale na po\u010dest \u010desk\u00e9ho panovn\u00edka Karla IV. (1316 \u2013 1378). A tak se s \u00fa\u017easem pt\u00e1m: Co spojuje nep\u0159\u00e1tele na\u0161\u00ed vlasti s kr\u00e1lem, kter\u00fd dostal \u010destn\u00fd titul \u201eOtec vlasti\u201c? Nic, naprosto nic.<\/p>\n<p>N\u00e1\u0161 Karel I. ( IV.) napsal sv\u016fj \u017eivotopis a my od n\u011bj v\u00edme, \u017ee se pokl\u00e1dal za \u010cecha. A miloval svou rodnou zem a \u010de\u0161tinu, sv\u016fj jazyk mate\u0159sk\u00fd. Kdy\u017e se po l\u00e9tech d\u011btstv\u00ed a dosp\u00edv\u00e1n\u00ed vr\u00e1til z ciziny, znal \u010dty\u0159i jazyky, ale \u010desky zapomn\u011bl. A tak se rychle dou\u010dil sv\u00e9 rodn\u00e9 \u0159e\u010di, kterou naz\u00fdval vzne\u0161enou a l\u00edbeznou.<\/p>\n<p>O jeho \u010desk\u00e9m a slovansk\u00e9m c\u00edt\u011bn\u00ed sv\u011bd\u010dilo i zalo\u017een\u00ed emauzsk\u00e9ho kl\u00e1\u0161tera (Na Slovanech).V n\u011bm jihoslovan\u0161t\u00ed mni\u0161i konali znovu bohoslu\u017eby d\u0159\u00edve potla\u010den\u00fdm jazykem staroslovansk\u00fdm. A j\u00edm tak\u00e9 psali knihy, tak jako v dob\u011b cyrilometod\u011bjsk\u00e9.<\/b><\/p>\n<p>Z prvn\u00edch znamenit\u00fdch \u010din\u016f Karlov\u00fdch bylo i zalo\u017een\u00ed vysok\u00e9ho u\u010den\u00ed (university) v Praze r. 1348. A\u017e do t\u00e9 doby byly university jen v It\u00e1lii, ve Francii a v Anglii. Pra\u017esk\u00e1 byla tedy prvn\u00ed universitou ve st\u0159edn\u00ed Evrop\u011b.<\/p>\n<p><b>Za Karla IV. vrchol\u00ed architektura gotick\u00e9 Prahy. S\u00e1m panovn\u00edk je zakladatelem Nov\u00e9ho m\u011bsta, Kr\u00e1lovsk\u00e9ho hradu, Svatov\u00edtsk\u00e9 katedr\u00e1ly, hradu Kar\u0161tejna aj. . Rozv\u00edj\u00ed se i hudba a literatura. A panovn\u00edk podporuje i zem\u011bd\u011blstv\u00ed a ve\u0161kerou v\u00fdrobu, \u0159emesla, obchod. A tak\u00e9 mal\u00ed\u0159stv\u00ed, \u0159ezb\u00e1\u0159stv\u00ed, zlatnictv\u00ed. Ale i soudnictv\u00ed a spravedlnost. Rozkv\u011bt \u010cech i Moravy. Roz\u0161\u00ed\u0159en\u00ed \u00fazem\u00ed se d\u011bje cestou m\u00edru a pokoje. Kr\u00e1l byl p\u0159esv\u011bd\u010den, \u017ee \u010desk\u00fd st\u00e1t m\u00e1 sv\u016fj z\u00e1klad v \u0159\u00ed\u0161i Velkomoravsk\u00e9.<\/p>\n<p>Karel IV. byl tak\u00e9 kr\u00e1lem n\u011bmeck\u00fdm a c\u00edsa\u0159em \u0159\u00edmsko-n\u011bmeck\u00fdm. \u201eZlatou bullou\u201c r. 1356 upravil \u0159\u00ed\u0161sk\u00e9 volby . Kurfi\u0159ti (voli\u010di) m\u011bli um\u011bt tak\u00e9 \u010desky a \u010desk\u00e1 zem\u011b m\u011bla t\u00e9m\u011b\u0159 \u00faplnou nez\u00e1vislost. Za vl\u00e1dy Karla IV. byla \u0159\u00ed\u0161e \u010desk\u00e1 prvn\u00edm st\u00e1tem st\u0159edn\u00ed Evropy a Praha politick\u00e9 a duchovn\u00ed st\u0159edisko. Byl to \u201ezlat\u00fd v\u011bk\u201c na\u0161\u00ed historie. A panovn\u00edk s \u00factou, l\u00e1skou a vd\u011b\u010dnost\u00ed dostal od rod\u00e1k\u016f titul \u201eOtec vlasti.\u201c<\/p>\n<p>Z\u00e1verem. D\u00e1vat za odm\u011bnu kolaborant\u016fm a zr\u00e1dc\u016fm cenu Karla IV. je ur\u00e1\u017eliv\u00fd projev p\u0159et\u011b\u017ek\u00e9 deformace a dehonestace na\u0161ich d\u011bjin. \u201eOtec vlasti\u201c by nikdy kladn\u011b neocenil nep\u0159\u00e1telskou \u010dinnost ciz\u00edch koloniz\u00e1tor\u016f na\u0161\u00ed zem\u011b, \u010dinnost zam\u011b\u0159enou na oslaben\u00ed, ochuzen\u00ed, rozklad vlasti. Takovou \u010dinnost by nikdy netrp\u011bl.<\/b><i><\/i><\/p>\n<div><i>Prof. PhDr. Stanislava Ku\u010derov\u00e1, CSc.<\/i><\/div>\n<div><em>\u010cesk\u00e9 n\u00e1rodn\u00ed listy<\/em><\/div>\n<div><\/div>\n","protected":false},"excerpt":{"rendered":"<p>Kdy\u017e jsem se doslechla, \u017ee kolaboranti a zr\u00e1dci od n\u00e1s dost\u00e1vaj\u00ed v N\u011bmecku od tzv&#8230;.<\/p>\n","protected":false},"author":2,"featured_media":3452,"comment_status":"closed","ping_status":"closed","sticky":false,"template":"","format":"standard","meta":[],"categories":[6],"tags":[911,915,112],"_links":{"self":[{"href":"https:\/\/www.infokuryr.cz\/n\/wp-json\/wp\/v2\/posts\/3451"}],"collection":[{"href":"https:\/\/www.infokuryr.cz\/n\/wp-json\/wp\/v2\/posts"}],"about":[{"href":"https:\/\/www.infokuryr.cz\/n\/wp-json\/wp\/v2\/types\/post"}],"author":[{"embeddable":true,"href":"https:\/\/www.infokuryr.cz\/n\/wp-json\/wp\/v2\/users\/2"}],"replies":[{"embeddable":true,"href":"https:\/\/www.infokuryr.cz\/n\/wp-json\/wp\/v2\/comments?post=3451"}],"version-history":[{"count":0,"href":"https:\/\/www.infokuryr.cz\/n\/wp-json\/wp\/v2\/posts\/3451\/revisions"}],"wp:featuredmedia":[{"embeddable":true,"href":"https:\/\/www.infokuryr.cz\/n\/wp-json\/wp\/v2\/media\/3452"}],"wp:attachment":[{"href":"https:\/\/www.infokuryr.cz\/n\/wp-json\/wp\/v2\/media?parent=3451"}],"wp:term":[{"taxonomy":"category","embeddable":true,"href":"https:\/\/www.infokuryr.cz\/n\/wp-json\/wp\/v2\/categories?post=3451"},{"taxonomy":"post_tag","embeddable":true,"href":"https:\/\/www.infokuryr.cz\/n\/wp-json\/wp\/v2\/tags?post=3451"}],"curies":[{"name":"wp","href":"https:\/\/api.w.org\/{rel}","templated":true}]}}