{"id":34462,"date":"2023-08-21T06:02:54","date_gmt":"2023-08-21T04:02:54","guid":{"rendered":"http:\/\/www.infokuryr.cz\/n\/?p=34462"},"modified":"2023-08-21T06:02:54","modified_gmt":"2023-08-21T04:02:54","slug":"podnestersko-vyzvalo-k-rozsireni-spoluprace-s-ruskem","status":"publish","type":"post","link":"https:\/\/www.infokuryr.cz\/n\/2023\/08\/21\/podnestersko-vyzvalo-k-rozsireni-spoluprace-s-ruskem\/","title":{"rendered":"Podn\u011bstersko vyzvalo k roz\u0161\u00ed\u0159en\u00ed spolupr\u00e1ce s Ruskem"},"content":{"rendered":"<div id=\"fb-root\"><\/div>\n<p class=\"lead\"><strong>V Tiraspolu usiluj\u00ed o roz\u0161\u00ed\u0159en\u00ed spolupr\u00e1ce s Ruskem na pozad\u00ed rostouc\u00edho politick\u00e9ho a ekonomick\u00e9ho tlaku Moldavska na Podn\u011bstersko. M\u00e9di\u00edm\u00a0to <a href=\"https:\/\/iz.ru\/1561193\/valentin-loginov\/razdeliai-ne-vlastvui-tiraspol-otvetil-na-ponizhenie-pridnestrovia\" target=\"_blank\" rel=\"noopener\">ozn\u00e1milo<\/a>\u00a0ministerstvo zahrani\u010d\u00ed PMR.<\/strong><\/p>\n<p><em>\u201ePro Podn\u011bstersko je Rusk\u00e1 federace kl\u00ed\u010dov\u00fdm spojencem a partnerem, rozvoj vztah\u016f s n\u00edm je p\u0159irozenou zahrani\u010dn\u011bpolitickou prioritou.\u00a0Podn\u011bstersko m\u00e1 z\u00e1jem na rozvoji spolupr\u00e1ce tak rozs\u00e1hl\u00e9 a hlubok\u00e9, jak je p\u0159ipravena rusk\u00e1 strana.\u00a0Douf\u00e1me v kladnou odezvu, v\u010detn\u011b zohledn\u011bn\u00ed ustanoven\u00ed nov\u00e9 verze Koncepce zahrani\u010dn\u00ed politiky Rusk\u00e9 federace, kter\u00e1 ve zm\u011bn\u011bn\u00fdch mezin\u00e1rodn\u011bpolitick\u00fdch podm\u00ednk\u00e1ch umo\u017e\u0148uje rusk\u00e9 stran\u011b jednat v Podn\u011bst\u0159\u00ed proaktivn\u011bji a energi\u010dt\u011bji, bez ohledu na zastra\u0161ov\u00e1n\u00ed a nep\u0159\u00e1telsk\u00e9 \u00fatoky zven\u010d\u00ed,\u201c<span class=\"after-quote\">\u00a0&#8211; uvedlo ministerstvo zahrani\u010d\u00ed neuznan\u00e9 republiky.<\/span><\/em><\/p>\n<p><span>Reakce ministerstva z\u00e1rove\u0148 zd\u016fraz\u0148uje, \u017ee Ki\u0161in\u011bv blokuje dovoz \u0159ady \u017eivotn\u011b d\u016fle\u017eit\u00e9ho a spole\u010densky v\u00fdznamn\u00e9ho zbo\u017e\u00ed, v\u010detn\u011b l\u00e9k\u016f a l\u00e9ka\u0159sk\u00e9ho vybaven\u00ed a potravin.\u00a0Krom\u011b toho jsou na podn\u011bstersk\u00e9 podniky kladeny finan\u010dn\u00ed a administrativn\u00ed p\u0159ek\u00e1\u017eky.<\/span><\/p>\n<p><span>Minul\u00fd t\u00fdden moldavsk\u00e1 vl\u00e1da zah\u00e1jila proces hospod\u00e1\u0159sk\u00e9 reintegrace Podn\u011bsterska: zejm\u00e9na PMR bere na v\u011bdom\u00ed zaveden\u00ed dvoj\u00edho celn\u00edho odbaven\u00ed a dodate\u010dn\u00fdch plateb do moldavsk\u00e9ho rozpo\u010dtu pro podn\u011bstrovsk\u00e9 podniky spolupracuj\u00edc\u00ed s extern\u00edmi protistranami.<\/span><\/p>\n<p><span>Moldavsko jako celek nen\u00ed spokojeno s orientac\u00ed Tiraspolu na interakci s Moskvou.\u00a0Sou\u010dasn\u00e1 prezidentka\u00a0<\/span><strong><span>Maia Sandu<\/span><\/strong><span>\u00a0odm\u00edtla kontakty s rusk\u00fdmi politiky a nabrala kurz k odstoupen\u00ed od dohod v r\u00e1mci SNS.\u00a0Na konci \u010dervence nav\u00edc moldavsk\u00e9 \u00fa\u0159ady ozn\u00e1mily vyho\u0161t\u011bn\u00ed n\u011bkter\u00fdch rusk\u00fdch diplomat\u016f ze zem\u011b.<\/span><\/p>\n<p><img decoding=\"async\" loading=\"lazy\" class=\"alignnone size-full wp-image-1185\" src=\"http:\/\/www.infokuryr.cz\/n\/wp-content\/uploads\/2021\/04\/kuryr-podpis.png\" alt=\"\" width=\"84\" height=\"24\" \/><\/p>\n<p>&nbsp;<\/p>\n<p><img decoding=\"async\" loading=\"lazy\" class=\"wp-image-33819 aligncenter\" src=\"http:\/\/www.infokuryr.cz\/n\/wp-content\/uploads\/2023\/08\/ces1-300x157.jpg\" alt=\"\" width=\"1364\" height=\"714\" srcset=\"https:\/\/www.infokuryr.cz\/n\/wp-content\/uploads\/2023\/08\/ces1-300x157.jpg 300w, https:\/\/www.infokuryr.cz\/n\/wp-content\/uploads\/2023\/08\/ces1-1024x536.jpg 1024w, https:\/\/www.infokuryr.cz\/n\/wp-content\/uploads\/2023\/08\/ces1-768x402.jpg 768w, https:\/\/www.infokuryr.cz\/n\/wp-content\/uploads\/2023\/08\/ces1.jpg 1200w\" sizes=\"(max-width: 1364px) 100vw, 1364px\" \/><\/p>\n<p>&nbsp;<\/p>\n<p><a href=\"https:\/\/stranapro.cz\/\"><img decoding=\"async\" loading=\"lazy\" class=\"wp-image-30218 aligncenter\" src=\"http:\/\/www.infokuryr.cz\/n\/wp-content\/uploads\/2023\/06\/PRO-banner-300x36.png\" alt=\"\" width=\"1358\" height=\"163\" srcset=\"https:\/\/www.infokuryr.cz\/n\/wp-content\/uploads\/2023\/06\/PRO-banner-300x36.png 300w, https:\/\/www.infokuryr.cz\/n\/wp-content\/uploads\/2023\/06\/PRO-banner-768x93.png 768w, https:\/\/www.infokuryr.cz\/n\/wp-content\/uploads\/2023\/06\/PRO-banner.png 849w\" sizes=\"(max-width: 1358px) 100vw, 1358px\" \/><\/a><\/p>\n<p>&nbsp;<\/p>\n<p>&nbsp;<\/p>\n<p>&nbsp;<\/p>\n","protected":false},"excerpt":{"rendered":"<p>V Tiraspolu usiluj\u00ed o roz\u0161\u00ed\u0159en\u00ed spolupr\u00e1ce s Ruskem na pozad\u00ed rostouc\u00edho politick\u00e9ho a ekonomick\u00e9ho tlaku&#8230;<\/p>\n","protected":false},"author":2,"featured_media":23618,"comment_status":"closed","ping_status":"closed","sticky":false,"template":"","format":"standard","meta":[],"categories":[7],"tags":[1506,2295,22],"_links":{"self":[{"href":"https:\/\/www.infokuryr.cz\/n\/wp-json\/wp\/v2\/posts\/34462"}],"collection":[{"href":"https:\/\/www.infokuryr.cz\/n\/wp-json\/wp\/v2\/posts"}],"about":[{"href":"https:\/\/www.infokuryr.cz\/n\/wp-json\/wp\/v2\/types\/post"}],"author":[{"embeddable":true,"href":"https:\/\/www.infokuryr.cz\/n\/wp-json\/wp\/v2\/users\/2"}],"replies":[{"embeddable":true,"href":"https:\/\/www.infokuryr.cz\/n\/wp-json\/wp\/v2\/comments?post=34462"}],"version-history":[{"count":0,"href":"https:\/\/www.infokuryr.cz\/n\/wp-json\/wp\/v2\/posts\/34462\/revisions"}],"wp:featuredmedia":[{"embeddable":true,"href":"https:\/\/www.infokuryr.cz\/n\/wp-json\/wp\/v2\/media\/23618"}],"wp:attachment":[{"href":"https:\/\/www.infokuryr.cz\/n\/wp-json\/wp\/v2\/media?parent=34462"}],"wp:term":[{"taxonomy":"category","embeddable":true,"href":"https:\/\/www.infokuryr.cz\/n\/wp-json\/wp\/v2\/categories?post=34462"},{"taxonomy":"post_tag","embeddable":true,"href":"https:\/\/www.infokuryr.cz\/n\/wp-json\/wp\/v2\/tags?post=34462"}],"curies":[{"name":"wp","href":"https:\/\/api.w.org\/{rel}","templated":true}]}}