{"id":34460,"date":"2023-08-21T05:52:46","date_gmt":"2023-08-21T03:52:46","guid":{"rendered":"http:\/\/www.infokuryr.cz\/n\/?p=34460"},"modified":"2023-08-21T05:52:46","modified_gmt":"2023-08-21T03:52:46","slug":"petr-michalu-21-srpen-1968","status":"publish","type":"post","link":"https:\/\/www.infokuryr.cz\/n\/2023\/08\/21\/petr-michalu-21-srpen-1968\/","title":{"rendered":"Petr Michal\u016f: 21. srpen 1968"},"content":{"rendered":"<div id=\"fb-root\"><\/div>\n<p><span style=\"font-size: 18pt;\"><strong>KRUT\u00c1 PRAVDA, KTEROU NECHCETE P\u0158IMOUT, a br\u00e1n\u00edte se <em>\u201ezuby nehty\u201c<\/em> ji p\u0159ijmout. <u>Ale marn\u011b<\/u>!<\/strong><\/span><\/p>\n<p><strong>Podsunutou n\u00e1m a c\u00edlen\u011b vnucovanou n\u00e1m<\/strong> jist\u00fdmi proz\u00e1padn\u00edmi kruhy <em>(havloidn\u00edmi)<\/em> <strong>touhu po iluzi svobody a demokracie<\/strong> a <strong>n\u00e1sledn\u011b odchodem sov\u011btsk\u00fdch vojsk<\/strong> &#8211; tedy na\u0161ich \u201eokupant\u016f\u201c &#8211; <strong>z na\u0161eho \u010deskoslovensk\u00e9ho \u00fazem\u00ed (1991)<\/strong> se, z\u00a0do t\u00e9 doby prosperuj\u00edc\u00edho, vysp\u011bl\u00e9ho, suver\u00e9nn\u00edho st\u00e1tu, jak\u00fdm byla \u010ceskoslovensk\u00e1 socialistick\u00e1 republika (\u010cSSR), stala nesv\u00e9pr\u00e1vn\u00e1, zcela z\u00e1visl\u00e1 kolonie \u0161\u00edlen\u00e9 deviantn\u00ed fa\u0161istick\u00e9 Evropsk\u00e9 unie, kter\u00e1 sama je jen a jen koloni\u00ed je\u0161t\u011b \u0161\u00edlen\u011bj\u0161\u00edch a deviantn\u011bj\u0161\u00edch, zlo\u010dineck\u00fdch fa\u0161istick\u00fdch USA!!<\/p>\n<p>Do\u0161lo k\u00a0tot\u00e1ln\u00edmu \u00fapadku, rozkladu, \u010desk\u00e9ho a slovensk\u00e9ho n\u00e1roda. P\u0159i\u0161li jsme o vlastn\u00ed st\u00e1t, o st\u00e1tnost, p\u0159i\u0161li jsme o bohat\u00fd st\u00e1tn\u00ed a n\u00e1rodn\u00ed majetek, o ve\u0161ker\u00e9 banky, o n\u00e1\u0161 velice rozvinut\u00fd a vysp\u011bl\u00fd pr\u016fmysl, o na\u0161e sob\u011bsta\u010dn\u00e9 zem\u011bd\u011blstv\u00ed, o na\u0161e zdroje a suroviny, o na\u0161e tov\u00e1rny, vod\u00e1rny, podniky, z\u00e1vody, obchodn\u00ed domy, o na\u0161i v\u011bdu a v\u00fdzkum, o lesy, p\u016fdu, zemi\u2026 o v\u0161e.<\/p>\n<p><span style=\"font-size: 18pt;\"><strong><u>Zopakuji a zd\u016fraz\u0148uji<\/u><\/strong> \u2013 ano,<\/span><\/p>\n<p><span style=\"font-size: 18pt;\">\u00a0\u00a0\u00a0\u00a0 <strong>toto v\u0161e nastalo po rozpadu Var\u0161avsk\u00e9 smlouvy a po <u>odchodu<\/u> sov\u011btsk\u00fdch vojsk <em>(na\u0161ich \u201eokupant\u016f\u201c)<\/em> z na\u0161eho \u00fazem\u00ed!<\/strong><\/span><\/p>\n<p><strong>Mgr. Petr Michal\u016f<\/strong><\/p>\n<p><em><u>Motto:<\/u><\/em><\/p>\n<p>\u201eV 68. n\u00e1m ZACHR\u00c1NILI na\u0161i budoucnost (na v\u00edce jak dv\u011b desetilet\u00ed). Pak ale\u00a0 ZRADOU ji\u017e nemohli chr\u00e1nit i na\u0161i p\u0159\u00edtomnost. <em>(Proto dnes hyne \u010desk\u00fd a slovensk\u00fd n\u00e1rod).\u201c<\/em><\/p>\n<p><em>Plat\u00f3n:\u00a0 \u201e\u017dijeme ve zvl\u00e1\u0161tn\u00edch \u010dasech, kdy mlad\u00ed i sta\u0159\u00ed jsou vzd\u011bl\u00e1v\u00e1ni ve l\u017ei a ten, kter\u00fd se odv\u00e1\u017e\u00ed \u0159\u00edkat pravdu, je naz\u00fdv\u00e1n \u0161\u00edlencem \u010di bl\u00e1znem.\u201c<\/em><\/p>\n<p><em>George Orwell: \u201eJe pravda a je nepravda a kdy\u017e se \u010dlov\u011bk dr\u017e\u00ed pravdy, t\u0159eba proti cel\u00e9mu sv\u011btu, nen\u00ed \u0161\u00edlen\u00fd.\u201c<\/em><\/p>\n<p><em>Jan Amos Komensk\u00fd: \u201e \u017divot je jeden pouh\u00fd, ale smrt\u00ed tis\u00edcer\u00e9 jsou zp\u016fsoby. Pravda jedna a pouh\u00e1, blud\u016f v\u0161ak tis\u00edcer\u00e9 podoby.\u201c<\/em><\/p>\n<p><img decoding=\"async\" loading=\"lazy\" class=\"wp-image-34461 aligncenter\" src=\"http:\/\/www.infokuryr.cz\/n\/wp-content\/uploads\/2023\/08\/okupace-300x202.jpg\" alt=\"\" width=\"1075\" height=\"724\" srcset=\"https:\/\/www.infokuryr.cz\/n\/wp-content\/uploads\/2023\/08\/okupace-300x202.jpg 300w, https:\/\/www.infokuryr.cz\/n\/wp-content\/uploads\/2023\/08\/okupace-1024x690.jpg 1024w, https:\/\/www.infokuryr.cz\/n\/wp-content\/uploads\/2023\/08\/okupace-768x517.jpg 768w, https:\/\/www.infokuryr.cz\/n\/wp-content\/uploads\/2023\/08\/okupace.jpg 1280w\" sizes=\"(max-width: 1075px) 100vw, 1075px\" \/><\/p>\n<p>&nbsp;<\/p>\n<p>________________________________________<\/p>\n<p>&nbsp;<\/p>\n<p><img decoding=\"async\" loading=\"lazy\" class=\"wp-image-33819 aligncenter\" src=\"http:\/\/www.infokuryr.cz\/n\/wp-content\/uploads\/2023\/08\/ces1-300x157.jpg\" alt=\"\" width=\"1353\" height=\"708\" srcset=\"https:\/\/www.infokuryr.cz\/n\/wp-content\/uploads\/2023\/08\/ces1-300x157.jpg 300w, https:\/\/www.infokuryr.cz\/n\/wp-content\/uploads\/2023\/08\/ces1-1024x536.jpg 1024w, https:\/\/www.infokuryr.cz\/n\/wp-content\/uploads\/2023\/08\/ces1-768x402.jpg 768w, https:\/\/www.infokuryr.cz\/n\/wp-content\/uploads\/2023\/08\/ces1.jpg 1200w\" sizes=\"(max-width: 1353px) 100vw, 1353px\" \/><\/p>\n<p>&nbsp;<\/p>\n<p><a href=\"https:\/\/stranapro.cz\/\"><img decoding=\"async\" loading=\"lazy\" class=\"wp-image-30218 aligncenter\" src=\"http:\/\/www.infokuryr.cz\/n\/wp-content\/uploads\/2023\/06\/PRO-banner-300x36.png\" alt=\"\" width=\"1367\" height=\"164\" srcset=\"https:\/\/www.infokuryr.cz\/n\/wp-content\/uploads\/2023\/06\/PRO-banner-300x36.png 300w, https:\/\/www.infokuryr.cz\/n\/wp-content\/uploads\/2023\/06\/PRO-banner-768x93.png 768w, https:\/\/www.infokuryr.cz\/n\/wp-content\/uploads\/2023\/06\/PRO-banner.png 849w\" sizes=\"(max-width: 1367px) 100vw, 1367px\" \/><\/a><\/p>\n<p>&nbsp;<\/p>\n<p>&nbsp;<\/p>\n<p>&nbsp;<\/p>\n<p>&nbsp;<\/p>\n","protected":false},"excerpt":{"rendered":"<p>KRUT\u00c1 PRAVDA, KTEROU NECHCETE P\u0158IMOUT, a br\u00e1n\u00edte se \u201ezuby nehty\u201c ji p\u0159ijmout. Ale marn\u011b! Podsunutou&#8230;<\/p>\n","protected":false},"author":2,"featured_media":670,"comment_status":"closed","ping_status":"closed","sticky":false,"template":"","format":"standard","meta":[],"categories":[6],"tags":[1070,29,111],"_links":{"self":[{"href":"https:\/\/www.infokuryr.cz\/n\/wp-json\/wp\/v2\/posts\/34460"}],"collection":[{"href":"https:\/\/www.infokuryr.cz\/n\/wp-json\/wp\/v2\/posts"}],"about":[{"href":"https:\/\/www.infokuryr.cz\/n\/wp-json\/wp\/v2\/types\/post"}],"author":[{"embeddable":true,"href":"https:\/\/www.infokuryr.cz\/n\/wp-json\/wp\/v2\/users\/2"}],"replies":[{"embeddable":true,"href":"https:\/\/www.infokuryr.cz\/n\/wp-json\/wp\/v2\/comments?post=34460"}],"version-history":[{"count":0,"href":"https:\/\/www.infokuryr.cz\/n\/wp-json\/wp\/v2\/posts\/34460\/revisions"}],"wp:featuredmedia":[{"embeddable":true,"href":"https:\/\/www.infokuryr.cz\/n\/wp-json\/wp\/v2\/media\/670"}],"wp:attachment":[{"href":"https:\/\/www.infokuryr.cz\/n\/wp-json\/wp\/v2\/media?parent=34460"}],"wp:term":[{"taxonomy":"category","embeddable":true,"href":"https:\/\/www.infokuryr.cz\/n\/wp-json\/wp\/v2\/categories?post=34460"},{"taxonomy":"post_tag","embeddable":true,"href":"https:\/\/www.infokuryr.cz\/n\/wp-json\/wp\/v2\/tags?post=34460"}],"curies":[{"name":"wp","href":"https:\/\/api.w.org\/{rel}","templated":true}]}}