{"id":3446,"date":"2021-07-20T03:26:16","date_gmt":"2021-07-20T01:26:16","guid":{"rendered":"http:\/\/www.infokuryr.cz\/n\/?p=3446"},"modified":"2021-07-20T03:26:16","modified_gmt":"2021-07-20T01:26:16","slug":"za-nadrazenost-prava-eu-nikdo-nehlasoval-evropska-komise-celi-kritice-kvuli-natlaku-na-polsko","status":"publish","type":"post","link":"https:\/\/www.infokuryr.cz\/n\/2021\/07\/20\/za-nadrazenost-prava-eu-nikdo-nehlasoval-evropska-komise-celi-kritice-kvuli-natlaku-na-polsko\/","title":{"rendered":"\u201eZa nad\u0159azenost pr\u00e1va EU nikdo nehlasoval!\u201c Evropsk\u00e1 komise \u010del\u00ed kritice kv\u016fli n\u00e1tlaku na Polsko"},"content":{"rendered":"<div id=\"fb-root\"><\/div>\n<p><strong>Konflikt, kter\u00fd ji\u017e d\u00e1vno prob\u00edh\u00e1 mezi Bruselem a Var\u0161avou kv\u016fli ot\u00e1zk\u00e1m, jako je nez\u00e1vislost soudnictv\u00ed a svoboda tisku, se posledn\u00ed t\u00fddny prohloubil je\u0161t\u011b v\u00edce. Pot\u00e9, co soud EU v Lucembursku rozhodl, \u017ee by Polsko m\u011blo pozastavit \u010dinnost disciplin\u00e1rn\u00edho sen\u00e1tu, Nejvy\u0161\u0161\u00ed soud Polska uznal, \u017ee zem\u011b nemus\u00ed vyhov\u011bt pr\u00e1vn\u00edm po\u017eadavk\u016fm EU.<\/strong><\/p>\n<p>Unijn\u00ed soud EU ji\u017e d\u0159\u00edve upozornil Polsko na nesoulad ustanoven\u00ed soudn\u00ed reformy s evropsk\u00fdm pr\u00e1vem, zejm\u00e9na v tom, co se t\u00fdk\u00e1 nez\u00e1vislosti soudn\u00edho syst\u00e9mu zem\u011b. Uv\u00e1d\u011blo se, \u017ee ustanoven\u00ed o disciplin\u00e1rn\u00edm sen\u00e1tu Nejvy\u0161\u0161\u00edhosoudu Polska nezaru\u010duj\u00ed nez\u00e1vislost a nestrannost soudc\u016f, proto\u017ee mohou b\u00fdt p\u0159\u00edmo nebo nep\u0159\u00edmo ovlivn\u011bni z\u00e1konod\u00e1rnou a v\u00fdkonnou moc\u00ed.<\/p>\n<p>Nejvy\u0161\u0161\u00ed soud Evropsk\u00e9 unie tak ve \u010dtvrtek rozhodl, \u017ee by Polsko m\u011blo z d\u016fvodu nespl\u0148ov\u00e1n\u00ed nezbytn\u00fdch standard\u016f nez\u00e1vislosti pozastavit \u010dinnost disciplin\u00e1rn\u00edho sen\u00e1tu sv\u00e9ho Nejvy\u0161\u0161\u00edho soudu, kter\u00e1 podle EU nespl\u0148uje nezbytn\u00e9 standardy nez\u00e1vislosti.<\/p>\n<p>Polsk\u00fd soud\u00a0v\u0161ak rozhodl, \u017ee po\u017eadavek na pozastaven\u00ed fungov\u00e1n\u00ed disciplin\u00e1rn\u00edho sen\u00e1tu je v rozporu s polskou \u00fastavou a zem\u011b by mu nem\u011bla vyhov\u011bt. P\u0159edsedkyn\u011b polsk\u00e9ho Nejvy\u0161\u0161\u00edho soudu Malgorzata Manowska k tomu\u00a0vydala\u00a0prohl\u00e1\u0161en\u00ed, ve kter\u00e9m uvedla, \u017ee je \u201ehluboce p\u0159esv\u011bd\u010dena,\u201c \u017ee disciplin\u00e1rn\u00ed sen\u00e1t je v Polsku nez\u00e1visl\u00fd.<\/p>\n<p>Zat\u00edmco Evropsk\u00e1 komise\u00a0trv\u00e1\u00a0na tom, \u017ee pr\u00e1vo EU m\u00e1 nad\u0159azenost nad soudn\u00edmi rozhodnut\u00edmi \u010dlensk\u00fdch st\u00e1t\u016f, a neposlu\u0161nost by mohla m\u00edt n\u00e1sledky, \u010dlenov\u00e9 protievropsk\u00e9ho hnut\u00ed Nexit Denktank v Nizozemsku rozhodli p\u0159isp\u011bt do debaty Bruselu a Var\u0161avy n\u00e1sleduj\u00edc\u00edm prohl\u00e1\u0161en\u00edm.<\/p>\n<p>\u201eEvropsk\u00e1 unie si mysl\u00ed, \u017ee pr\u00e1vo EU m\u00e1 p\u0159ednost nad pr\u00e1vem n\u00e1rodn\u00edho st\u00e1tu, proto\u017ee to \u0159ekl jeden soudce v roce 1964. Kdo ale v Nizozemsku nebo kdokoli v EU n\u011bkdy hlasoval pro toto (obrovsk\u00e9) p\u0159ed\u00e1n\u00ed moci? Odpov\u00edm v\u00e1m: nikdo,\u201c \u0159ekl moder\u00e1tor ve videu hnut\u00ed Nexit Denktank.<\/p>\n<p>\u201ePokud nejste poslu\u0161n\u00ed nevolen\u00e9 a nedemokratick\u00e9 EU, pak m\u00e1te \u201a\u0161patn\u00fd pr\u00e1vn\u00ed st\u00e1t\u2018, zat\u00edmco Polsko jednodu\u0161e naslouch\u00e1 vlastn\u00edm lidem,\u201c dod\u00e1v\u00e1.<\/p>\n<p><strong>Polexit<\/strong><\/p>\n<p>Kv\u016fli dlouhotrvaj\u00edc\u00edmu sporu Polska s Evropskou uni\u00ed ohledn\u011b\u00a0<strong>pr\u00e1vn\u00ed nez\u00e1vislosti v Polsku<\/strong>\u00a0se n\u011bkte\u0159\u00ed pozorovatel\u00e9 v posledn\u00ed dob\u011b ob\u00e1vaj\u00ed, \u017ee by situace mohla skon\u010dit odchodem Polska z EU.<\/p>\n<p>B\u00fdval\u00fd p\u0159edseda Evropsk\u00e9 rady a b\u00fdval\u00fd polsk\u00fd premi\u00e9r Donald Tusk ned\u00e1vno prohl\u00e1sil, \u017ee Polsko a Ma\u010farsko zah\u00e1jily proces \u201epodkop\u00e1v\u00e1n\u00ed\u201c EU.<\/p>\n<p>\u201ePokud se objev\u00ed v\u00edce st\u00e1t\u016f, kter\u00e9 budou trvat na tom, aby n\u011bjak\u00fdm zp\u016fsobem po\u0161kodily Evropskou unii, organizace m\u016f\u017ee skon\u010dit,\u201c p\u0159ipustil.<\/p>\n<p>\u201eM\u016f\u017ee se st\u00e1t, \u017ee Polsko\u00a0<a href=\"https:\/\/cz.sputniknews.com\/20210718\/tusk-popsal-mozny-scenar-rozpadu-evropske-unie-15187602.html\">opust\u00ed<\/a>\u00a0Evropskou unii a t\u00edm ji oslab\u00ed,\u201c dodal Tusk s t\u00edm, \u017ee krize ve vztaz\u00edch mezi n\u011bkter\u00fdmi st\u00e1ty a veden\u00edm EU m\u00e1 politickou povahu a trv\u00e1 ji\u017e dlouhou dobu.<\/p>\n<p><strong>Odchod z EU nehroz\u00ed<\/strong><\/p>\n<p>Polsk\u00fd premi\u00e9r\u00a0Mateusz Morawiecki\u00a0v\u0161ak dnes prohl\u00e1sil, \u017ee m\u00e1 jin\u00fd n\u00e1zor na budoucnost polsk\u00e9ho \u010dlenstv\u00ed v EU.<\/p>\n<p>\u201eNeexistuje \u017e\u00e1dn\u00e9 riziko Polexitu. Je to sv\u00fdm zp\u016fsobem politick\u00e1 fantazie. Nen\u00ed tu ani \u017e\u00e1dn\u00e9 riziko, ani \u017e\u00e1dn\u00fd z\u00e1m\u011br. Je to sv\u00fdm zp\u016fsobem jen politick\u00e1 emoce, kterou se na\u0161i odp\u016frci sna\u017e\u00ed vzru\u0161it,\u201c \u0159ekl Morawiecki.<\/p>\n<p>\u201eNejlep\u0161\u00ed politikou v\u016f\u010di Evropsk\u00e9 unii je eurorealismus. Je to politika, kter\u00e1 na jedn\u00e9 stran\u011b stanov\u00ed velmi jednozna\u010dnou ochranu na\u0161ich z\u00e1jm\u016f, ale tak\u00e9 p\u0159edpokl\u00e1d\u00e1 ochranu v ot\u00e1zk\u00e1ch, na kter\u00fdch jsme se neshodli, kdy\u017e jsme vstupovali do Evropsk\u00e9 unie,\u201c dodal.<\/p>\n<p><a href=\"https:\/\/cz.sputniknews.com\/20210719\/za-nadrazenost-prava-eu-nikdo-nehlasoval-evropska-komise-celi-kritice-kvuli-natlaku-na-polsko-15198977.html\">ZDROJ<\/a><\/p>\n<p>&nbsp;<\/p>\n","protected":false},"excerpt":{"rendered":"<p>Konflikt, kter\u00fd ji\u017e d\u00e1vno prob\u00edh\u00e1 mezi Bruselem a Var\u0161avou kv\u016fli ot\u00e1zk\u00e1m, jako je nez\u00e1vislost soudnictv\u00ed&#8230;<\/p>\n","protected":false},"author":2,"featured_media":1468,"comment_status":"closed","ping_status":"closed","sticky":false,"template":"","format":"standard","meta":[],"categories":[7],"tags":[41,31,57],"_links":{"self":[{"href":"https:\/\/www.infokuryr.cz\/n\/wp-json\/wp\/v2\/posts\/3446"}],"collection":[{"href":"https:\/\/www.infokuryr.cz\/n\/wp-json\/wp\/v2\/posts"}],"about":[{"href":"https:\/\/www.infokuryr.cz\/n\/wp-json\/wp\/v2\/types\/post"}],"author":[{"embeddable":true,"href":"https:\/\/www.infokuryr.cz\/n\/wp-json\/wp\/v2\/users\/2"}],"replies":[{"embeddable":true,"href":"https:\/\/www.infokuryr.cz\/n\/wp-json\/wp\/v2\/comments?post=3446"}],"version-history":[{"count":0,"href":"https:\/\/www.infokuryr.cz\/n\/wp-json\/wp\/v2\/posts\/3446\/revisions"}],"wp:featuredmedia":[{"embeddable":true,"href":"https:\/\/www.infokuryr.cz\/n\/wp-json\/wp\/v2\/media\/1468"}],"wp:attachment":[{"href":"https:\/\/www.infokuryr.cz\/n\/wp-json\/wp\/v2\/media?parent=3446"}],"wp:term":[{"taxonomy":"category","embeddable":true,"href":"https:\/\/www.infokuryr.cz\/n\/wp-json\/wp\/v2\/categories?post=3446"},{"taxonomy":"post_tag","embeddable":true,"href":"https:\/\/www.infokuryr.cz\/n\/wp-json\/wp\/v2\/tags?post=3446"}],"curies":[{"name":"wp","href":"https:\/\/api.w.org\/{rel}","templated":true}]}}