{"id":34459,"date":"2023-08-21T05:46:45","date_gmt":"2023-08-21T03:46:45","guid":{"rendered":"http:\/\/www.infokuryr.cz\/n\/?p=34459"},"modified":"2023-08-21T05:46:45","modified_gmt":"2023-08-21T03:46:45","slug":"vystoupeni-zelenskeho-na-setkani-se-svedskym-kralem-svedy-rozlitilo","status":"publish","type":"post","link":"https:\/\/www.infokuryr.cz\/n\/2023\/08\/21\/vystoupeni-zelenskeho-na-setkani-se-svedskym-kralem-svedy-rozlitilo\/","title":{"rendered":"Vystoupen\u00ed Zelensk\u00e9ho, na setk\u00e1n\u00ed se \u0161v\u00e9dsk\u00fdm kr\u00e1lem, \u0160v\u00e9dy rozl\u00edtilo"},"content":{"rendered":"<div id=\"fb-root\"><\/div>\n<p class=\"lead\"><strong>Volodymyr Zelenskyj p\u0159i\u0161el ve sv\u00e9m dnes ji\u017e zn\u00e1m\u00e9m \u201epracovn\u00edm obleku\u201c na setk\u00e1n\u00ed se \u0161v\u00e9dsk\u00fdm kr\u00e1lem Carlem Gustafem XVI. a kr\u00e1lovnou Silvi\u00ed. Pro mnoho \u0160v\u00e9d\u016f zp\u016fsobilo takov\u00e9 poru\u0161en\u00ed protokolu skute\u010dn\u00fd \u0161ok, jak 20. srpna informovala <a href=\"https:\/\/ria.ru\/20230820\/zelenskiy-1891155948.html\" target=\"_blank\" rel=\"noopener\">agentura<\/a>\u00a0RIA Novosti.<\/strong><\/p>\n<p><span>\u0158e\u010d je o kalhot\u00e1ch, khaki tri\u010dk\u00e1ch a t\u011b\u017ek\u00fdch arm\u00e1dn\u00edch bot\u00e1ch.\u00a0Koment\u00e1to\u0159i pova\u017eovali Zelensk\u00e9ho vzhled za velmi nevhodn\u00fd.<\/span><\/p>\n<p><em>&#8222;M\u00e1\u0161 n\u011bjak\u00e9 oble\u010den\u00ed krom\u011b zelen\u00fdch tri\u010dek?&#8220;<span class=\"after-quote\"> zeptal se jeden z komentuj\u00edc\u00edch.<\/span><\/em><\/p>\n<p><em>&#8222;Ale m\u00e1 sedm zahrani\u010dn\u00edch vil, \u0161est hodinek Rolex, p\u011bt Ferrari, \u010dty\u0159i z\u00e1mky, t\u0159i soukrom\u00e9 trysk\u00e1\u010de, dva bal\u00ed\u010dky zlata a jedno nekone\u010dn\u00e9 potrub\u00ed z va\u0161\u00ed dan\u011b z p\u0159\u00edjmu.&#8220;<span class=\"after-quote\"> \u2014 zironizoval\u00a0jin\u00fd.<\/span><\/em><\/p>\n<p><em>&#8222;Mohl bys nosit oblek&#8220;<span class=\"after-quote\">\u00a0\u2014 \u0159ekl rozho\u0159\u010den\u00fd \u0160v\u00e9d ze soci\u00e1ln\u00edch s\u00edt\u00ed.<\/span><\/em><\/p>\n<p><em>&#8222;M\u016f\u017ee\u0161 se s t\u011bmi pen\u011bzi, kter\u00e9 pos\u00edl\u00e1me, alespo\u0148 pokusit vypadat jako prof\u00edk?&#8220;<span class=\"after-quote\">\u00a0\u2014 rozho\u0159\u010den\u00fd koment\u00e1tor.<\/span><\/em><\/p>\n<p><em>&#8222;Tri\u010dko a boty, aby lid\u00e9 uv\u011b\u0159ili, \u017ee je to v\u00e1le\u010dn\u00edk, kter\u00fd se ve skute\u010dnosti skr\u00fdv\u00e1 v temn\u00e9m bunkru a nikdy nevid\u011bl skute\u010dnou cenu vojensk\u00e9ho konfliktu, kter\u00fd rozpoutal,&#8220;<span class=\"after-quote\">\u00a0shrnul dal\u0161\u00ed u\u017eivatel soci\u00e1ln\u00edch s\u00edt\u00ed.<\/span><\/em><\/p>\n<p><img decoding=\"async\" loading=\"lazy\" class=\"alignnone size-full wp-image-1185\" src=\"http:\/\/www.infokuryr.cz\/n\/wp-content\/uploads\/2021\/04\/kuryr-podpis.png\" alt=\"\" width=\"84\" height=\"24\" \/><\/p>\n<p>&nbsp;<\/p>\n<p><img decoding=\"async\" loading=\"lazy\" class=\"wp-image-33819 aligncenter\" src=\"http:\/\/www.infokuryr.cz\/n\/wp-content\/uploads\/2023\/08\/ces1-300x157.jpg\" alt=\"\" width=\"1355\" height=\"709\" srcset=\"https:\/\/www.infokuryr.cz\/n\/wp-content\/uploads\/2023\/08\/ces1-300x157.jpg 300w, https:\/\/www.infokuryr.cz\/n\/wp-content\/uploads\/2023\/08\/ces1-1024x536.jpg 1024w, https:\/\/www.infokuryr.cz\/n\/wp-content\/uploads\/2023\/08\/ces1-768x402.jpg 768w, https:\/\/www.infokuryr.cz\/n\/wp-content\/uploads\/2023\/08\/ces1.jpg 1200w\" sizes=\"(max-width: 1355px) 100vw, 1355px\" \/><\/p>\n<p>&nbsp;<\/p>\n<p><a href=\"https:\/\/stranapro.cz\/\"><img decoding=\"async\" loading=\"lazy\" class=\"wp-image-30218 aligncenter\" src=\"http:\/\/www.infokuryr.cz\/n\/wp-content\/uploads\/2023\/06\/PRO-banner-300x36.png\" alt=\"\" width=\"1350\" height=\"162\" srcset=\"https:\/\/www.infokuryr.cz\/n\/wp-content\/uploads\/2023\/06\/PRO-banner-300x36.png 300w, https:\/\/www.infokuryr.cz\/n\/wp-content\/uploads\/2023\/06\/PRO-banner-768x93.png 768w, https:\/\/www.infokuryr.cz\/n\/wp-content\/uploads\/2023\/06\/PRO-banner.png 849w\" sizes=\"(max-width: 1350px) 100vw, 1350px\" \/><\/a><\/p>\n<p>&nbsp;<\/p>\n<p>&nbsp;<\/p>\n<p>&nbsp;<\/p>\n","protected":false},"excerpt":{"rendered":"<p>Volodymyr Zelenskyj p\u0159i\u0161el ve sv\u00e9m dnes ji\u017e zn\u00e1m\u00e9m \u201epracovn\u00edm obleku\u201c na setk\u00e1n\u00ed se \u0161v\u00e9dsk\u00fdm kr\u00e1lem&#8230;<\/p>\n","protected":false},"author":2,"featured_media":31653,"comment_status":"closed","ping_status":"closed","sticky":false,"template":"","format":"standard","meta":[],"categories":[7],"tags":[5382,1884,1584,5295,1000],"_links":{"self":[{"href":"https:\/\/www.infokuryr.cz\/n\/wp-json\/wp\/v2\/posts\/34459"}],"collection":[{"href":"https:\/\/www.infokuryr.cz\/n\/wp-json\/wp\/v2\/posts"}],"about":[{"href":"https:\/\/www.infokuryr.cz\/n\/wp-json\/wp\/v2\/types\/post"}],"author":[{"embeddable":true,"href":"https:\/\/www.infokuryr.cz\/n\/wp-json\/wp\/v2\/users\/2"}],"replies":[{"embeddable":true,"href":"https:\/\/www.infokuryr.cz\/n\/wp-json\/wp\/v2\/comments?post=34459"}],"version-history":[{"count":0,"href":"https:\/\/www.infokuryr.cz\/n\/wp-json\/wp\/v2\/posts\/34459\/revisions"}],"wp:featuredmedia":[{"embeddable":true,"href":"https:\/\/www.infokuryr.cz\/n\/wp-json\/wp\/v2\/media\/31653"}],"wp:attachment":[{"href":"https:\/\/www.infokuryr.cz\/n\/wp-json\/wp\/v2\/media?parent=34459"}],"wp:term":[{"taxonomy":"category","embeddable":true,"href":"https:\/\/www.infokuryr.cz\/n\/wp-json\/wp\/v2\/categories?post=34459"},{"taxonomy":"post_tag","embeddable":true,"href":"https:\/\/www.infokuryr.cz\/n\/wp-json\/wp\/v2\/tags?post=34459"}],"curies":[{"name":"wp","href":"https:\/\/api.w.org\/{rel}","templated":true}]}}