{"id":34452,"date":"2023-08-21T05:08:04","date_gmt":"2023-08-21T03:08:04","guid":{"rendered":"http:\/\/www.infokuryr.cz\/n\/?p=34452"},"modified":"2023-08-21T05:08:04","modified_gmt":"2023-08-21T03:08:04","slug":"informatori-z-bidenovy-administrativy-tvrdi-ze-budou-zavedeny-nove-lockdowny-horsi-nez-drive","status":"publish","type":"post","link":"https:\/\/www.infokuryr.cz\/n\/2023\/08\/21\/informatori-z-bidenovy-administrativy-tvrdi-ze-budou-zavedeny-nove-lockdowny-horsi-nez-drive\/","title":{"rendered":"Inform\u00e1to\u0159i z Bidenovy administrativy tvrd\u00ed, \u017ee budou zavedeny nov\u00e9 lockdowny, hor\u0161\u00ed ne\u017e d\u0159\u00edve"},"content":{"rendered":"<div id=\"fb-root\"><\/div>\n<p><strong>Skupina zasv\u011bcen\u00fdch osob zevnit\u0159 Bidenovy administrativy odhalily pl\u00e1ny na implementaci nov\u00fdch tot\u00e1ln\u00edch drakonick\u00fdch lockdown\u016f z d\u016fvodu covidu v cel\u00e9 Americe (a z\u0159ejm\u011b i v Evrop\u011b), kter\u00e9 maj\u00ed za\u010d\u00edt v polovin\u011b z\u00e1\u0159\u00ed.<\/strong><\/p>\n<p><span>Mnoz\u00ed inform\u00e1to\u0159i z Bidenovy dopravn\u00ed policie (TSA) a pohrani\u010dn\u00ed str\u00e1\u017ee tvrd\u00ed, \u017ee Biden\u016fv re\u017eim pl\u00e1nuje znovu uzamknout Ameriku \u201etvrd\u011bji a d\u00e9le ne\u017e kdy p\u0159edt\u00edm\u201c, aby mohl implementovat agendu Velk\u00e9ho Resetu Sv\u011btov\u00e9ho ekonomick\u00e9ho f\u00f3ra (WEF).<\/span><\/p>\n<p><span>Prvn\u00ed inform\u00e1tor, vysok\u00fd p\u0159edstavitel TSA, se obr\u00e1til na port\u00e1l Infowars a citoval \u00fatern\u00ed setk\u00e1n\u00ed, na n\u011bm\u017e mana\u017eer\u016fm TSA ozn\u00e1mili, \u017ee se dokon\u010duj\u00ed nov\u00e1 memoranda a pravidla, kter\u00e1 znovu zavedou p\u0159\u00edsn\u00e9 no\u0161en\u00ed rou\u0161ek, po\u010d\u00ednaje pracovn\u00edky TSA a zam\u011bstnanci leti\u0161\u0165 ji\u017e od poloviny z\u00e1\u0159\u00ed.<\/span><\/p>\n<p><span>Str\u00e1nka\u00a0<\/span><a href=\"https:\/\/www.infowars.com\/posts\/exclusive-biden-admin-preparing-to-bring-back-full-covid-restrictions-rollout-to-begin-mid-september\/\" target=\"_blank\" rel=\"noopener\"><span>Infowars.com<\/span><\/a><span>\u00a0uv\u00e1d\u00ed:<\/span><\/p>\n<p><span>Prvn\u00ed zdroj je vysok\u00fd p\u0159edstavitel TSA, kter\u00fd je d\u016fv\u011bryhodn\u00fd a zn\u00e1m\u00fd port\u00e1lu Infowars.\u00a0Ten obr\u00e1til na Infowars a citoval \u00fatern\u00ed setk\u00e1n\u00ed, na kter\u00e9m mana\u017eer\u016fm TSA bylo \u0159e\u010deno, \u017ee se dokon\u010duj\u00ed p\u0159\u00edpravy na zaveden\u00ed lockdown\u016f.<\/span><\/p>\n<p><span>P\u0159edstavitel TSA tak\u00e9 \u0159ekl, \u017ee p\u0159\u00ed\u0161t\u00ed t\u00fdden dostanou nov\u00e9 pokyny o tom, jak budou omezen\u00ed eskalovat \u2013 do poloviny \u0159\u00edjna budou piloti, letov\u00fd person\u00e1l, cestuj\u00edc\u00ed a leti\u0161t\u011bv\u00ed patroni muset nosit rou\u0161ku.<\/span><\/p>\n<p><span>Po vyslechnut\u00ed mana\u017eera TSA port\u00e1l Infowars oslovil sv\u016fj dal\u0161\u00ed d\u016fv\u011bryhodn\u00fd zdroj z pohrani\u010dn\u00ed str\u00e1\u017ee, kter\u00fd je tak\u00e9 v\u00fd\u0161e postaven\u00fdm vedouc\u00edm pracovn\u00edkem.\u00a0Tento zdroj potvrdil, \u017ee stejn\u00e9 p\u0159\u00edkazy byly vyd\u00e1ny i pohrani\u010dn\u00ed str\u00e1\u017ei.<\/span><\/p>\n<p><span>Bylo jim \u0159e\u010deno, \u017ee to nen\u00ed ot\u00e1zka \u201e\u010di\u201c, ale \u201ekdy\u201c se ofici\u00e1ln\u00ed \u010d\u00edsla covidu vr\u00e1t\u00ed.\u00a0Do poloviny \u0159\u00edjna o\u010dek\u00e1vaj\u00ed n\u00e1vrat k politice nucen\u00e9ho rou\u0161kov\u00e1n\u00ed, kterou Bidenova administrativa p\u0159edt\u00edm jen neochotn\u011b ukon\u010dila po masivn\u00edm tlaku ve\u0159ejnosti.<\/span><\/p>\n<p><span>Ob\u011bma inform\u00e1tor\u016fm bylo \u0159e\u010deno, \u017ee tato opat\u0159en\u00ed budou zavedena v tandemu s hysteri\u00ed kolem nov\u00e9ho \u201evariantn\u00ed\u201c covidu, o kter\u00e9m m\u00e9dia hlavn\u00edho proudu informovala tento t\u00fdden.<\/span><\/p>\n<p><a href=\"https:\/\/banned.video\/watch?id=64dfc1dc4e506ac6f54060c9\"><span>Video<\/span><\/a><span>\u00a0s Alexem Jonesem si m\u016f\u017eete poslechnout zde:<\/span><\/p>\n<div class=\"code-block code-block-9\">\n<div id=\"badat-1587664446\">\n<p><img decoding=\"async\" loading=\"lazy\" class=\"wp-image-33819 aligncenter\" src=\"http:\/\/www.infokuryr.cz\/n\/wp-content\/uploads\/2023\/08\/ces1-300x157.jpg\" alt=\"\" width=\"1330\" height=\"696\" srcset=\"https:\/\/www.infokuryr.cz\/n\/wp-content\/uploads\/2023\/08\/ces1-300x157.jpg 300w, https:\/\/www.infokuryr.cz\/n\/wp-content\/uploads\/2023\/08\/ces1-1024x536.jpg 1024w, https:\/\/www.infokuryr.cz\/n\/wp-content\/uploads\/2023\/08\/ces1-768x402.jpg 768w, https:\/\/www.infokuryr.cz\/n\/wp-content\/uploads\/2023\/08\/ces1.jpg 1200w\" sizes=\"(max-width: 1330px) 100vw, 1330px\" \/><\/p>\n<p>&nbsp;<\/p>\n<\/div>\n<\/div>\n<div class=\"ifw-player expanded\" data-video-id=\"64dfc1dc4e506ac6f54060c9\">\n<div><iframe src=\"https:\/\/api.banned.video\/embed\/64dfc1dc4e506ac6f54060c9\" frameborder=\"0\" allowfullscreen=\"allowfullscreen\" data-mce-fragment=\"1\"><\/iframe><\/div>\n<\/div>\n<p>&nbsp;<\/p>\n<p><strong>Anal\u00fdza port\u00e1lu Infowars je jasn\u00e1:<\/strong><\/p>\n<p><span>Na\u010dasov\u00e1n\u00ed tohoto nov\u00e9ho zaveden\u00ed locdown\u016f je ide\u00e1ln\u00ed k tomu, aby upadaj\u00edc\u00ed Bidenova administrativa dostala zemi zp\u011bt do stavu nouzov\u00e9ho stavu \u010di dokonce stann\u00e9ho pr\u00e1va, aby je\u0161t\u011b v\u00edce rozd\u011blila a zm\u00e1tla ve\u0159ejnost a vytvo\u0159ila p\u0159edpoklady pro nejv\u011bt\u0161\u00ed zasahov\u00e1n\u00ed do voleb v historii (pozn\u00e1mka: v roce 2024 maj\u00ed b\u00fdt v USA prezidentsk\u00e9 volby).<\/span><\/p>\n<p><span>Alex Jones mnohokr\u00e1t varoval, \u017ee syst\u00e9m obnov\u00ed biomedic\u00ednskou tyranii.\u00a0A spu\u0161t\u011bn\u00ed t\u00e9to nov\u00e9 krize v z\u00e1\u0159\u00ed umo\u017en\u00ed vytvo\u0159it situaci, kter\u00e1 by umo\u017enila pou\u017e\u00edv\u00e1n\u00ed po\u0161tovn\u00edch hlasovac\u00edch l\u00edstk\u016f pro n\u00e1sleduj\u00edc\u00ed prezidentsk\u00e9 volby.<\/span><\/p>\n<p><span>Pamatujte, \u017ee pro Bidenovo v\u00edt\u011bzstv\u00ed v minul\u00fdch volb\u00e1ch byly rozhoduj\u00edc\u00ed hlasovac\u00ed l\u00edstky zasl\u00e1ny po\u0161tou.<\/span><\/p>\n<p><span>Nyn\u00ed v\u00edme, \u017ee pandemick\u00e9 lockdowny byly mezin\u00e1rodn\u00ed psychologickou v\u00e1le\u010dnou operac\u00ed \u0159\u00edzenou americk\u00fdm ministerstvem obrany a Pentagonem.\u00a0Zem\u011b na cel\u00e9m sv\u011bt\u011b implementovaly\u00a0<\/span><a href=\"https:\/\/www.badatel.net\/uniknute-spravy-potvrdzuju-ze-nove-varianty-covidu-boli-psychologicka-teroristicka-kampan-na-strasenie-ludi\/\"><span>kampan\u011b strachu<\/span><\/a><span>\u00a0pro politick\u00e9 \u00fa\u010dely a pro protla\u010dov\u00e1n\u00ed experiment\u00e1ln\u00edch \u201evakc\u00edn\u201c.<\/span><\/p>\n<h2><span>Z\u00e1v\u011br<\/span><\/h2>\n<p><span>Tentokr\u00e1t v\u0161ak u\u017e budou masy lid\u00ed na cel\u00e9m sv\u011bt\u011b probuzeny, v\u011bdomy si globalistick\u00fdch pl\u00e1n\u016f na uzurpov\u00e1n\u00ed moci nad lidstvem a nebudou u\u017e tak poslu\u0161n\u00e9 v\u016f\u010di hysterii rozpoutan\u00e9 m\u00e9dii hlavn\u00edho proudu.<\/span><\/p>\n<p><span>Jednodu\u0161e \u0159e\u010deno, st\u00ednov\u00e1 sv\u011btovl\u00e1da za\u010d\u00edn\u00e1 b\u00fdt zoufal\u00e1 a chov\u00e1 se jako zv\u00ed\u0159e zahnan\u00e9 do kouta.<\/span><\/p>\n<p><span>Autor: Sean Adl-Tabatabai,\u00a0<\/span><a href=\"https:\/\/thepeoplesvoice.tv\/biden-insider-reveals-full-covid-restrictions-coming-lockdown-will-be-worse-than-before\/\" target=\"_blank\" rel=\"noopener\"><span>The People&#8217;s Voice<\/span><\/a><span>\u00a0<\/span><\/p>\n<p>&nbsp;<\/p>\n<p><a href=\"https:\/\/stranapro.cz\/\"><img decoding=\"async\" loading=\"lazy\" class=\"wp-image-30218 aligncenter\" src=\"http:\/\/www.infokuryr.cz\/n\/wp-content\/uploads\/2023\/06\/PRO-banner-300x36.png\" alt=\"\" width=\"1350\" height=\"162\" srcset=\"https:\/\/www.infokuryr.cz\/n\/wp-content\/uploads\/2023\/06\/PRO-banner-300x36.png 300w, https:\/\/www.infokuryr.cz\/n\/wp-content\/uploads\/2023\/06\/PRO-banner-768x93.png 768w, https:\/\/www.infokuryr.cz\/n\/wp-content\/uploads\/2023\/06\/PRO-banner.png 849w\" sizes=\"(max-width: 1350px) 100vw, 1350px\" \/><\/a><\/p>\n<p>&nbsp;<\/p>\n<p>&nbsp;<\/p>\n<p>&nbsp;<\/p>\n","protected":false},"excerpt":{"rendered":"<p>Skupina zasv\u011bcen\u00fdch osob zevnit\u0159 Bidenovy administrativy odhalily pl\u00e1ny na implementaci nov\u00fdch tot\u00e1ln\u00edch drakonick\u00fdch lockdown\u016f z&#8230;<\/p>\n","protected":false},"author":2,"featured_media":8356,"comment_status":"closed","ping_status":"closed","sticky":false,"template":"","format":"standard","meta":[],"categories":[7],"tags":[23,279,1502,48,5699],"_links":{"self":[{"href":"https:\/\/www.infokuryr.cz\/n\/wp-json\/wp\/v2\/posts\/34452"}],"collection":[{"href":"https:\/\/www.infokuryr.cz\/n\/wp-json\/wp\/v2\/posts"}],"about":[{"href":"https:\/\/www.infokuryr.cz\/n\/wp-json\/wp\/v2\/types\/post"}],"author":[{"embeddable":true,"href":"https:\/\/www.infokuryr.cz\/n\/wp-json\/wp\/v2\/users\/2"}],"replies":[{"embeddable":true,"href":"https:\/\/www.infokuryr.cz\/n\/wp-json\/wp\/v2\/comments?post=34452"}],"version-history":[{"count":1,"href":"https:\/\/www.infokuryr.cz\/n\/wp-json\/wp\/v2\/posts\/34452\/revisions"}],"predecessor-version":[{"id":34453,"href":"https:\/\/www.infokuryr.cz\/n\/wp-json\/wp\/v2\/posts\/34452\/revisions\/34453"}],"wp:featuredmedia":[{"embeddable":true,"href":"https:\/\/www.infokuryr.cz\/n\/wp-json\/wp\/v2\/media\/8356"}],"wp:attachment":[{"href":"https:\/\/www.infokuryr.cz\/n\/wp-json\/wp\/v2\/media?parent=34452"}],"wp:term":[{"taxonomy":"category","embeddable":true,"href":"https:\/\/www.infokuryr.cz\/n\/wp-json\/wp\/v2\/categories?post=34452"},{"taxonomy":"post_tag","embeddable":true,"href":"https:\/\/www.infokuryr.cz\/n\/wp-json\/wp\/v2\/tags?post=34452"}],"curies":[{"name":"wp","href":"https:\/\/api.w.org\/{rel}","templated":true}]}}