{"id":3445,"date":"2021-07-20T03:23:27","date_gmt":"2021-07-20T01:23:27","guid":{"rendered":"http:\/\/www.infokuryr.cz\/n\/?p=3445"},"modified":"2021-07-20T03:23:27","modified_gmt":"2021-07-20T01:23:27","slug":"spanelsko-odmitlo-koupit-vakcinu-astrazeneca","status":"publish","type":"post","link":"https:\/\/www.infokuryr.cz\/n\/2021\/07\/20\/spanelsko-odmitlo-koupit-vakcinu-astrazeneca\/","title":{"rendered":"\u0160pan\u011blsko odm\u00edtlo koupit vakc\u00ednu AstraZeneca"},"content":{"rendered":"<div id=\"fb-root\"><\/div>\n<p><strong>\u0160pan\u011blsko ji\u017e nebude kupovat vakc\u00ednu AstraZeneca, potvrdilo ministerstvo zdravotnictv\u00ed v rozhovoru pro agenturu RIA Novosti.<\/strong><\/p>\n<p>Na ministerstvu vysv\u011btlili, \u017ee v sou\u010dasn\u00e9 dob\u011b je\u00a0<strong>vakc\u00edna<\/strong>\u00a0od spole\u010dnosti\u00a0<strong>AstraZeneca\u00a0<\/strong>p\u0159ed\u00e1v\u00e1na pouze autonomn\u00edm komunit\u00e1m za \u00fa\u010delem \u201edokon\u010den\u00ed o\u010dkov\u00e1n\u00ed obyvatel star\u0161\u00edch 60 let\u201c. Ve v\u011bkov\u00e9 skupin\u011b od 60 do 69 let je ji\u017e 78 % pln\u011b o\u010dkov\u00e1no (95,6 % dostalo jednu d\u00e1vku), ve v\u011bkov\u00e9 skupin\u011b od 70 do 79 let je to 97,6 %, nad 80 let \u2013 100 %.<\/p>\n<p>P\u016fvodn\u011b se p\u0159edpokl\u00e1dalo, \u017ee \u0160pan\u011blsko koup\u00ed 31 milion\u016f d\u00e1vek vakc\u00edny AstraZeneca, ale kv\u016fli vedlej\u0161\u00edm \u00fa\u010dink\u016fm bylo rozhodnuto ji odm\u00edtnout a do zem\u011b bylo dod\u00e1no pouze 10,3 milion\u016f d\u00e1vek vakc\u00edny; 5 milion\u016f lid\u00ed dostalo alespo\u0148 jednu d\u00e1vku, ob\u011b d\u00e1vky dostalo 3,9 milionu obyvatel.<\/p>\n<p>Zb\u00fdvaj\u00edc\u00ed vakc\u00edna od firmy\u00a0AstraZeneca\u00a0bude\u00a0p\u0159ed\u00e1na do t\u0159et\u00edch zem\u00ed\u00a0prost\u0159ednictv\u00edm COVAX (glob\u00e1ln\u00ed p\u0159\u00edstup k vakc\u00edn\u00e1m proti covidu-19).<\/p>\n<p>Celkov\u011b je v zemi pln\u011b o\u010dkov\u00e1no 23,4 milionu lid\u00ed, minim\u00e1ln\u011b jedna d\u00e1vka vakc\u00edny byla pod\u00e1na 29 milion\u016fm pacient\u016f (celkov\u00fd po\u010det obyvatel zem\u011b je 47 milion\u016f).<\/p>\n<p><strong>Probl\u00e9my v Ji\u017en\u00ed Koreji<\/strong><\/p>\n<p>Ji\u017e d\u0159\u00edve m\u00e9dia\u00a0uv\u00e1d\u011bla, \u017ee Ji\u017en\u00ed Korea pova\u017euje vakc\u00ednu od firmy AstraZeneca za nebezpe\u010dnou pro lidi mlad\u0161\u00ed 50 let<\/p>\n<p>Jihokorejsk\u00e9 \u00fa\u0159ady se rozhodly zv\u00fd\u0161it v\u011bkovou hranici pro o\u010dkov\u00e1n\u00ed lid\u00ed p\u0159\u00edpravkem AstraZeneca na 50 let. P\u0159\u00ed\u010dinou byla smrt relativn\u011b mlad\u00e9ho mu\u017ee, kter\u00fd zem\u0159el po aplikaci vakc\u00edny.<\/p>\n<p>\u201eProvedli jsme srovn\u00e1vac\u00ed anal\u00fdzu rizika tromb\u00f3zy a kumulativn\u00edch v\u00fdhod vakc\u00edny AstraZeneca a u\u010dinili jsme p\u0159\u00edslu\u0161n\u00e9 rozhodnut\u00ed ve prosp\u011bch zaji\u0161t\u011bn\u00ed bezpe\u010dnosti na\u0161ich ob\u010dan\u016f,\u201c \u0159ekla novin\u00e1\u0159\u016fm na tiskov\u00e9m briefingu Jung Eun Kyungov\u00e1, \u0159editelka Korejsk\u00e9 agentury pro kontrolu nemoc\u00ed. Vysv\u011btlila, \u017ee od nyn\u011bj\u0161ka bude tato vakc\u00edna v Ji\u017en\u00ed Koreji pou\u017e\u00edv\u00e1na pouze pro lidi ve v\u011bku od 50 let v\u00fd\u0161e. Ti, kte\u0159\u00ed ji\u017e byli o\u010dkov\u00e1ni prvn\u00ed d\u00e1vkou vakc\u00edny AstraZeneca a je jim m\u00e9n\u011b ne\u017e 50 let, obdr\u017e\u00ed ve druh\u00e9 f\u00e1zi vakc\u00ednu Pfizer.<\/p>\n<p>D\u0159\u00edve byla v\u011bkov\u00e1 hranice pro aplikaci p\u0159\u00edpravku v Koreji 30 let. 16. \u010dervna v\u0161ak v Ji\u017en\u00ed Koreji zem\u0159el mu\u017e, kter\u00e9mu bylo 30 let. 27. kv\u011btna byl b\u011bhem prvn\u00ed etapy o\u010dkov\u00e1n p\u0159\u00edpravkem AstraZeneca, ale po n\u011bkolika dnech se mu ud\u011blalo \u0161patn\u011b, 8. \u010dervna byl hospitalizov\u00e1n, ale nepoda\u0159ilo se ho zachr\u00e1nit. Na z\u00e1klad\u011b v\u00fdsledk\u016f zkoum\u00e1n\u00ed dosp\u011bli jihokorej\u0161t\u00ed l\u00e9ka\u0159i ke kone\u010dn\u00e9mu z\u00e1v\u011bru, \u017ee existuje p\u0159\u00edm\u00e1 souvislost mezi o\u010dkov\u00e1n\u00edm p\u0159\u00edpravkem AstraZeneca a \u00famrt\u00edm. P\u0159\u00edpravek vyvolal tromb\u00f3zu a pot\u00e9 ji\u017e do\u0161lo k \u00famrt\u00ed. Toto je prvn\u00ed p\u0159\u00edpad v Ji\u017en\u00ed Koreji, kdy bylo p\u0159izn\u00e1no, \u017ee \u010dlov\u011bk zem\u0159el n\u00e1sledkem o\u010dkov\u00e1n\u00ed. A\u010dkoli jsou p\u0159\u00edpady vzniku tromb\u00f3zy p\u0159i aplikaci p\u0159\u00edpravku AstraZeneca extr\u00e9mn\u011b vz\u00e1cn\u00e9, skute\u010dn\u011b k nim doch\u00e1z\u00ed a nyn\u00ed se Korea rozhodla p\u0159ijmout dal\u0161\u00ed opat\u0159en\u00ed k jejich prevenci.<\/p>\n<p>Samotn\u00fd proces v\u0161eobecn\u00e9ho o\u010dkov\u00e1n\u00ed v Ji\u017en\u00ed Koreji z\u00e1rove\u0148 pokra\u010duje bez p\u0159eru\u0161en\u00ed. Podle \u00fadaj\u016f k r\u00e1nu 2. \u010dervence bylo 29,9 procent populace o\u010dkov\u00e1no alespo\u0148 jednou slo\u017ekou dvoustup\u0148ov\u00e9 vakc\u00edny a 10 procent bylo pln\u011b nao\u010dkov\u00e1no proti covidu-19. O\u010dkov\u00e1n\u00ed bylo v zemi zah\u00e1jeno 26. \u00fanora 2020. Ji\u017en\u00ed Korea dosud schv\u00e1lila u\u017e\u00edv\u00e1n\u00ed \u010dty\u0159 p\u0159\u00edpravk\u016f, kter\u00e9 jsou v\u0161echny z\u00e1padn\u00edho p\u016fvodu: AstraZeneca, Pfizer, Janssen a Moderna.<\/p>\n<p><a href=\"https:\/\/cz.sputniknews.com\/20210719\/spanelsko-odmitlo-koupit-vakcinu-astrazeneca-15197759.html\">ZDROJ<\/a><\/p>\n<p>&nbsp;<\/p>\n","protected":false},"excerpt":{"rendered":"<p>\u0160pan\u011blsko ji\u017e nebude kupovat vakc\u00ednu AstraZeneca, potvrdilo ministerstvo zdravotnictv\u00ed v rozhovoru pro agenturu RIA Novosti&#8230;.<\/p>\n","protected":false},"author":2,"featured_media":856,"comment_status":"closed","ping_status":"closed","sticky":false,"template":"","format":"standard","meta":[],"categories":[7],"tags":[136,440,651],"_links":{"self":[{"href":"https:\/\/www.infokuryr.cz\/n\/wp-json\/wp\/v2\/posts\/3445"}],"collection":[{"href":"https:\/\/www.infokuryr.cz\/n\/wp-json\/wp\/v2\/posts"}],"about":[{"href":"https:\/\/www.infokuryr.cz\/n\/wp-json\/wp\/v2\/types\/post"}],"author":[{"embeddable":true,"href":"https:\/\/www.infokuryr.cz\/n\/wp-json\/wp\/v2\/users\/2"}],"replies":[{"embeddable":true,"href":"https:\/\/www.infokuryr.cz\/n\/wp-json\/wp\/v2\/comments?post=3445"}],"version-history":[{"count":0,"href":"https:\/\/www.infokuryr.cz\/n\/wp-json\/wp\/v2\/posts\/3445\/revisions"}],"wp:featuredmedia":[{"embeddable":true,"href":"https:\/\/www.infokuryr.cz\/n\/wp-json\/wp\/v2\/media\/856"}],"wp:attachment":[{"href":"https:\/\/www.infokuryr.cz\/n\/wp-json\/wp\/v2\/media?parent=3445"}],"wp:term":[{"taxonomy":"category","embeddable":true,"href":"https:\/\/www.infokuryr.cz\/n\/wp-json\/wp\/v2\/categories?post=3445"},{"taxonomy":"post_tag","embeddable":true,"href":"https:\/\/www.infokuryr.cz\/n\/wp-json\/wp\/v2\/tags?post=3445"}],"curies":[{"name":"wp","href":"https:\/\/api.w.org\/{rel}","templated":true}]}}