{"id":34449,"date":"2023-08-21T05:01:04","date_gmt":"2023-08-21T03:01:04","guid":{"rendered":"http:\/\/www.infokuryr.cz\/n\/?p=34449"},"modified":"2023-08-21T05:01:04","modified_gmt":"2023-08-21T03:01:04","slug":"ruska-protivzdusna-obrana-sestrelila-nekolik-cilu-pobliz-belgorodu","status":"publish","type":"post","link":"https:\/\/www.infokuryr.cz\/n\/2023\/08\/21\/ruska-protivzdusna-obrana-sestrelila-nekolik-cilu-pobliz-belgorodu\/","title":{"rendered":"Rusk\u00e1 protivzdu\u0161n\u00e1 obrana sest\u0159elila n\u011bkolik c\u00edl\u016f pobl\u00ed\u017e Belgorodu"},"content":{"rendered":"<div id=\"fb-root\"><\/div>\n<p><span style=\"font-size: 18pt;\"><strong>Podle Vja\u010deslava Gladkova bylo zni\u010deno n\u011bkolik vzdu\u0161n\u00fdch c\u00edl\u016f a z\u00e1chrann\u00e9 slu\u017eby odhaduj\u00ed potenci\u00e1ln\u00ed \u0161kody<\/strong><\/span><\/p>\n<p><span>Rusk\u00e1 protivzdu\u0161n\u00e1 obrana v sobotu sest\u0159elila n\u011bkolik dron\u016f nad jihoz\u00e1padn\u00edm regionem Belgorod, podle m\u00edstn\u00edch \u00fa\u0159ad\u016f a arm\u00e1dy zem\u011b.<\/span><\/p>\n<p><span>Ministerstvo obrany potvrdilo zni\u010den\u00ed t\u0159\u00ed bezpilotn\u00edch letadel v oblasti a obvinilo Kyjev ze zma\u0159en\u00e9ho\u00a0<\/span><em><span>\u201eteroristick\u00e9ho \u00fatoku\u201c.\u00a0<\/span><\/em><span>Bezpilotn\u00ed letouny byly sest\u0159eleny v neobydlen\u00e9 oblasti, ani\u017e by do\u0161lo k \u017e\u00e1dn\u00fdm ob\u011btem nebo materi\u00e1ln\u00edm \u0161kod\u00e1m na zemi, uvedla arm\u00e1da.<\/span><\/p>\n<p><span>Guvern\u00e9r B\u011blgorodu Vja\u010deslav Gladkov p\u016fvodn\u011b uvedl, \u017ee mimo m\u011bsto bylo sest\u0159eleno nejm\u00e9n\u011b 12 vzdu\u0161n\u00fdch c\u00edl\u016f.\u00a0\u00da\u0159edn\u00edk toto \u010d\u00edslo pozd\u011bji b\u011bhem dne revidoval a potvrdil, \u017ee byly sest\u0159eleny pouze t\u0159i c\u00edle, p\u0159i\u010dem\u017e prvotn\u00ed vyhodnocen\u00ed situace nazna\u010dovalo, \u017ee incident nezp\u016fsobil \u017e\u00e1dn\u00e9 \u0161kody na zemi.<\/span><\/p>\n<p><span>Rusk\u00e9 pohrani\u010dn\u00ed regiony Kursk, Brjansk a Belgorod byly opakovan\u011b vystaveny \u00fatok\u016fm bezpilotn\u00edch letoun\u016f a d\u011blost\u0159eleck\u00e9mu ost\u0159elov\u00e1n\u00ed ze strany Kyjeva b\u011bhem prob\u00edhaj\u00edc\u00edho konfliktu, kter\u00fd vypukl ji\u017e v \u00fanoru 2022. \u00datoky si vy\u017e\u00e1daly des\u00edtky mrtv\u00fdch a zran\u011bn\u00fdch civilist\u016f a tak\u00e9 po\u0161kozen\u00ed infrastruktura.<\/span><\/p>\n<p><span>V posledn\u00edch t\u00fddnech Ukrajina tak\u00e9 zes\u00edlila sv\u00e9 \u00fasil\u00ed zam\u011b\u0159it se na rusk\u00e9 hlavn\u00ed m\u011bsto pomoc\u00ed dron\u016f s dlouh\u00fdm dosahem.\u00a0Pokusy byly zat\u00edm v\u011bt\u0161inou ne\u00fasp\u011b\u0161n\u00e9, ale n\u011bkolik bezpilotn\u00edch letadel se dostalo do moskevsk\u00e9 obchodn\u00ed \u010dtvrti, kde zp\u016fsobilo materi\u00e1ln\u00ed \u0161kody.<\/span><\/p>\n<p><img decoding=\"async\" loading=\"lazy\" class=\"alignnone size-full wp-image-1185\" src=\"http:\/\/www.infokuryr.cz\/n\/wp-content\/uploads\/2021\/04\/kuryr-podpis.png\" alt=\"\" width=\"84\" height=\"24\" \/><\/p>\n<p>&nbsp;<\/p>\n<p><img decoding=\"async\" loading=\"lazy\" class=\"wp-image-33819 aligncenter\" src=\"http:\/\/www.infokuryr.cz\/n\/wp-content\/uploads\/2023\/08\/ces1-300x157.jpg\" alt=\"\" width=\"1361\" height=\"712\" srcset=\"https:\/\/www.infokuryr.cz\/n\/wp-content\/uploads\/2023\/08\/ces1-300x157.jpg 300w, https:\/\/www.infokuryr.cz\/n\/wp-content\/uploads\/2023\/08\/ces1-1024x536.jpg 1024w, https:\/\/www.infokuryr.cz\/n\/wp-content\/uploads\/2023\/08\/ces1-768x402.jpg 768w, https:\/\/www.infokuryr.cz\/n\/wp-content\/uploads\/2023\/08\/ces1.jpg 1200w\" sizes=\"(max-width: 1361px) 100vw, 1361px\" \/><\/p>\n<p>&nbsp;<\/p>\n<p><a href=\"https:\/\/stranapro.cz\/\"><img decoding=\"async\" loading=\"lazy\" class=\"wp-image-30218 aligncenter\" src=\"http:\/\/www.infokuryr.cz\/n\/wp-content\/uploads\/2023\/06\/PRO-banner-300x36.png\" alt=\"\" width=\"1350\" height=\"162\" srcset=\"https:\/\/www.infokuryr.cz\/n\/wp-content\/uploads\/2023\/06\/PRO-banner-300x36.png 300w, https:\/\/www.infokuryr.cz\/n\/wp-content\/uploads\/2023\/06\/PRO-banner-768x93.png 768w, https:\/\/www.infokuryr.cz\/n\/wp-content\/uploads\/2023\/06\/PRO-banner.png 849w\" sizes=\"(max-width: 1350px) 100vw, 1350px\" \/><\/a><\/p>\n<p>&nbsp;<\/p>\n<p>&nbsp;<\/p>\n<p>&nbsp;<\/p>\n","protected":false},"excerpt":{"rendered":"<p>Podle Vja\u010deslava Gladkova bylo zni\u010deno n\u011bkolik vzdu\u0161n\u00fdch c\u00edl\u016f a z\u00e1chrann\u00e9 slu\u017eby odhaduj\u00ed potenci\u00e1ln\u00ed \u0161kody Rusk\u00e1&#8230;<\/p>\n","protected":false},"author":2,"featured_media":34450,"comment_status":"closed","ping_status":"closed","sticky":false,"template":"","format":"standard","meta":[],"categories":[7],"tags":[2856,3071,26],"_links":{"self":[{"href":"https:\/\/www.infokuryr.cz\/n\/wp-json\/wp\/v2\/posts\/34449"}],"collection":[{"href":"https:\/\/www.infokuryr.cz\/n\/wp-json\/wp\/v2\/posts"}],"about":[{"href":"https:\/\/www.infokuryr.cz\/n\/wp-json\/wp\/v2\/types\/post"}],"author":[{"embeddable":true,"href":"https:\/\/www.infokuryr.cz\/n\/wp-json\/wp\/v2\/users\/2"}],"replies":[{"embeddable":true,"href":"https:\/\/www.infokuryr.cz\/n\/wp-json\/wp\/v2\/comments?post=34449"}],"version-history":[{"count":0,"href":"https:\/\/www.infokuryr.cz\/n\/wp-json\/wp\/v2\/posts\/34449\/revisions"}],"wp:featuredmedia":[{"embeddable":true,"href":"https:\/\/www.infokuryr.cz\/n\/wp-json\/wp\/v2\/media\/34450"}],"wp:attachment":[{"href":"https:\/\/www.infokuryr.cz\/n\/wp-json\/wp\/v2\/media?parent=34449"}],"wp:term":[{"taxonomy":"category","embeddable":true,"href":"https:\/\/www.infokuryr.cz\/n\/wp-json\/wp\/v2\/categories?post=34449"},{"taxonomy":"post_tag","embeddable":true,"href":"https:\/\/www.infokuryr.cz\/n\/wp-json\/wp\/v2\/tags?post=34449"}],"curies":[{"name":"wp","href":"https:\/\/api.w.org\/{rel}","templated":true}]}}