{"id":34448,"date":"2023-08-21T04:58:24","date_gmt":"2023-08-21T02:58:24","guid":{"rendered":"http:\/\/www.infokuryr.cz\/n\/?p=34448"},"modified":"2023-08-21T04:58:24","modified_gmt":"2023-08-21T02:58:24","slug":"70-nemcu-chce-noveho-kanclere-pruzkum","status":"publish","type":"post","link":"https:\/\/www.infokuryr.cz\/n\/2023\/08\/21\/70-nemcu-chce-noveho-kanclere-pruzkum\/","title":{"rendered":"70 % N\u011bmc\u016f chce nov\u00e9ho kancl\u00e9\u0159e \u2013 pr\u016fzkum"},"content":{"rendered":"<div id=\"fb-root\"><\/div>\n<p><span style=\"font-size: 18pt;\"><strong>Pouze 15 % si mysl\u00ed, \u017ee koalice semafor\u016f funguje l\u00e9pe ne\u017e p\u0159edchoz\u00ed vl\u00e1da, podle pr\u016fzkumu INSA\/Bild<\/strong><\/span><\/p>\n<p><span>V\u00edce ne\u017e dv\u011b t\u0159etiny n\u011bmeck\u00fdch voli\u010d\u016f jsou podle nov\u00e9ho pr\u016fzkumu agentury INSA pro den\u00edk Bild nespokojeny s prac\u00ed kancl\u00e9\u0159e Olafa Scholze.<\/span><\/p>\n<p><span>Rostouc\u00ed po\u010det N\u011bmc\u016f je frustrovan\u00fd takzvanou\u00a0<\/span><em><span>\u201esemaforovou\u201c<\/span><\/em><span>\u00a0koali\u010dn\u00ed vl\u00e1dou kancl\u00e9\u0159e Scholze, kter\u00e1 se skl\u00e1d\u00e1 z SPD, Zelen\u00fdch a Svobodn\u00fdch demokrat\u016f (FDP), p\u0159i\u010dem\u017e u v\u0161ech t\u0159\u00ed byla v pr\u016fzkumech velmi obl\u00edben\u00e1. ji\u017e po roce a p\u016fl ve funkci.<\/span><\/p>\n<p><span>Pouze 15 procent respondent\u016f v posledn\u00edm pr\u016fzkumu INSA zve\u0159ejn\u011bn\u00e9m v sobotu\u00a0<\/span><a href=\"https:\/\/www.bild.de\/politik\/inland\/politik\/umfrage-desaster-fuer-scholz-und-die-ampel-zwei-drittel-wollen-eine-neue-regieru-85094814.bild.html\" target=\"_blank\" rel=\"noopener noreferrer\"><span>Bildem<\/span><\/a><span>\u00a0uvedlo, \u017ee koalice semafor\u016f odv\u00e1d\u00ed dobrou pr\u00e1ci, zat\u00edmco t\u00e9m\u011b\u0159 polovina v\u011b\u0159\u00ed, \u017ee p\u0159edchoz\u00ed velk\u00e1 koalice CDU\/CSU a SPD si vedla l\u00e9pe.<\/span><\/p>\n<p><span>T\u00e9m\u011b\u0159 dv\u011b t\u0159etiny (64 procent) respondent\u016f uvedly, \u017ee by N\u011bmecko\u00a0<\/span><em><span>\u201eprosp\u011blo\u201c<\/span><\/em><span>\u00a0ze zm\u011bny vl\u00e1dy, zat\u00edmco necel\u00fd \u010dtvrt\u00fd (22 procent) by rad\u011bji zachoval st\u00e1vaj\u00edc\u00ed koalici.\u00a0P\u0159ibli\u017en\u011b 70 % respondent\u016f (z 1 004 dot\u00e1zan\u00fdch mezi 17. a 18. srpnem) bylo se Scholzem osobn\u011b nespokojeno.<\/span><\/p>\n<p><span>Pr\u016fzkum Forsa Institute, kter\u00fd si minul\u00fd t\u00fdden objednala nejv\u011bt\u0161\u00ed odborov\u00e1 organizace zam\u011bstnanc\u016f ve\u0159ejn\u00e9ho sektoru v zemi, tak\u00e9 uk\u00e1zal, \u017ee d\u016fv\u011bra ve st\u00e1t klesla v N\u011bmecku na rekordn\u00ed minimum a v\u011bt\u0161ina populace si mysl\u00ed, \u017ee jejich \u00fa\u0159edn\u00edci prost\u011b nejsou schopni d\u011blat svou pr\u00e1ci.\u00a0Po\u010det lid\u00ed, kte\u0159\u00ed se domn\u00edvaj\u00ed, \u017ee st\u00e1t je\u00a0<\/span><em><span>\u201ezavalen\u201c<\/span><\/em><span>\u00a0\u00fakoly, kter\u00e9 p\u0159ed n\u00edm stoj\u00ed, dos\u00e1hl 69 %, zat\u00edmco po\u010det lid\u00ed, kte\u0159\u00ed st\u00e1le d\u016fv\u011b\u0159uj\u00ed schopnostem sv\u00fdch ve\u0159ejn\u00fdch \u010dinitel\u016f, se oproti p\u0159edchoz\u00edmu roku sn\u00ed\u017eil o dva procentn\u00ed body. roku a \u010dinil pouh\u00fdch 27 %.<\/span><\/p>\n<p><span>Jin\u00fd pr\u016fzkum \u2013 zadan\u00fd n\u011bmeckou ve\u0159ejnopr\u00e1vn\u00ed stanic\u00ed ARD na za\u010d\u00e1tku srpna \u2013 ukazuje, \u017ee ve\u0159ejn\u00fd souhlas n\u011bmeck\u00e9 vl\u00e1dy klesl na pouh\u00fdch 21 %, oproti 60 % v roce 2020.<\/span><\/p>\n<p><img decoding=\"async\" loading=\"lazy\" class=\"alignnone size-full wp-image-1185\" src=\"http:\/\/www.infokuryr.cz\/n\/wp-content\/uploads\/2021\/04\/kuryr-podpis.png\" alt=\"\" width=\"84\" height=\"24\" \/><\/p>\n<p>&nbsp;<\/p>\n<p><img decoding=\"async\" loading=\"lazy\" class=\"wp-image-33819 aligncenter\" src=\"http:\/\/www.infokuryr.cz\/n\/wp-content\/uploads\/2023\/08\/ces1-300x157.jpg\" alt=\"\" width=\"1366\" height=\"715\" srcset=\"https:\/\/www.infokuryr.cz\/n\/wp-content\/uploads\/2023\/08\/ces1-300x157.jpg 300w, https:\/\/www.infokuryr.cz\/n\/wp-content\/uploads\/2023\/08\/ces1-1024x536.jpg 1024w, https:\/\/www.infokuryr.cz\/n\/wp-content\/uploads\/2023\/08\/ces1-768x402.jpg 768w, https:\/\/www.infokuryr.cz\/n\/wp-content\/uploads\/2023\/08\/ces1.jpg 1200w\" sizes=\"(max-width: 1366px) 100vw, 1366px\" \/><\/p>\n<p>&nbsp;<\/p>\n<p><a href=\"https:\/\/stranapro.cz\/\"><img decoding=\"async\" loading=\"lazy\" class=\"wp-image-30218 aligncenter\" src=\"http:\/\/www.infokuryr.cz\/n\/wp-content\/uploads\/2023\/06\/PRO-banner-300x36.png\" alt=\"\" width=\"1358\" height=\"163\" srcset=\"https:\/\/www.infokuryr.cz\/n\/wp-content\/uploads\/2023\/06\/PRO-banner-300x36.png 300w, https:\/\/www.infokuryr.cz\/n\/wp-content\/uploads\/2023\/06\/PRO-banner-768x93.png 768w, https:\/\/www.infokuryr.cz\/n\/wp-content\/uploads\/2023\/06\/PRO-banner.png 849w\" sizes=\"(max-width: 1358px) 100vw, 1358px\" \/><\/a><\/p>\n<p>&nbsp;<\/p>\n<p>&nbsp;<\/p>\n<p>&nbsp;<\/p>\n","protected":false},"excerpt":{"rendered":"<p>Pouze 15 % si mysl\u00ed, \u017ee koalice semafor\u016f funguje l\u00e9pe ne\u017e p\u0159edchoz\u00ed vl\u00e1da, podle pr\u016fzkumu&#8230;<\/p>\n","protected":false},"author":2,"featured_media":29534,"comment_status":"closed","ping_status":"closed","sticky":false,"template":"","format":"standard","meta":[],"categories":[7],"tags":[1441,5698,84,1554],"_links":{"self":[{"href":"https:\/\/www.infokuryr.cz\/n\/wp-json\/wp\/v2\/posts\/34448"}],"collection":[{"href":"https:\/\/www.infokuryr.cz\/n\/wp-json\/wp\/v2\/posts"}],"about":[{"href":"https:\/\/www.infokuryr.cz\/n\/wp-json\/wp\/v2\/types\/post"}],"author":[{"embeddable":true,"href":"https:\/\/www.infokuryr.cz\/n\/wp-json\/wp\/v2\/users\/2"}],"replies":[{"embeddable":true,"href":"https:\/\/www.infokuryr.cz\/n\/wp-json\/wp\/v2\/comments?post=34448"}],"version-history":[{"count":0,"href":"https:\/\/www.infokuryr.cz\/n\/wp-json\/wp\/v2\/posts\/34448\/revisions"}],"wp:featuredmedia":[{"embeddable":true,"href":"https:\/\/www.infokuryr.cz\/n\/wp-json\/wp\/v2\/media\/29534"}],"wp:attachment":[{"href":"https:\/\/www.infokuryr.cz\/n\/wp-json\/wp\/v2\/media?parent=34448"}],"wp:term":[{"taxonomy":"category","embeddable":true,"href":"https:\/\/www.infokuryr.cz\/n\/wp-json\/wp\/v2\/categories?post=34448"},{"taxonomy":"post_tag","embeddable":true,"href":"https:\/\/www.infokuryr.cz\/n\/wp-json\/wp\/v2\/tags?post=34448"}],"curies":[{"name":"wp","href":"https:\/\/api.w.org\/{rel}","templated":true}]}}