{"id":34440,"date":"2023-08-21T01:17:30","date_gmt":"2023-08-20T23:17:30","guid":{"rendered":"http:\/\/www.infokuryr.cz\/n\/?p=34440"},"modified":"2023-08-20T15:59:42","modified_gmt":"2023-08-20T13:59:42","slug":"kyjev-pohrozil-izraeli-ze-kvuli-deportaci-ukrajincu-uzavre-pro-poutniky-uman","status":"publish","type":"post","link":"https:\/\/www.infokuryr.cz\/n\/2023\/08\/21\/kyjev-pohrozil-izraeli-ze-kvuli-deportaci-ukrajincu-uzavre-pro-poutniky-uman\/","title":{"rendered":"Kyjev pohrozil Izraeli, \u017ee kv\u016fli deportaci Ukrajinc\u016f uzav\u0159e pro poutn\u00edky Um\u00e1n"},"content":{"rendered":"<div id=\"fb-root\"><\/div>\n<p><strong>\u017didovsk\u00fdm poutn\u00edk\u016fm bude odep\u0159en vstup do ukrajinsk\u00e9ho m\u011bsta Umanu, pokud bude Izrael nad\u00e1le deportovat Ukrajince. Ozn\u00e1mila to 20. srpna ukrajinsk\u00e1 diplomatick\u00e1 mise v Tel Avivu.<\/strong><\/p>\n<p><span>\u201eVl\u00e1da Ukrajiny v jednozna\u010dn\u00e9m vzkazu Izraeli: pokud deportace Ukrajinc\u016f z Izraele nep\u0159estanou, vstup Izraelc\u016f do Umanu bude zak\u00e1z\u00e1n.\u00a0Ukrajina pozastav\u00ed dohodu o bezv\u00edzov\u00e9m styku s Izraelem,\u201c uvedla ukrajinsk\u00e1 ambas\u00e1da v prohl\u00e1\u0161en\u00ed, kter\u00e9 citovala\u00a0<\/span><a href=\"https:\/\/ria.ru\/\" target=\"_blank\" rel=\"noopener\"><span>RIA Novosti<\/span><\/a><span>\u00a0.<\/span><\/p>\n<p><span>M\u011bsto Uma\u0148 se nach\u00e1z\u00ed v \u010cerkask\u00e9 oblasti\u00a0<\/span><a href=\"https:\/\/iz.ru\/tag\/ukraina\" target=\"_blank\" rel=\"noopener\"><span>na Ukrajin\u011b<\/span><\/a><span>\u00a0.\u00a0Nach\u00e1z\u00ed se v n\u00ed hrob zakladatele bratslavsk\u00e9ho chasidismu rab\u00edna Nachmana, kter\u00fd \u017eil v 18.-19. stolet\u00ed. Ka\u017edoro\u010dn\u011b se p\u0159\u00edznivci jednoho z proud\u016f judaismu \u2013 chasidismu, p\u0159ed oslavou \u017eidovsk\u00e9ho nov\u00e9ho roku Ro\u0161 ha-\u0161ana vyd\u00e1vaj\u00ed na pou\u0165 do Umani.\u00a0Letos sv\u00e1tek p\u0159ipad\u00e1 na data od 15. do 17. z\u00e1\u0159\u00ed.<\/span><\/p>\n<p><span>D\u0159\u00edve, 14. srpna, ukrajinsk\u00fd velvyslanec v Izraeli Jevhen Korniychuk \u0159ekl, \u017ee zem\u011b\u00a0<\/span><a href=\"https:\/\/iz.ru\/1558804\/2023-08-14\/posol-ukrainy-dopustil-priostanovku-bezvizovogo-rezhima-s-izrailem\" target=\"_blank\" rel=\"noopener\"><span>m\u016f\u017ee pozastavit bezv\u00edzov\u00fd re\u017eim s Tel Avivem<\/span><\/a><span>\u00a0.\u00a0Je to zp\u016fsobeno zejm\u00e9na p\u0159\u00edchodem poutn\u00edk\u016f do Uman\u011b a neschopnost\u00ed zem\u011b zajistit bezpe\u010dnost n\u00e1v\u0161t\u011bvy tohoto m\u00edsta kv\u016fli nedostatku vybaven\u00ed protivzdu\u0161n\u00e9 obrany na pozad\u00ed speci\u00e1ln\u00ed operace.\u00a0Podle Korniychuka jsou n\u011bkte\u0159\u00ed cizinci deportov\u00e1ni bez vysv\u011btlen\u00ed.<\/span><\/p>\n<p><span>Ukrajinsk\u00e9 ministerstvo zahrani\u010d\u00ed z\u00e1rove\u0148 v kv\u011btnu 2022 uvedlo, \u017ee\u00a0<\/span><a href=\"https:\/\/iz.ru\/1329496\/2022-05-03\/mid-rf-zaiavil-o-pestovanii-antisemitizma-i-natcizma-na-ukraine\" target=\"_blank\" rel=\"noopener\"><span>ka\u017edodenn\u00ed a politick\u00fd antisemitismus<\/span><\/a><span>\u00a0na Ukrajin\u011b je podn\u011bcov\u00e1n, nikoli potla\u010dov\u00e1n.\u00a0Nap\u0159\u00edklad v roce 2021 na Chanuku neonacist\u00e9 znesv\u011btili menoru v Kyjev\u011b a v Nikolajevu antisemit\u00e9 st\u0159\u00edhali girlandu na Chanuku.<\/span><\/p>\n<p><span>Tak\u00e9 v Umani v roce 2019 mu\u017e namaloval graffiti zn\u00e1zor\u0148uj\u00edc\u00ed hlavu nacistick\u00e9ho N\u011bmecka Adolfa Hitlera na ze\u010f, kter\u00e1 se nach\u00e1z\u00ed na \u00fazem\u00ed kompaktn\u00edho s\u00eddla bratslavsk\u00fdch chasid\u016f.<\/span><\/p>\n<p><iframe loading=\"lazy\" class=\"igi-player\" src=\"https:\/\/iz.ru\/video\/embed\/1073784#inside\" width=\"100%\" height=\"366\" frameborder=\"0\" allowfullscreen=\"allowfullscreen\" data-mce-fragment=\"1\"><\/iframe><\/p>\n<p><span>Do osmdes\u00e1titis\u00edcov\u00e9 Uman\u011b p\u0159ij\u00ed\u017ed\u00ed o podzimn\u00edch pr\u00e1zdnin\u00e1ch ro\u010dn\u011b 40-50 tis\u00edc \u017did\u016f.\u00a0Mezi poutn\u00edky je zvl\u00e1\u0161t\u011b mnoho stoupenc\u016f bratslavsk\u00fdch chasid\u016f.\u00a0V Umani v 19. stolet\u00ed byl poh\u0159ben zakladatel t\u00e9to v\u011btve chasidismu rab\u00edn Nachman z Bratslavi.<\/span><\/p>\n<p><img decoding=\"async\" loading=\"lazy\" class=\"alignnone size-full wp-image-1185\" src=\"http:\/\/www.infokuryr.cz\/n\/wp-content\/uploads\/2021\/04\/kuryr-podpis.png\" alt=\"\" width=\"84\" height=\"24\" \/><\/p>\n<p>&nbsp;<\/p>\n<p><img decoding=\"async\" loading=\"lazy\" class=\"wp-image-33819 aligncenter\" src=\"http:\/\/www.infokuryr.cz\/n\/wp-content\/uploads\/2023\/08\/ces1-300x157.jpg\" alt=\"\" width=\"1339\" height=\"701\" srcset=\"https:\/\/www.infokuryr.cz\/n\/wp-content\/uploads\/2023\/08\/ces1-300x157.jpg 300w, https:\/\/www.infokuryr.cz\/n\/wp-content\/uploads\/2023\/08\/ces1-1024x536.jpg 1024w, https:\/\/www.infokuryr.cz\/n\/wp-content\/uploads\/2023\/08\/ces1-768x402.jpg 768w, https:\/\/www.infokuryr.cz\/n\/wp-content\/uploads\/2023\/08\/ces1.jpg 1200w\" sizes=\"(max-width: 1339px) 100vw, 1339px\" \/><\/p>\n<p>&nbsp;<\/p>\n<p><a href=\"https:\/\/stranapro.cz\/\"><img decoding=\"async\" loading=\"lazy\" class=\"wp-image-30218 aligncenter\" src=\"http:\/\/www.infokuryr.cz\/n\/wp-content\/uploads\/2023\/06\/PRO-banner-300x36.png\" alt=\"\" width=\"1358\" height=\"163\" srcset=\"https:\/\/www.infokuryr.cz\/n\/wp-content\/uploads\/2023\/06\/PRO-banner-300x36.png 300w, https:\/\/www.infokuryr.cz\/n\/wp-content\/uploads\/2023\/06\/PRO-banner-768x93.png 768w, https:\/\/www.infokuryr.cz\/n\/wp-content\/uploads\/2023\/06\/PRO-banner.png 849w\" sizes=\"(max-width: 1358px) 100vw, 1358px\" \/><\/a><\/p>\n<p>&nbsp;<\/p>\n<p>&nbsp;<\/p>\n<p>&nbsp;<\/p>\n","protected":false},"excerpt":{"rendered":"<p>\u017didovsk\u00fdm poutn\u00edk\u016fm bude odep\u0159en vstup do ukrajinsk\u00e9ho m\u011bsta Umanu, pokud bude Izrael nad\u00e1le deportovat Ukrajince&#8230;.<\/p>\n","protected":false},"author":2,"featured_media":33115,"comment_status":"closed","ping_status":"closed","sticky":false,"template":"","format":"standard","meta":[],"categories":[7],"tags":[107,4867,26],"_links":{"self":[{"href":"https:\/\/www.infokuryr.cz\/n\/wp-json\/wp\/v2\/posts\/34440"}],"collection":[{"href":"https:\/\/www.infokuryr.cz\/n\/wp-json\/wp\/v2\/posts"}],"about":[{"href":"https:\/\/www.infokuryr.cz\/n\/wp-json\/wp\/v2\/types\/post"}],"author":[{"embeddable":true,"href":"https:\/\/www.infokuryr.cz\/n\/wp-json\/wp\/v2\/users\/2"}],"replies":[{"embeddable":true,"href":"https:\/\/www.infokuryr.cz\/n\/wp-json\/wp\/v2\/comments?post=34440"}],"version-history":[{"count":1,"href":"https:\/\/www.infokuryr.cz\/n\/wp-json\/wp\/v2\/posts\/34440\/revisions"}],"predecessor-version":[{"id":34441,"href":"https:\/\/www.infokuryr.cz\/n\/wp-json\/wp\/v2\/posts\/34440\/revisions\/34441"}],"wp:featuredmedia":[{"embeddable":true,"href":"https:\/\/www.infokuryr.cz\/n\/wp-json\/wp\/v2\/media\/33115"}],"wp:attachment":[{"href":"https:\/\/www.infokuryr.cz\/n\/wp-json\/wp\/v2\/media?parent=34440"}],"wp:term":[{"taxonomy":"category","embeddable":true,"href":"https:\/\/www.infokuryr.cz\/n\/wp-json\/wp\/v2\/categories?post=34440"},{"taxonomy":"post_tag","embeddable":true,"href":"https:\/\/www.infokuryr.cz\/n\/wp-json\/wp\/v2\/tags?post=34440"}],"curies":[{"name":"wp","href":"https:\/\/api.w.org\/{rel}","templated":true}]}}