{"id":34437,"date":"2023-08-21T01:16:32","date_gmt":"2023-08-20T23:16:32","guid":{"rendered":"http:\/\/www.infokuryr.cz\/n\/?p=34437"},"modified":"2023-08-20T15:43:11","modified_gmt":"2023-08-20T13:43:11","slug":"nejstarsi-dcera-spanelskeho-krale-17leta-leonor-odesla-na-tri-roky-do-armady","status":"publish","type":"post","link":"https:\/\/www.infokuryr.cz\/n\/2023\/08\/21\/nejstarsi-dcera-spanelskeho-krale-17leta-leonor-odesla-na-tri-roky-do-armady\/","title":{"rendered":"Nejstar\u0161\u00ed dcera \u0161pan\u011blsk\u00e9ho kr\u00e1le, 17let\u00e1 Leonor, ode\u0161la na t\u0159i roky do arm\u00e1dy"},"content":{"rendered":"<div id=\"fb-root\"><\/div>\n<p class=\"lead\"><strong>Princezna Leonor z Asturie, nejstar\u0161\u00ed dcera \u0161pan\u011blsk\u00e9ho kr\u00e1le Filipa VI., vstoupila do vojensk\u00e9 slu\u017eby.\u00a0Informuje o tom Daily Mail.<\/strong><\/p>\n<p><span>Na Vy\u0161\u0161\u00ed vojenskou akademii v Zaragoze dorazila v doprovodu cel\u00e9 sv\u00e9 rodiny minul\u00fd \u010dtvrtek a byla p\u0159id\u011blena do kadetn\u00edho praporu.<\/span><\/p>\n<p><span>Vojensk\u00fd v\u00fdcvik nyn\u00ed sedmn\u00e1ctilet\u00e9 princezny potrv\u00e1 celkem t\u0159i roky.\u00a0V prvn\u00ed bude studovat na akademii v Zaragoze, druhou str\u00e1v\u00ed na n\u00e1mo\u0159n\u00ed \u0161kole, kde se mimo jin\u00e9 nau\u010d\u00ed z\u00e1klady n\u00e1mo\u0159n\u00edch dovednost\u00ed na palub\u011b barku Juan Sebastian de Elcano, a t\u0159et\u00ed na hlavn\u00ed leteck\u00e9 vojensk\u00e9 akademii.<\/span><\/p>\n<p><span>Princezn\u011b bude 31. \u0159\u00edjna 18 let.\u00a0Podle agentury Reuters\u00a0je nejstar\u0161\u00ed dcerou<\/span><strong><span>\u00a0kr\u00e1le Filipa VI. a kr\u00e1lovny \u017dofie .<\/span><\/strong><\/p>\n<p><em>\u201eJako ve v\u0161ech parlamentn\u00edch monarchi\u00edch mus\u00ed m\u00edt n\u00e1sledn\u00edk tr\u016fnu vojenskou minulost a arm\u00e1dn\u00ed kari\u00e9ru&#8230; Jednoho dne se vrchn\u00ed velitelkou stane \u017eena.\u00a0V posledn\u00edch letech jsme vynalo\u017eili velk\u00e9 \u00fasil\u00ed na zv\u00fd\u0161en\u00ed po\u010dtu \u017een v arm\u00e1d\u011b,\u201c<span class=\"after-quote\">\u00a0&#8211; \u0159ekla p\u0159i t\u00e9to p\u0159\u00edle\u017eitosti ministryn\u011b obrany \u0160pan\u011blska\u00a0<strong>Margarita Roblesov\u00e1<\/strong>\u00a0.<\/span><\/em><\/p>\n<p><img decoding=\"async\" loading=\"lazy\" class=\"alignnone size-full wp-image-1185\" src=\"http:\/\/www.infokuryr.cz\/n\/wp-content\/uploads\/2021\/04\/kuryr-podpis.png\" alt=\"\" width=\"84\" height=\"24\" \/><\/p>\n<p>&nbsp;<\/p>\n<p><img decoding=\"async\" loading=\"lazy\" class=\"wp-image-33819 aligncenter\" src=\"http:\/\/www.infokuryr.cz\/n\/wp-content\/uploads\/2023\/08\/ces1-300x157.jpg\" alt=\"\" width=\"1349\" height=\"706\" srcset=\"https:\/\/www.infokuryr.cz\/n\/wp-content\/uploads\/2023\/08\/ces1-300x157.jpg 300w, https:\/\/www.infokuryr.cz\/n\/wp-content\/uploads\/2023\/08\/ces1-1024x536.jpg 1024w, https:\/\/www.infokuryr.cz\/n\/wp-content\/uploads\/2023\/08\/ces1-768x402.jpg 768w, https:\/\/www.infokuryr.cz\/n\/wp-content\/uploads\/2023\/08\/ces1.jpg 1200w\" sizes=\"(max-width: 1349px) 100vw, 1349px\" \/><\/p>\n<p>&nbsp;<\/p>\n<p><a href=\"https:\/\/stranapro.cz\/\"><img decoding=\"async\" loading=\"lazy\" class=\"wp-image-30218 aligncenter\" src=\"http:\/\/www.infokuryr.cz\/n\/wp-content\/uploads\/2023\/06\/PRO-banner-300x36.png\" alt=\"\" width=\"1350\" height=\"162\" srcset=\"https:\/\/www.infokuryr.cz\/n\/wp-content\/uploads\/2023\/06\/PRO-banner-300x36.png 300w, https:\/\/www.infokuryr.cz\/n\/wp-content\/uploads\/2023\/06\/PRO-banner-768x93.png 768w, https:\/\/www.infokuryr.cz\/n\/wp-content\/uploads\/2023\/06\/PRO-banner.png 849w\" sizes=\"(max-width: 1350px) 100vw, 1350px\" \/><\/a><\/p>\n<p>&nbsp;<\/p>\n<p>&nbsp;<\/p>\n<p>&nbsp;<\/p>\n","protected":false},"excerpt":{"rendered":"<p>Princezna Leonor z Asturie, nejstar\u0161\u00ed dcera \u0161pan\u011blsk\u00e9ho kr\u00e1le Filipa VI., vstoupila do vojensk\u00e9 slu\u017eby.\u00a0Informuje o&#8230;<\/p>\n","protected":false},"author":2,"featured_media":34438,"comment_status":"closed","ping_status":"closed","sticky":false,"template":"","format":"standard","meta":[],"categories":[7],"tags":[80,4049,440,4130],"_links":{"self":[{"href":"https:\/\/www.infokuryr.cz\/n\/wp-json\/wp\/v2\/posts\/34437"}],"collection":[{"href":"https:\/\/www.infokuryr.cz\/n\/wp-json\/wp\/v2\/posts"}],"about":[{"href":"https:\/\/www.infokuryr.cz\/n\/wp-json\/wp\/v2\/types\/post"}],"author":[{"embeddable":true,"href":"https:\/\/www.infokuryr.cz\/n\/wp-json\/wp\/v2\/users\/2"}],"replies":[{"embeddable":true,"href":"https:\/\/www.infokuryr.cz\/n\/wp-json\/wp\/v2\/comments?post=34437"}],"version-history":[{"count":1,"href":"https:\/\/www.infokuryr.cz\/n\/wp-json\/wp\/v2\/posts\/34437\/revisions"}],"predecessor-version":[{"id":34439,"href":"https:\/\/www.infokuryr.cz\/n\/wp-json\/wp\/v2\/posts\/34437\/revisions\/34439"}],"wp:featuredmedia":[{"embeddable":true,"href":"https:\/\/www.infokuryr.cz\/n\/wp-json\/wp\/v2\/media\/34438"}],"wp:attachment":[{"href":"https:\/\/www.infokuryr.cz\/n\/wp-json\/wp\/v2\/media?parent=34437"}],"wp:term":[{"taxonomy":"category","embeddable":true,"href":"https:\/\/www.infokuryr.cz\/n\/wp-json\/wp\/v2\/categories?post=34437"},{"taxonomy":"post_tag","embeddable":true,"href":"https:\/\/www.infokuryr.cz\/n\/wp-json\/wp\/v2\/tags?post=34437"}],"curies":[{"name":"wp","href":"https:\/\/api.w.org\/{rel}","templated":true}]}}