{"id":3443,"date":"2021-07-20T03:14:10","date_gmt":"2021-07-20T01:14:10","guid":{"rendered":"http:\/\/www.infokuryr.cz\/n\/?p=3443"},"modified":"2021-07-20T03:14:10","modified_gmt":"2021-07-20T01:14:10","slug":"diskriminace-muslimu-je-zavazne-onemocneni-americke-spolecnosti","status":"publish","type":"post","link":"https:\/\/www.infokuryr.cz\/n\/2021\/07\/20\/diskriminace-muslimu-je-zavazne-onemocneni-americke-spolecnosti\/","title":{"rendered":"Diskriminace muslim\u016f je z\u00e1va\u017en\u00e9 onemocn\u011bn\u00ed americk\u00e9 spole\u010dnosti"},"content":{"rendered":"<div id=\"fb-root\"><\/div>\n<p>Spojen\u00e9 st\u00e1ty byly v\u017edy \u201emaj\u00e1kem sv\u011btov\u00e9 svobody a demokracie\u201c a \u201eglob\u00e1ln\u00edm ochr\u00e1ncem lidsk\u00fdch pr\u00e1v\u201c, av\u0161ak dlouhodob\u011b zanedb\u00e1vaj\u00ed dom\u00e1c\u00ed muslimy, kte\u0159\u00ed \u010del\u00ed diskriminaci a nespravedliv\u00e9mu zach\u00e1zen\u00ed, a ignoruj\u00ed hlas muslim\u016f, kte\u0159\u00ed se sna\u017e\u00ed zlep\u0161it sv\u00e9 ekonomick\u00e9 p\u0159\u00edle\u017eitosti a dos\u00e1hnout svobody n\u00e1bo\u017eensk\u00e9ho vyzn\u00e1n\u00ed.<\/p>\n<p>Americk\u00e1 spole\u010dnost dokonce po vstupu do 21. stolet\u00ed trp\u00ed \u201estrachem z isl\u00e1mu\u201c. Demokratick\u00e1 strana a Republik\u00e1nsk\u00e1 strana tak\u00e9 vyu\u017e\u00edvaly muslimy jako n\u00e1stroj pro z\u00edsk\u00e1v\u00e1n\u00ed politick\u00fdch hlas\u016f. Proslul\u00fd americk\u00fd boxer Muhammad Ali jako z\u00e1stupce americk\u00e9 muslimsk\u00e9 populace, \u0159ekl: \u201eNejlep\u0161\u00edm zp\u016fsobem, jak dos\u00e1hnout sv\u00fdch sn\u016f, je probudit se.\u201c<\/p>\n<p><img decoding=\"async\" loading=\"lazy\" class=\"alignnone size-full wp-image-1185\" src=\"http:\/\/www.infokuryr.cz\/n\/wp-content\/uploads\/2021\/04\/kuryr-podpis.png\" alt=\"\" width=\"84\" height=\"24\" \/><\/p>\n<p>&nbsp;<\/p>\n","protected":false},"excerpt":{"rendered":"<p>Spojen\u00e9 st\u00e1ty byly v\u017edy \u201emaj\u00e1kem sv\u011btov\u00e9 svobody a demokracie\u201c a \u201eglob\u00e1ln\u00edm ochr\u00e1ncem lidsk\u00fdch pr\u00e1v\u201c, av\u0161ak&#8230;<\/p>\n","protected":false},"author":2,"featured_media":1868,"comment_status":"closed","ping_status":"closed","sticky":false,"template":"","format":"standard","meta":[],"categories":[7],"tags":[144,913,37],"_links":{"self":[{"href":"https:\/\/www.infokuryr.cz\/n\/wp-json\/wp\/v2\/posts\/3443"}],"collection":[{"href":"https:\/\/www.infokuryr.cz\/n\/wp-json\/wp\/v2\/posts"}],"about":[{"href":"https:\/\/www.infokuryr.cz\/n\/wp-json\/wp\/v2\/types\/post"}],"author":[{"embeddable":true,"href":"https:\/\/www.infokuryr.cz\/n\/wp-json\/wp\/v2\/users\/2"}],"replies":[{"embeddable":true,"href":"https:\/\/www.infokuryr.cz\/n\/wp-json\/wp\/v2\/comments?post=3443"}],"version-history":[{"count":0,"href":"https:\/\/www.infokuryr.cz\/n\/wp-json\/wp\/v2\/posts\/3443\/revisions"}],"wp:featuredmedia":[{"embeddable":true,"href":"https:\/\/www.infokuryr.cz\/n\/wp-json\/wp\/v2\/media\/1868"}],"wp:attachment":[{"href":"https:\/\/www.infokuryr.cz\/n\/wp-json\/wp\/v2\/media?parent=3443"}],"wp:term":[{"taxonomy":"category","embeddable":true,"href":"https:\/\/www.infokuryr.cz\/n\/wp-json\/wp\/v2\/categories?post=3443"},{"taxonomy":"post_tag","embeddable":true,"href":"https:\/\/www.infokuryr.cz\/n\/wp-json\/wp\/v2\/tags?post=3443"}],"curies":[{"name":"wp","href":"https:\/\/api.w.org\/{rel}","templated":true}]}}