{"id":34360,"date":"2023-08-20T01:04:28","date_gmt":"2023-08-19T23:04:28","guid":{"rendered":"http:\/\/www.infokuryr.cz\/n\/?p=34360"},"modified":"2023-08-19T15:30:49","modified_gmt":"2023-08-19T13:30:49","slug":"drahe-dotace-3-miliony-eur-na-pracovni-misto-v-novych-tovarnach-na-vyrobu-cipu-v-nemecku","status":"publish","type":"post","link":"https:\/\/www.infokuryr.cz\/n\/2023\/08\/20\/drahe-dotace-3-miliony-eur-na-pracovni-misto-v-novych-tovarnach-na-vyrobu-cipu-v-nemecku\/","title":{"rendered":"Drah\u00e9 dotace: 3 miliony eur na pracovn\u00ed m\u00edsto v nov\u00fdch tov\u00e1rn\u00e1ch na v\u00fdrobu \u010dip\u016f v N\u011bmecku"},"content":{"rendered":"<div id=\"fb-root\"><\/div>\n<p><strong><span>Je zcela b\u011b\u017en\u00e9 l\u00e1kat firmy da\u0148ov\u00fdmi \u00falevami a podobn\u011b.\u00a0Ale t\u0159i miliony eur na pracovn\u00ed m\u00edsto pro nov\u00e9 tov\u00e1rny na v\u00fdrobu \u010dip\u016f v Sasku a Sasku-Anhaltsku?\u00a0To se zd\u00e1 velmi p\u0159ehnan\u00e9.\u00a0P\u0159ibli\u017en\u011b 15 miliard eur v pen\u011bz\u00edch z dan\u00ed je fakticky p\u0159\u00edsp\u011bvek na pracovn\u00ed m\u00edsta na 40 let.<\/span><\/strong><\/p>\n<p><span>V N\u011bmecku maj\u00ed vzniknout dv\u011b nov\u00e9 tov\u00e1rny na v\u00fdrobu \u010dip\u016f, co\u017e by m\u011blo u\u010dinit Spolkovou republiku a Evropskou unii pon\u011bkud nez\u00e1vislej\u0161\u00edmi na dod\u00e1vk\u00e1ch ze z\u00e1mo\u0159\u00ed.\u00a0Ale tohle m\u00e1 svou cenu.\u00a0Feder\u00e1ln\u00ed vl\u00e1da vypl\u00e1c\u00ed tchajwansk\u00e9mu v\u00fdrobci \u010dip\u016f TSMC polovinu investice (p\u011bt z deseti miliard eur) do v\u00fdrobn\u00edho z\u00e1vodu u Dr\u00e1\u017e\u010fan\u00a0<\/span><a href=\"https:\/\/www.lvz.de\/wirtschaft\/regional\/dresden-tsmc-plant-chipfabrik-2000-neue-jobs-sollen-entstehen-ILRYOW2JF5C6ZDK6HWF6OJWIBE.html\" target=\"_blank\" rel=\"noreferrer noopener\"><span>jako dotaci<\/span><\/a><span>\u00a0.\u00a0Alespo\u0148 pokud s celou v\u011bc\u00ed souhlas\u00ed Evropsk\u00e1 komise.\u00a0K tomu se p\u0159ipo\u010d\u00edt\u00e1v\u00e1 t\u0159\u00edcifern\u00e1 milionov\u00e1 \u010d\u00e1stka od Svobodn\u00e9ho st\u00e1tu Sasko za infrastrukturu v okol\u00ed lokality.<\/span><\/p>\n<p><img decoding=\"async\" loading=\"lazy\" class=\"wp-image-33819 aligncenter\" src=\"http:\/\/www.infokuryr.cz\/n\/wp-content\/uploads\/2023\/08\/ces1-300x157.jpg\" alt=\"\" width=\"1347\" height=\"705\" srcset=\"https:\/\/www.infokuryr.cz\/n\/wp-content\/uploads\/2023\/08\/ces1-300x157.jpg 300w, https:\/\/www.infokuryr.cz\/n\/wp-content\/uploads\/2023\/08\/ces1-1024x536.jpg 1024w, https:\/\/www.infokuryr.cz\/n\/wp-content\/uploads\/2023\/08\/ces1-768x402.jpg 768w, https:\/\/www.infokuryr.cz\/n\/wp-content\/uploads\/2023\/08\/ces1.jpg 1200w\" sizes=\"(max-width: 1347px) 100vw, 1347px\" \/><\/p>\n<p><span>P\u0159\u00edmo za t\u00edmto \u00fa\u010delem pak vznikne kolem 2000 pracovn\u00edch m\u00edst.\u00a0Celkem by podle o\u010dek\u00e1v\u00e1n\u00ed politik\u016f m\u011blo vzniknout a\u017e 10 000 pracovn\u00edch m\u00edst, pokud se tam usad\u00ed p\u0159\u00edslu\u0161n\u00e9 dodavatelsk\u00e9 firmy.\u00a0Ale tam vyroben\u00e9 mikro\u010dipy maj\u00ed b\u00fdt v budoucnu stav\u011bny p\u0159edev\u0161\u00edm pro automobilov\u00fd pr\u016fmysl (stejn\u011b jako pro dom\u00e1c\u00ed elektroniku).\u00a0<\/span><strong><span>Vzhledem k tomu, \u017ee feder\u00e1ln\u00ed vl\u00e1da vytla\u010duje energeticky n\u00e1ro\u010dn\u00fd pr\u016fmysl svou katastrof\u00e1ln\u00ed klimatickou a energetickou politikou, se cel\u00e1 v\u011bc zd\u00e1 b\u00fdt pon\u011bkud rozporupln\u00e1.<\/span><\/strong><\/p>\n<p><span>Podobn\u011b je tomu s pl\u00e1novanou tov\u00e1rnou na \u010dipy Intel u Magdeburgu.\u00a0Vzniknout tam m\u00e1 3000 nov\u00fdch pracovn\u00edch m\u00edst.\u00a0<\/span><a href=\"https:\/\/www.zdf.de\/nachrichten\/politik\/intel-staatsmittel-subvention-chip-fabrik-magdeburg-100.html\" target=\"_blank\" rel=\"noreferrer noopener\"><span>To chce feder\u00e1ln\u00ed vl\u00e1da dotovat<\/span><\/a><span>\u00a0\u010d\u00e1stkou 9,9 miliardy eur\u00a0.\u00a0To odpov\u00edd\u00e1 zhruba jedn\u00e9 t\u0159etin\u011b celkov\u00fdch investi\u010dn\u00edch n\u00e1klad\u016f na cel\u00fd syst\u00e9m.\u00a0V Sasku-Anhaltsku pr\u00fd vznikne a\u017e 10 000 pracovn\u00edch m\u00edst, a to i v dodavatelsk\u00e9m pr\u016fmyslu.<\/span><\/p>\n<p><strong><span>Ale je to dobr\u00fd obchod?\u00a0Celkem asi 15 miliard eur na dan\u00edch za vytvo\u0159en\u00ed 5 000 pracovn\u00edch m\u00edst, tedy asi 3 miliony na jedno pracovn\u00ed m\u00edsto.\u00a0<\/span><\/strong><span>Pokud p\u0159edpokl\u00e1d\u00e1te mzdov\u00e9 n\u00e1klady kolem 6 000 eur na zam\u011bstnance a m\u011bs\u00edc, mluv\u00edme o v\u00edce ne\u017e \u010dty\u0159iceti letech dotac\u00ed pracovn\u00edch m\u00edst.\u00a0I kdyby se zapo\u010d\u00edtala dal\u0161\u00ed pracovn\u00ed m\u00edsta vytvo\u0159en\u00e1 v oblasti, st\u00e1le by to bylo kolem deseti let, kter\u00e9 by da\u0148ov\u00fd poplatn\u00edk zaplatil.<\/span><\/p>\n<p><span>Dalo by se samoz\u0159ejm\u011b zm\u00ednit i dodate\u010dn\u00e9 da\u0148ov\u00e9 p\u0159\u00edjmy, ale mezin\u00e1rodn\u00ed korporace jsou tak\u00e9 zn\u00e1m\u00e9 t\u00edm, \u017ee pou\u017e\u00edvaj\u00ed v\u0161echny techniky k minimalizaci da\u0148ov\u00e9 a celn\u00ed z\u00e1t\u011b\u017ee.\u00a0V tomto ohledu by n\u00e1vratnost investice nem\u011bla b\u00fdt z pohledu n\u011bmeck\u00e9ho da\u0148ov\u00e9ho poplatn\u00edka nijak zvl\u00e1\u0161\u0165 p\u016fsobiv\u00e1.\u00a0<\/span><strong><span>Nav\u00edc se zhor\u0161uj\u00edc\u00edm se ekonomick\u00fdm prost\u0159ed\u00edm (a je\u0161t\u011b v\u00edce s naprosto nespolehliv\u00fdm nap\u00e1jen\u00edm) si spole\u010dnosti TSMC a Intel u\u017e po p\u00e1r letech mohly sbalit kufry a p\u0159est\u011bhovat se.\u00a0<\/span><\/strong><span>A pak?<\/span><\/p>\n<p><img decoding=\"async\" loading=\"lazy\" class=\"alignnone size-full wp-image-1185\" src=\"http:\/\/www.infokuryr.cz\/n\/wp-content\/uploads\/2021\/04\/kuryr-podpis.png\" alt=\"\" width=\"84\" height=\"24\" \/><\/p>\n<p>&nbsp;<\/p>\n<p><a href=\"https:\/\/stranapro.cz\/\"><img decoding=\"async\" loading=\"lazy\" class=\"wp-image-30218 aligncenter\" src=\"http:\/\/www.infokuryr.cz\/n\/wp-content\/uploads\/2023\/06\/PRO-banner-300x36.png\" alt=\"\" width=\"1350\" height=\"162\" srcset=\"https:\/\/www.infokuryr.cz\/n\/wp-content\/uploads\/2023\/06\/PRO-banner-300x36.png 300w, https:\/\/www.infokuryr.cz\/n\/wp-content\/uploads\/2023\/06\/PRO-banner-768x93.png 768w, https:\/\/www.infokuryr.cz\/n\/wp-content\/uploads\/2023\/06\/PRO-banner.png 849w\" sizes=\"(max-width: 1350px) 100vw, 1350px\" \/><\/a><\/p>\n<p>&nbsp;<\/p>\n<p>&nbsp;<\/p>\n<p>&nbsp;<\/p>\n","protected":false},"excerpt":{"rendered":"<p>Je zcela b\u011b\u017en\u00e9 l\u00e1kat firmy da\u0148ov\u00fdmi \u00falevami a podobn\u011b.\u00a0Ale t\u0159i miliony eur na pracovn\u00ed m\u00edsto&#8230;<\/p>\n","protected":false},"author":2,"featured_media":33475,"comment_status":"closed","ping_status":"closed","sticky":false,"template":"","format":"standard","meta":[],"categories":[7],"tags":[341,84,2455],"_links":{"self":[{"href":"https:\/\/www.infokuryr.cz\/n\/wp-json\/wp\/v2\/posts\/34360"}],"collection":[{"href":"https:\/\/www.infokuryr.cz\/n\/wp-json\/wp\/v2\/posts"}],"about":[{"href":"https:\/\/www.infokuryr.cz\/n\/wp-json\/wp\/v2\/types\/post"}],"author":[{"embeddable":true,"href":"https:\/\/www.infokuryr.cz\/n\/wp-json\/wp\/v2\/users\/2"}],"replies":[{"embeddable":true,"href":"https:\/\/www.infokuryr.cz\/n\/wp-json\/wp\/v2\/comments?post=34360"}],"version-history":[{"count":0,"href":"https:\/\/www.infokuryr.cz\/n\/wp-json\/wp\/v2\/posts\/34360\/revisions"}],"wp:featuredmedia":[{"embeddable":true,"href":"https:\/\/www.infokuryr.cz\/n\/wp-json\/wp\/v2\/media\/33475"}],"wp:attachment":[{"href":"https:\/\/www.infokuryr.cz\/n\/wp-json\/wp\/v2\/media?parent=34360"}],"wp:term":[{"taxonomy":"category","embeddable":true,"href":"https:\/\/www.infokuryr.cz\/n\/wp-json\/wp\/v2\/categories?post=34360"},{"taxonomy":"post_tag","embeddable":true,"href":"https:\/\/www.infokuryr.cz\/n\/wp-json\/wp\/v2\/tags?post=34360"}],"curies":[{"name":"wp","href":"https:\/\/api.w.org\/{rel}","templated":true}]}}