{"id":34344,"date":"2023-08-19T09:46:31","date_gmt":"2023-08-19T07:46:31","guid":{"rendered":"http:\/\/www.infokuryr.cz\/n\/?p=34344"},"modified":"2023-08-19T09:46:31","modified_gmt":"2023-08-19T07:46:31","slug":"jindrich-kulhavy-kazdy-ma-sveho-andela","status":"publish","type":"post","link":"https:\/\/www.infokuryr.cz\/n\/2023\/08\/19\/jindrich-kulhavy-kazdy-ma-sveho-andela\/","title":{"rendered":"Jind\u0159ich Kulhav\u00fd: Ka\u017ed\u00fd m\u00e1 sv\u00e9ho and\u011bla?"},"content":{"rendered":"<div id=\"fb-root\"><\/div>\n<p><span class=\"anotation\">Lidsk\u00fd \u017eivot je velmi kr\u00e1tk\u00fd a u t\u011bch \u0161\u0165astn\u00fdch je jeho sou\u010d\u00e1st\u00ed rodi\u010dovstv\u00ed. Ka\u017ed\u00fd z\u00a0n\u00e1s, kdo m\u011bl to \u0161t\u011bst\u00ed, \u017ee dok\u00e1zal p\u0159iv\u00e9st na sv\u011bt potomka, udr\u017eet ho p\u0159i \u017eivot\u011b a d\u00e1t mu solidn\u00ed vychov\u00e1n\u00ed, vzd\u011bl\u00e1n\u00ed a po dobu d\u011btstv\u00ed poskytovat i p\u0159\u00edjemn\u00e9 z\u00e1zem\u00ed, jist\u011b p\u0159izn\u00e1, \u017ee nen\u00ed nic kr\u00e1sn\u011bj\u0161\u00edho ne\u017e d\u011btsk\u00fd \u00fasm\u011bv a pozd\u011bji naopak podpora ze strany t\u011bch, kter\u00e9 jste vychovali. Jestli\u017ee se sna\u017e\u00edte sv\u00fdm d\u011btem ud\u011blat kr\u00e1sn\u00e9 d\u011btstv\u00ed a ml\u00e1d\u00ed a ony V\u00e1m to jednou vr\u00e1t\u00ed svou l\u00e1skou, pochopen\u00edm a p\u00e9\u010d\u00ed, m\u011bl V\u00e1\u0161 \u017eivit hodnotu, kterou si za pen\u00edze nekoup\u00edte.<\/span><\/p>\n<div id=\"pagetext\">\n<p>\u00a0 Nejv\u011bt\u0161\u00ed d\u0159inou rodi\u010d\u016f je udr\u017eet d\u011bti p\u0159i \u017eivot\u011b. Chyb\u011bj\u00edc\u00ed zku\u0161enost ml\u00e1d\u00ed, schopnost riskovat a p\u0159ece\u0148ovat sv\u00e9 s\u00edly za\u010d\u00ednaj\u00ed od prvn\u00edch kr\u016f\u010dk\u016f ka\u017ed\u00e9ho jedince a kon\u010d\u00ed u ka\u017ed\u00e9ho v\u00a0jin\u00e9m v\u011bku. N\u011bkomu ani \u0161edes\u00e1tka neub\u00edr\u00e1 na odvaze a touze j\u00edt za hranu, jin\u00ed dostanou rozum mnohem d\u0159\u00edve. N\u011bkdy k\u00a0tomu vede n\u011bjak\u00e1 situace, jindy ani s\u00e1hnut\u00ed na smrt nic na povaze \u010dlov\u011bka nezm\u011bn\u00ed. D\u016fsledky b\u00fdvaj\u00ed r\u016fzn\u00e9, nicm\u00e9n\u011b z\u00e1le\u017e\u00ed na \u0161t\u011bst\u00ed. Jeho m\u00edru ur\u010duj\u00ed schopnosti pomysln\u00e9ho and\u011bla str\u00e1\u017en\u00e9ho, kter\u00fd u n\u011bkoho t\u00e9m\u011b\u0159 absentuje a u jin\u00e9ho se nal\u00e9t\u00e1 tak, \u017ee m\u00e1 doslova o\u0161oupan\u00e1 k\u0159\u00eddla. Teprve a\u017e na konci \u017eivota m\u016f\u017eete posoudit, nakolik se ten V\u00e1\u0161 sna\u017eil a byl ve st\u0159ehu. Jeho sebemen\u0161\u00ed nepozornost zp\u016fsob\u00ed situaci, kter\u00e1 m\u016f\u017ee m\u00edt fat\u00e1ln\u00ed d\u016fsledky.<\/p>\n<p>Ka\u017ed\u00fd rodi\u010d m\u00e1 toho sv\u00e9ho pomysln\u00e9ho \u010di skute\u010dn\u00e9ho and\u011bla vyzkou\u0161en\u00e9ho a v\u00a0n\u011bkter\u00fdch p\u0159\u00edpadech by ho nejrad\u0161i p\u0159edal sv\u00fdm d\u011btem. Ono to nejde, a tak\u00e9 nen\u00ed dobr\u00e9 spol\u00e9hat na to, \u017ee V\u00e1s n\u011bkdo hl\u00edd\u00e1. Nicm\u00e9n\u011b m\u00e1te li to \u0161t\u011bst\u00ed a maj\u00ed ho i V\u00e1m bl\u00edzc\u00ed, m\u016f\u017eete b\u00fdt klidn\u011b ateista, a p\u0159esto jste r\u00e1di, \u017ee V\u00e1s tato imagin\u00e1rn\u011b se tv\u00e1\u0159\u00edc\u00ed bytost dostala na starost. O jeho existenci nemus\u00edte v\u011bd\u011bt, ale vzpome\u0148te si, kolikr\u00e1t za \u017eivot jste si \u0159ekli, \u017ee jste Vy \u010di n\u011bkdo bl\u00edzk\u00fd m\u011bli skute\u010dn\u011b \u0161t\u011bst\u00ed ve chv\u00edli, kdy ho jin\u00ed nem\u011bli. To je pr\u00e1v\u011b ten okam\u017eik, kdy V\u00e1\u0161 and\u011bl nesed\u011bl pr\u00e1v\u011b u sva\u010diny, ale sta\u010dil zareagovat.<\/p>\n<p><img decoding=\"async\" loading=\"lazy\" class=\"wp-image-33819 aligncenter\" src=\"http:\/\/www.infokuryr.cz\/n\/wp-content\/uploads\/2023\/08\/ces1-300x157.jpg\" alt=\"\" width=\"1359\" height=\"711\" srcset=\"https:\/\/www.infokuryr.cz\/n\/wp-content\/uploads\/2023\/08\/ces1-300x157.jpg 300w, https:\/\/www.infokuryr.cz\/n\/wp-content\/uploads\/2023\/08\/ces1-1024x536.jpg 1024w, https:\/\/www.infokuryr.cz\/n\/wp-content\/uploads\/2023\/08\/ces1-768x402.jpg 768w, https:\/\/www.infokuryr.cz\/n\/wp-content\/uploads\/2023\/08\/ces1.jpg 1200w\" sizes=\"(max-width: 1359px) 100vw, 1359px\" \/><\/p>\n<p>Jist\u00e9 je, \u017ee v\u00a0norm\u00e1ln\u00edm \u017eivotu a za b\u011b\u017en\u00fdch situac\u00edch byste za sv\u00e9 d\u011bti d\u00fdchali. M\u016f\u017eete na n\u011b b\u00fdt p\u0159\u00edsn\u00ed, bojovat s\u00a0v\u00fdchovou, sna\u017eit se vytvo\u0159it kvalitn\u00edho jedince, nicm\u00e9n\u011b charakter a povaha jsou lidem d\u00e1ny do v\u00ednku, a a\u010d se sna\u017e\u00edte sebev\u00edce, m\u016f\u017eete b\u00fdt v\u00a0jist\u00e9m klin\u010di s\u00a0genetick\u00fdmi \u010di jin\u00fdmi atributy osobnosti d\u00edt\u011b. P\u0159esto ho v\u017edy budete milovat. A\u0165 je mu 1 rok \u010di t\u0159eba 50. Jen\u017ee jeho osud neovlivn\u00edte, snad jen to, aby si v\u00e1\u017eil prost\u00e9ho \u017eivota.<\/p>\n<p>Fat\u00e1ln\u00edch okam\u017eik\u016f v\u00a0\u017eivot\u011b ka\u017ed\u00e9ho z\u00a0n\u00e1s je minimum, ale daleko \u010dast\u011bji um\u00edraj\u00ed mlad\u00ed ti, kte\u0159\u00ed \u017eij\u00ed naplno bez vn\u00edm\u00e1n\u00ed velikosti rizik kolem n\u00e1s. \u0160pi\u010dkov\u00ed mana\u017ee\u0159i, sportovci, vyn\u00e1lezci, bojovn\u00edci a v\u00e1le\u010dn\u00edci, ti v\u0161ichni pot\u0159ebuj\u00ed k\u00a0\u017eivotu adrenalin, stoupaj\u00edc\u00ed v\u00fdkonnost, v\u00fdzvy. Bohu\u017eel n\u011bkdy je jejich tempo rychlej\u0161\u00ed a \u017eivot krat\u0161\u00ed. Nen\u00ed to o rychlosti za volantem, my\u0161leno je sp\u00ed\u0161e vn\u00edm\u00e1n\u00ed t\u011bchto lid\u00ed ochotn\u00fdch p\u0159ekon\u00e1vat dal\u0161\u00ed a dal\u0161\u00ed mety. M\u016f\u017eete l\u00e9zt na sk\u00e1ly, jezdit na divok\u00e9 vod\u011b, na kole \u010di motorce, pot\u00e1p\u011bt se, hr\u00e1t si s\u00a0v\u00fdbu\u0161ninami \u010di d\u011blat plno dal\u0161\u00edch \u010dinnost\u00ed. N\u011bkdo jednou pochop\u00ed, co p\u0159e\u017eil, jin\u00fd se tohoto pozn\u00e1n\u00ed nedo\u017eije.<\/p>\n<p>Vra\u0165me se k\u00a0and\u011blovi. Mo\u017en\u00e1 nad V\u00e1mi bd\u00ed, mo\u017en\u00e1 neexistuje. Je to ot\u00e1zka jist\u00e9ho podv\u011bdom\u00ed. M\u016f\u017eete v\u011b\u0159it sami v\u00a0sebe, p\u0159esto kolem V\u00e1s n\u011bkde l\u00edt\u00e1. Je li schopn\u00fd, m\u00e1te \u0161t\u011bst\u00ed. H\u00fd\u010dkejte si ho a p\u0159id\u011bl\u00e1vejte mu co nejm\u00e9n\u011b pr\u00e1ce. Mo\u017en\u00e1, a\u017e jednou ve vysok\u00e9m st\u00e1\u0159\u00ed ulehnete na pomyslnou fo\u0161nu, po\u0161lete mu posledn\u00ed pod\u011bkov\u00e1n\u00ed, proto\u017ee to byla jeho z\u00e1sluha, \u017ee jste na n\u00ed a\u017e tak pozd\u011b. Cenu \u017eivota si u sebe samotn\u00e9ho uv\u011bdomuje m\u00e1lokdo. U sv\u00e9ho d\u00edt\u011bte to vn\u00edm\u00e1te \u00fapln\u011b jinak. V\u011b\u0159te tomu.<\/p>\n<p>Tento text v\u011bnuji and\u011blovi str\u00e1\u017en\u00e9mu, kter\u00fd v\u010dera zachr\u00e1nil \u017eivot m\u00e9ho syna. Mo\u017en\u00e1 to byl ten m\u016fj, proto\u017ee on u\u017e d\u00e1vno v\u00ed, \u017ee dostal na starost naprost\u00e9ho exota, jeho\u017e synov\u00e9 se potatili. Tak\u017ee n\u00e1s hl\u00edd\u00e1 v\u0161echny. A je li tomu tak, pak m\u00e1 neskute\u010dn\u011b moc pr\u00e1ce a v\u010dera i p\u0159es mal\u00e9 zav\u00e1h\u00e1n\u00ed odvedl vynikaj\u00edc\u00ed pr\u00e1ci. Op\u011bt mu za to d\u011bkuji.<\/p>\n<p><a href=\"https:\/\/www.inadhled.live\/uvaha-dne\/kazdy-ma-sveho-andela-\/\">Jind\u0159ich Kulhav\u00fd<\/a><\/p>\n<p><img decoding=\"async\" loading=\"lazy\" class=\"alignnone size-medium wp-image-22653\" src=\"http:\/\/www.infokuryr.cz\/n\/wp-content\/uploads\/2023\/02\/jindra-kulhavy-221x300.jpg\" alt=\"\" width=\"221\" height=\"300\" srcset=\"https:\/\/www.infokuryr.cz\/n\/wp-content\/uploads\/2023\/02\/jindra-kulhavy-221x300.jpg 221w, https:\/\/www.infokuryr.cz\/n\/wp-content\/uploads\/2023\/02\/jindra-kulhavy.jpg 311w\" sizes=\"(max-width: 221px) 100vw, 221px\" \/><\/p>\n<\/div>\n<p>&nbsp;<\/p>\n<p><a href=\"https:\/\/stranapro.cz\/\"><img decoding=\"async\" loading=\"lazy\" class=\"alignnone  wp-image-30218\" src=\"http:\/\/www.infokuryr.cz\/n\/wp-content\/uploads\/2023\/06\/PRO-banner-300x36.png\" alt=\"\" width=\"1342\" height=\"161\" srcset=\"https:\/\/www.infokuryr.cz\/n\/wp-content\/uploads\/2023\/06\/PRO-banner-300x36.png 300w, https:\/\/www.infokuryr.cz\/n\/wp-content\/uploads\/2023\/06\/PRO-banner-768x93.png 768w, https:\/\/www.infokuryr.cz\/n\/wp-content\/uploads\/2023\/06\/PRO-banner.png 849w\" sizes=\"(max-width: 1342px) 100vw, 1342px\" \/><\/a><\/p>\n<p>&nbsp;<\/p>\n<p>&nbsp;<\/p>\n<p>&nbsp;<\/p>\n","protected":false},"excerpt":{"rendered":"<p>Lidsk\u00fd \u017eivot je velmi kr\u00e1tk\u00fd a u t\u011bch \u0161\u0165astn\u00fdch je jeho sou\u010d\u00e1st\u00ed rodi\u010dovstv\u00ed. Ka\u017ed\u00fd z\u00a0n\u00e1s,&#8230;<\/p>\n","protected":false},"author":2,"featured_media":34345,"comment_status":"closed","ping_status":"closed","sticky":false,"template":"","format":"standard","meta":[],"categories":[6],"tags":[5690,245,29,1107],"_links":{"self":[{"href":"https:\/\/www.infokuryr.cz\/n\/wp-json\/wp\/v2\/posts\/34344"}],"collection":[{"href":"https:\/\/www.infokuryr.cz\/n\/wp-json\/wp\/v2\/posts"}],"about":[{"href":"https:\/\/www.infokuryr.cz\/n\/wp-json\/wp\/v2\/types\/post"}],"author":[{"embeddable":true,"href":"https:\/\/www.infokuryr.cz\/n\/wp-json\/wp\/v2\/users\/2"}],"replies":[{"embeddable":true,"href":"https:\/\/www.infokuryr.cz\/n\/wp-json\/wp\/v2\/comments?post=34344"}],"version-history":[{"count":0,"href":"https:\/\/www.infokuryr.cz\/n\/wp-json\/wp\/v2\/posts\/34344\/revisions"}],"wp:featuredmedia":[{"embeddable":true,"href":"https:\/\/www.infokuryr.cz\/n\/wp-json\/wp\/v2\/media\/34345"}],"wp:attachment":[{"href":"https:\/\/www.infokuryr.cz\/n\/wp-json\/wp\/v2\/media?parent=34344"}],"wp:term":[{"taxonomy":"category","embeddable":true,"href":"https:\/\/www.infokuryr.cz\/n\/wp-json\/wp\/v2\/categories?post=34344"},{"taxonomy":"post_tag","embeddable":true,"href":"https:\/\/www.infokuryr.cz\/n\/wp-json\/wp\/v2\/tags?post=34344"}],"curies":[{"name":"wp","href":"https:\/\/api.w.org\/{rel}","templated":true}]}}