{"id":3434,"date":"2021-07-19T12:32:48","date_gmt":"2021-07-19T10:32:48","guid":{"rendered":"http:\/\/www.infokuryr.cz\/n\/?p=3434"},"modified":"2021-07-19T12:32:48","modified_gmt":"2021-07-19T10:32:48","slug":"covid-dalsi-zakerny-faul-proti-janu-pirkovi","status":"publish","type":"post","link":"https:\/\/www.infokuryr.cz\/n\/2021\/07\/19\/covid-dalsi-zakerny-faul-proti-janu-pirkovi\/","title":{"rendered":"Covid: Dal\u0161\u00ed z\u00e1ke\u0159n\u00fd faul proti Janu Pirkovi"},"content":{"rendered":"<div id=\"fb-root\"><\/div>\n<p>Existuje z\u00e1m\u011brn\u00e9 stra\u0161en\u00ed celosv\u011btov\u00e9 populace covidem, kter\u00e9 podporuj\u00ed \u201eodborn\u00edci\u201c na slovo vzat\u00ed. Usurpuj\u00ed si pr\u00e1vo na n\u00e1zor a \u201eneodborn\u00edky\u201c ozna\u010duj\u00ed \u0161mahem za lh\u00e1\u0159e.<\/p>\n<p>Prod\u011bkan pro v\u011bdu a v\u00fdzkum Jan Trnka z druh\u00e9 l\u00e9ka\u0159sk\u00e9 fakulty Univerzity Karlovy to v rozhovoru pro lidovky.cz vzal z gruntu. Pod titulkem \u201eKardiochirurg je stejn\u00fd expert na virus jako biatlonista na basketbal, \u0159\u00edk\u00e1 prod\u011bkan l\u00e9ka\u0159sk\u00e9 fakulty\u201c tvrd\u011b kritizuje to, \u017ee se \u201eneodborn\u00edci\u201c vyjad\u0159uj\u00ed k pandemii covidu.<\/p>\n<p>Vyb\u00edr\u00e1m podstatn\u00e9 \u010d\u00e1sti n\u00e1zor\u016f Jana Trnky:<\/p>\n<p>-M\u011b osobn\u011b p\u0159ekvapuje, \u017ee si n\u011bkdo dovol\u00ed ve\u0159ejn\u011b se vyjad\u0159ovat k n\u011b\u010demu, o \u010dem nem\u00e1 dost informac\u00ed a nerozum\u00ed tomu. Jak se m\u016f\u017ee kardiochirurg \u010di psychiatr vyjad\u0159ovat k ot\u00e1zk\u00e1m epidemiologie nebo virologie?<\/p>\n<p>-Pro b\u011b\u017en\u00e9ho \u010dten\u00e1\u0159e, poslucha\u010de nebo div\u00e1ka je obt\u00ed\u017en\u00e9 pochopit, \u017ee l\u00e9ka\u0159, kter\u00fd absolvoval l\u00e9ka\u0159skou fakultu, nem\u00e1 detailn\u00ed znalosti o epidemiologii. Nebo \u017ee jsou to znalosti \u010dty\u0159icet let star\u00e9.<\/p>\n<p>-M\u00e1m obrovsk\u00fd probl\u00e9m s t\u00edm, \u017ee rektor Univerzity Karlovy, kter\u00fd zastupuje nejv\u011bt\u0161\u00ed vzd\u011bl\u00e1vac\u00ed a v\u011bdeckou instituci v zemi, pou\u017eije prohl\u00e1\u0161en\u00ed pohrdav\u00e9 k v\u011bdc\u016fm.<\/p>\n<p>-Kombinaci znalost\u00ed z virologie, imunologie a epidemiologie dohromady skoro nikdo nem\u00e1. Mus\u00edme b\u00fdt proto velmi opatrn\u00ed.<\/p>\n<p>-Vyjad\u0159ovat se k tomu, jestli virus unikl z laborato\u0159e a je um\u011ble vytvo\u0159en\u00fd, i kdy\u017e o jeho existenci nem\u011bl tu\u0161en\u00ed, specializovan\u011b nestudoval biologii a od absolvov\u00e1n\u00ed l\u00e9ka\u0159sk\u00e9 fakulty ub\u011bhlo t\u0159icet let, je naprosto nezodpov\u011bdn\u00e9 a nepochopiteln\u00e9.<\/p>\n<p>-\u017de by \u010cesk\u00e1 l\u00e9ka\u0159sk\u00e1 komora kontrolovala, jestli dokto\u0159i ne\u0159\u00edkaj\u00ed nesmysly? To je asi v praxi nemo\u017en\u00e9. A bylo by t\u011b\u017ek\u00e9 dokazovat, \u017ee jde o nesmysly. Ale mysl\u00edm si, \u017ee by n\u011bkdo m\u011bl evidovat v\u00fdroky, kter\u00e9 jsou za hranou nejen l\u00e9ka\u0159sk\u00e9, ale i b\u011b\u017en\u00e9 etiky.<\/p>\n<p>-Nikoho jsme nedehonestovali, jen jsme \u0159ekli, \u017ee by se l\u00e9ka\u0159i nem\u011bli vyjad\u0159ovat k probl\u00e9m\u016fm mimo svoji odbornost, proto\u017ee to je zav\u00e1d\u011bj\u00edc\u00ed. Na tom trv\u00e1m.<\/p>\n<p>Jak je patrn\u00e9 z v\u00fd\u0161e uveden\u00e9ho, Trnkova pozice je naprosto jasn\u00e1. Ten, kdo nen\u00ed odborn\u00edkem, se k situaci nesm\u00ed vyjad\u0159ovat. Je to stejn\u011b \u201einspiruj\u00edc\u00ed\u201c, jako tvrzen\u00ed, \u017ee k ekonomick\u00fdm probl\u00e9m\u016fm se m\u016f\u017ee vyjad\u0159ovat jenom ekonom, k politick\u00fdm probl\u00e9m\u016fm politolog a v\u011bdeck\u00fdm probl\u00e9m\u016fm v\u011bdec atd. Posu\u0148me t\u00e9ma \u201eodbornosti\u201c na piedestal nekritizovatelnosti, jak\u00e9ho si tabu, a dostaneme se do roviny naprosto absurdn\u00ed. Prakticky nikdo z n\u00e1s by se nemohl k ni\u010demu vyjad\u0159ovat, bu\u010f proto, \u017ee nen\u00ed \u201eodborn\u00edkem\u201c nebo proto, \u017ee nem\u00e1 dostatek informac\u00ed.<\/p>\n<p>R\u00e1d bych se vr\u00e1til k t\u00e9matu \u201e\u00faniku viru z laborato\u0159e\u201c, respektive \u010d\u00ednsk\u00e9 laborato\u0159e. Toto t\u00e9ma otev\u0159el v politick\u00e9 rovin\u011b Donald Trump a jeho n\u00e1zor byl doslova \u201erozcupov\u00e1n\u201c politology a americk\u00fdmi m\u00e9dii jako \u201enev\u011bdeck\u00fd\u201c. Trumpovi bylo vy\u010d\u00edt\u00e1no, \u017ee nemoc ozna\u010duje term\u00ednem \u201e\u010d\u00ednsk\u00e1 ch\u0159ipka\u201c a \u017ee toto ozna\u010den\u00ed je \u201erasistick\u00e9\u201c.<\/p>\n<p>Po n\u00e1stupu Joea Bidena do B\u00edl\u00e9ho domu pozorujeme zaj\u00edmav\u00fd \u201eobrat\u201c. Mnoz\u00ed \u201eodborn\u00edci\u201c spjat\u00ed s novou americkou vl\u00e1dou n\u00e1hle p\u0159ipou\u0161t\u011bj\u00ed, \u017ee virus unikl z \u010d\u00ednsk\u00e9 laborato\u0159e a dokonce i p\u0159edstavitel WHO tvrd\u00ed, \u017ee odm\u00edtnut\u00ed teorie o \u00faniku viru z laborato\u0159e bylo \u201eun\u00e1hlen\u00e9\u201c. Nicm\u00e9n\u011b, \u010detl jsem vyj\u00e1d\u0159en\u00ed americk\u00e9 l\u00e9ka\u0159ky, kter\u00e1 v laborato\u0159i ve Wu-chanu pracovala pr\u00e1v\u011b v obdob\u00ed roku 2019, a ta mo\u017enost \u00faniku viru z t\u00e9to laborato\u0159e vylu\u010duje.<\/p>\n<p>Trnkovy n\u00e1zory jsou naprost\u00fdm pop\u0159en\u00edm pravidel jak\u00e9koliv svobodn\u00e9 diskuse. Jestli\u017ee pohrdliv\u011b mluv\u00ed o kardiochirurgovi (koho pak m\u00e1 na mysli, \u017ee by Jana Pirka?) a podsouv\u00e1 mu znalosti \u201e40 let star\u00e9\u201c, je to p\u0159\u00edmo z\u00e1ke\u0159n\u00fd faul. I Jan Pirk se zcela jist\u011b vzd\u011bl\u00e1val v medic\u00edn\u011b po celou dobu sv\u00e9 praxe a m\u00e1 pr\u00e1vo se vyjad\u0159ovat i k tomu, k \u010demu nem\u00e1 atestaci, pr\u00e1v\u011b tak, jako se m\u016f\u017ee ka\u017ed\u00fd z n\u00e1s vyjad\u0159ovat k situaci s pandemi\u00ed, z\u00e1kazy, o\u010dkov\u00e1n\u00ed apod. Je komick\u00e9, \u017ee nejv\u011bt\u0161\u00ed epidemiolog a vedouc\u00ed skupiny MeSES Petr Smejkal nen\u00ed pr\u00e1v\u011b podle Pirka vystudovan\u00fd epidemiolog.<\/p>\n<p>Je nav\u00edc p\u0159\u00edzna\u010dn\u00e9, \u017ee \u010desk\u00e1 m\u00e9dia v\u011bt\u0161inou stra\u0161\u00ed i t\u00edm, \u017ee Velk\u00e1 Brit\u00e1nie kon\u010d\u00ed s naprostou v\u011bt\u0161inou omezen\u00ed pr\u00e1v\u011b dnes. Stra\u0161\u00ed se \u201ep\u0159ed\u010dasnost\u00ed\u201c a ukazuje se t\u0159eba na Francii, kter\u00e1 prezidentsk\u00fdm na\u0159\u00edzen\u00edm prosazuje povinn\u00e9 o\u010dkov\u00e1n\u00ed zdravotn\u00edk\u016f, pracovn\u00edk\u016f soci\u00e1ln\u00edch slu\u017eeb s v\u00fdhru\u017ekou ztr\u00e1ty pr\u00e1ce. V \u010cesku, kde m\u00e1me n\u011bkolik t\u00fddn\u016f asi 30 hospitalizovan\u00fdch a kolem 5 nemocn\u00fdch na JIP, se udr\u017euje t\u00e9ma strachu masivn\u00edmi kontrolami policie a hygieny v klubech.<\/p>\n<p>Dal\u0161\u00ed pokra\u010dov\u00e1n\u00ed restrikc\u00ed pova\u017euji v sou\u010dasn\u00e9 situaci za absolutn\u011b neopodstatn\u011bn\u00e9 a hlavn\u011b nesmysln\u00e9. I kdy\u017e nejsem \u201eodborn\u00edk\u201c, trouf\u00e1m si souhlasit s n\u00e1zorem Singapuru, \u017ee se mus\u00edme ke covidu chovat v sou\u010dasn\u00e9 situaci jako k ch\u0159ipce a ve\u0161ker\u00e9 testov\u00e1n\u00ed a trasov\u00e1n\u00ed nem\u00e1 smysl.<\/p>\n<p><a href=\"https:\/\/janbarton.blog.idnes.cz\/blog.aspx?c=773330\">Jan Barto\u0148<\/a><\/p>\n<p>&nbsp;<\/p>\n","protected":false},"excerpt":{"rendered":"<p>Existuje z\u00e1m\u011brn\u00e9 stra\u0161en\u00ed celosv\u011btov\u00e9 populace covidem, kter\u00e9 podporuj\u00ed \u201eodborn\u00edci\u201c na slovo vzat\u00ed. Usurpuj\u00ed si pr\u00e1vo&#8230;<\/p>\n","protected":false},"author":2,"featured_media":2801,"comment_status":"closed","ping_status":"closed","sticky":false,"template":"","format":"standard","meta":[],"categories":[6],"tags":[23,213,651],"_links":{"self":[{"href":"https:\/\/www.infokuryr.cz\/n\/wp-json\/wp\/v2\/posts\/3434"}],"collection":[{"href":"https:\/\/www.infokuryr.cz\/n\/wp-json\/wp\/v2\/posts"}],"about":[{"href":"https:\/\/www.infokuryr.cz\/n\/wp-json\/wp\/v2\/types\/post"}],"author":[{"embeddable":true,"href":"https:\/\/www.infokuryr.cz\/n\/wp-json\/wp\/v2\/users\/2"}],"replies":[{"embeddable":true,"href":"https:\/\/www.infokuryr.cz\/n\/wp-json\/wp\/v2\/comments?post=3434"}],"version-history":[{"count":0,"href":"https:\/\/www.infokuryr.cz\/n\/wp-json\/wp\/v2\/posts\/3434\/revisions"}],"wp:featuredmedia":[{"embeddable":true,"href":"https:\/\/www.infokuryr.cz\/n\/wp-json\/wp\/v2\/media\/2801"}],"wp:attachment":[{"href":"https:\/\/www.infokuryr.cz\/n\/wp-json\/wp\/v2\/media?parent=3434"}],"wp:term":[{"taxonomy":"category","embeddable":true,"href":"https:\/\/www.infokuryr.cz\/n\/wp-json\/wp\/v2\/categories?post=3434"},{"taxonomy":"post_tag","embeddable":true,"href":"https:\/\/www.infokuryr.cz\/n\/wp-json\/wp\/v2\/tags?post=3434"}],"curies":[{"name":"wp","href":"https:\/\/api.w.org\/{rel}","templated":true}]}}