{"id":34338,"date":"2023-08-19T09:33:26","date_gmt":"2023-08-19T07:33:26","guid":{"rendered":"http:\/\/www.infokuryr.cz\/n\/?p=34338"},"modified":"2023-08-19T09:33:26","modified_gmt":"2023-08-19T07:33:26","slug":"ukrajinska-ofenziva-selhala","status":"publish","type":"post","link":"https:\/\/www.infokuryr.cz\/n\/2023\/08\/19\/ukrajinska-ofenziva-selhala\/","title":{"rendered":"Ukrajinsk\u00e1 ofenz\u00edva selhala!"},"content":{"rendered":"<div id=\"fb-root\"><\/div>\n<h4>Ukrajinsk\u00e1 ofenz\u00edva selhala! Nejv\u011bt\u0161\u00ed zast\u00e1nce Ukrajiny a spolup\u0159edseda Kongresov\u00e9 skupiny pro Ukrajinu v americk\u00e9m Kongresu prohl\u00e1sil, \u017ee ukrajinsk\u00e1 ofenz\u00edva selhala a je \u010das na m\u00edrov\u00e1 vyjedn\u00e1v\u00e1n\u00ed! A tot\u00e9\u017e konstatuje tajn\u00e1 zpr\u00e1va CIA, kter\u00e9 unikla do americk\u00e9ho tisku! Americk\u00fd novin\u00e1\u0159 Seymour Hersh dokonce odhalil, \u017ee CIA varovala na ja\u0159e B\u00edl\u00fd d\u016fm, \u017ee ukrajinsk\u00e1 ofenz\u00edva je odsouzena k nezdaru!<\/h4>\n<p>Americk\u00e9 odch\u00e1zen\u00ed z ukrajinsk\u00e9ho konfliktu bylo spu\u0161t\u011bno a za\u010d\u00edn\u00e1 ot\u0159\u00e1sat americk\u00fdmi i z\u00e1padn\u00edmi m\u00e9dii. V procesech \u0159\u00edzen\u00ed plat\u00ed princip tzv.\u00a0<em>waterfallu<\/em>, tedy informa\u010dn\u00edho vodop\u00e1du, kter\u00fd kdy\u017e se spust\u00ed, tak je k nezastaven\u00ed a ka\u017ed\u00fd den p\u0159ich\u00e1z\u00ed dal\u0161\u00ed a dal\u0161\u00ed informace potvrzuj\u00edc\u00ed zah\u00e1jen\u00fd proces. Jen p\u0159ed n\u011bkolika dny ozn\u00e1mil\u00a0<strong>[<a href=\"https:\/\/aeronet.news\/bod-zlomu-vedouci-kancelare-generalniho-tajemnika-nato-uvedl-pro-norsky-tisk-bombu-ze-uvnitr-nato-se-jiz-jedna-o-moznosti-postoupeni-vybranych-ukrajinskych-uzemi-rusku-vymenou-za-clenstvi-ukrajiny\/\">1<\/a>]<\/strong>\u00a0vedouc\u00ed kancel\u00e1\u0159e gener\u00e1ln\u00edho tajemn\u00edka NATO, \u017ee na Ukrajin\u011b by mohlo b\u00fdt dosa\u017eeno m\u00edru tou cestou, \u017ee by Ukrajina odstoupila Rusku ta \u00fazem\u00ed, kter\u00e1 jsou majoritn\u011b os\u00eddlena rusk\u00fdm etnikem, resp. Ukrajinci hl\u00e1s\u00edc\u00edmi se k rusk\u00e9 n\u00e1rodnosti, a na opl\u00e1tku by Rusko neblokovalo vstup Ukrajiny do NATO.<\/p>\n<figure id=\"attachment_56671\" class=\"wp-caption aligncenter\" style=\"width: 698px;\"><a href=\"https:\/\/aeronet.news\/wp-content\/uploads\/NATO-Stian-Jenssen.jpg\"><img decoding=\"async\" loading=\"lazy\" class=\"wp-image-56671 \" src=\"https:\/\/aeronet.news\/wp-content\/uploads\/NATO-Stian-Jenssen-1024x575.jpg\" sizes=\"(max-width: 700px) 100vw, 700px\" srcset=\"https:\/\/aeronet.news\/wp-content\/uploads\/NATO-Stian-Jenssen-1024x575.jpg 1024w, https:\/\/aeronet.news\/wp-content\/uploads\/NATO-Stian-Jenssen-300x169.jpg 300w, https:\/\/aeronet.news\/wp-content\/uploads\/NATO-Stian-Jenssen-768x431.jpg 768w, https:\/\/aeronet.news\/wp-content\/uploads\/NATO-Stian-Jenssen-700x393.jpg 700w, https:\/\/aeronet.news\/wp-content\/uploads\/NATO-Stian-Jenssen-636x357.jpg 636w, https:\/\/aeronet.news\/wp-content\/uploads\/NATO-Stian-Jenssen-860x483.jpg 860w, https:\/\/aeronet.news\/wp-content\/uploads\/NATO-Stian-Jenssen.jpg 1280w\" alt=\"\" width=\"698\" height=\"392\" \/><\/a><figcaption class=\"wp-caption-text\">Stian Jenssen, vedouc\u00ed kancel\u00e1\u0159e gener\u00e1ln\u00edho tajemn\u00edka NATO<\/figcaption><\/figure>\n<p>Do norsk\u00fdch m\u00e9di\u00ed se dostaly podrobnosti o tom, \u017ee Stian Jenssen hovo\u0159il o pl\u00e1nu, \u017ee NATO by Moskv\u011b garantovalo tzv. kontrolu nad neonacistick\u00fdmi skupinami na Ukrajin\u011b a proces by zahrnoval i mo\u017enou denacifikaci Ukrajiny za pomoci EU, kter\u00e1 by po\u017eadovala po Ukrajin\u011b z\u00e1kaz \u010dinnosti Banderovc\u016f a dal\u0161\u00edch skupin.<\/p>\n<p><strong>Nedovedu si p\u0159edstavit, \u017ee by Moskva na takov\u00fd pl\u00e1n p\u0159istoupila, proto\u017ee jestli by EU musela n\u011bkoho denacifikovat, tak hlavn\u011b v prvn\u00ed \u0159ad\u011b vlastn\u00ed \u010dlensk\u00e9 st\u00e1ty EU<\/strong>, kter\u00e9 jedou nacistick\u00e9 procesy nejen podpory Azov\u00e1k\u016f a Banderovc\u016f na Ukrajin\u011b, ale i ve vztahu k vlastn\u00edmu obyvatelstvu. Na n\u011bco takov\u00e9ho Rusko prost\u011b nep\u0159istoup\u00ed, ale o to vlastn\u011b v\u016fbec ani nejde. Pro\u010d o to nejde?<\/p>\n<h6><span style=\"font-size: 18pt;\">Americk\u00e9 odch\u00e1zen\u00ed z rozvr\u00e1cen\u00fdch zem\u00ed m\u00e1 po\u0159\u00e1d stejn\u00fd sc\u00e9n\u00e1\u0159<\/span><\/h6>\n<p>Proto\u017ee daleko d\u016fle\u017eit\u011bj\u0161\u00ed je samotn\u00fd fakt, \u017ee takov\u00e9 diskuse o mo\u017en\u00fdch k\u0161eftech s Moskvou uvnit\u0159 NATO v\u016fbec prob\u00edhaj\u00ed, \u017ee k nim v\u016fbec doch\u00e1z\u00ed. Je to d\u016fkaz, \u017ee uvnit\u0159 NATO za\u010dal proces odchodu aliance a hlavn\u011b USA z Ukrajiny a te\u010f se hledaj\u00ed sc\u00e9n\u00e1\u0159e, jako to ud\u011blat, aby z toho kolektivn\u00ed Z\u00e1pad nevy\u0161el s \u00faplnou por\u00e1\u017ekou jako posledn\u011b p\u0159i odchodu z Afgh\u00e1nist\u00e1nu po dlouh\u00fdch 20 letech.<\/p>\n<p>Afgh\u00e1nist\u00e1n za\u010d\u00edn\u00e1 spolupracovat s \u010c\u00ednou a Taliban za\u010dal navazovat vztahy s Pekingem\u00a0<strong>[<a href=\"https:\/\/href.li\/?https:\/\/asia.nikkei.com\/Politics\/International-relations\/Afghanistan-turmoil\/China-cultivates-transactional-Taliban-ties-as-Afghan-regime-turns-2\" target=\"_blank\" rel=\"nofollow noopener\">2<\/a>]<\/strong>.\u00a0<strong>Odchod z Ukrajiny je pro USA nevyhnuteln\u00fd, a to hned ze 2 d\u016fvod\u016f.<\/strong>\u00a0Jednak se v USA schyluje k prim\u00e1rk\u00e1m a k volb\u00e1m prezidenta p\u0159\u00ed\u0161t\u00ed rok v listopadu, a jednak USA maj\u00ed \u00fapln\u011b nov\u00e9ho a \u00fahlavn\u00edho nep\u0159\u00edtele, kter\u00fd zcela p\u0159esahuje Ukrajinu i Rusko dohromady. A t\u00edm nep\u0159\u00edtelem je \u010c\u00edna!<\/p>\n<figure id=\"attachment_48032\" class=\"wp-caption aligncenter\" style=\"width: 695px;\"><a href=\"https:\/\/aeronet.news\/wp-content\/uploads\/US_Evac_Kabul.jpg\"><img decoding=\"async\" loading=\"lazy\" class=\"wp-image-48032 \" src=\"https:\/\/aeronet.news\/wp-content\/uploads\/US_Evac_Kabul-1024x576.jpg\" sizes=\"(max-width: 700px) 100vw, 700px\" srcset=\"https:\/\/aeronet.news\/wp-content\/uploads\/US_Evac_Kabul-1024x576.jpg 1024w, https:\/\/aeronet.news\/wp-content\/uploads\/US_Evac_Kabul-300x169.jpg 300w, https:\/\/aeronet.news\/wp-content\/uploads\/US_Evac_Kabul-768x432.jpg 768w, https:\/\/aeronet.news\/wp-content\/uploads\/US_Evac_Kabul-700x394.jpg 700w, https:\/\/aeronet.news\/wp-content\/uploads\/US_Evac_Kabul-635x357.jpg 635w, https:\/\/aeronet.news\/wp-content\/uploads\/US_Evac_Kabul-859x483.jpg 859w, https:\/\/aeronet.news\/wp-content\/uploads\/US_Evac_Kabul.jpg 1280w\" alt=\"\" width=\"695\" height=\"391\" \/><\/a><figcaption class=\"wp-caption-text\">Americk\u00fd odchod z Afgh\u00e1nist\u00e1nu po 20 letech. Afgh\u00e1nci se cht\u011bli dostat do letadel, ale Ameri\u010dan\u00e9 je nechali napospas Talibanu<\/figcaption><\/figure>\n<p>Amerika nem\u00e1 prost\u0159edky na to, aby mohla pln\u011b bojovat, resp. vyzbrojovat v\u00e1le\u010dn\u00e9 \u00fasil\u00ed na dvou velk\u00fdch front\u00e1ch, to je prost\u011b v sou\u010dasn\u00e9 dob\u011b pro USA neuskute\u010dniteln\u00e9, a to p\u0159edev\u0161\u00edm k nedostate\u010dn\u00fdm zbrojn\u00edm z\u00e1sob\u00e1m USA, kter\u00e9 se vypr\u00e1zdnily v d\u016fsledku dod\u00e1vek zbran\u00ed a hlavn\u011b munice na Ukrajinu. A proces zadr\u017een\u00ed \u010c\u00edny je pro USA alfou a omegou, proto\u017ee globalist\u00e9 zah\u00e1jili \u00fatok proti USA a proti americk\u00e9mu dolaru a \u010c\u00edna se m\u00e1 st\u00e1t nov\u00fdm silov\u00fdm n\u00e1strojem sv\u011btov\u00fdch globalist\u016f. U\u017e to nebudou USA, ale ve\u0161kerou silovou roli p\u0159evezme \u010c\u00edna.<\/p>\n<h6><span style=\"font-size: 18pt;\">Efekt konceptu\u00e1ln\u00edho\u00a0<em>waterfallu<\/em>\u00a0ud\u00e1lost\u00ed v procesu \u0159\u00edzen\u00ed<\/span><\/h6>\n<p>Proto za\u010d\u00edn\u00e1 v procesech \u0159\u00edzen\u00ed efekt tzv.\u00a0<em>vodop\u00e1du<\/em>\u00a0a najednou skoro ka\u017ed\u00fd den p\u0159ich\u00e1z\u00ed informace z okol\u00ed NATO a USA o tom, \u017ee z\u00e1padn\u00ed kolektivist\u00e9 hledaj\u00ed cestu ven z Ukrajiny, aby mohli vrhnout ve\u0161ker\u00e9 prost\u0159edky do jihov\u00fdchodn\u00ed Asie a rovn\u011b\u017e do rovn\u00edkov\u00e9 Afriky na zadr\u017een\u00ed \u010c\u00edny.<\/p>\n<p><strong>Zat\u00edmco Ukrajinci se pl\u00e1caj\u00ed na m\u00edst\u011b na front\u011b u\u017e 3. m\u011bs\u00edc, v Africe do\u0161lo k dal\u0161\u00edmu povst\u00e1n\u00ed proti Francii a z\u00e1pad zji\u0161\u0165uje, \u017ee p\u0159i\u0161el o kontrolu nad dal\u0161\u00ed francouzskou koloni\u00ed<\/strong>, jednu ze zdrojov\u011b nejbohat\u0161\u00edch, ale po str\u00e1nce obyvatelstva nejchud\u0161\u00edch zem\u00ed Afriky. Na Ukrajin\u011b se bojuje bez v\u00fdsledku, ale mezit\u00edm Moskva a Peking zah\u00e1jily ta\u017een\u00ed proti americk\u00e9mu dolaru a Afrika se za\u010dala zbavovat loutkov\u00fdch pro-z\u00e1padn\u00edch vl\u00e1d.<\/p>\n<figure id=\"attachment_56673\" class=\"wp-caption aligncenter\" style=\"width: 699px;\"><a href=\"https:\/\/aeronet.news\/wp-content\/uploads\/AndyHarrisCapitol.jpg\"><img decoding=\"async\" loading=\"lazy\" class=\"wp-image-56673 \" src=\"https:\/\/aeronet.news\/wp-content\/uploads\/AndyHarrisCapitol-1024x826.jpg\" sizes=\"(max-width: 700px) 100vw, 700px\" srcset=\"https:\/\/aeronet.news\/wp-content\/uploads\/AndyHarrisCapitol-1024x826.jpg 1024w, https:\/\/aeronet.news\/wp-content\/uploads\/AndyHarrisCapitol-300x242.jpg 300w, https:\/\/aeronet.news\/wp-content\/uploads\/AndyHarrisCapitol-768x620.jpg 768w, https:\/\/aeronet.news\/wp-content\/uploads\/AndyHarrisCapitol-700x565.jpg 700w, https:\/\/aeronet.news\/wp-content\/uploads\/AndyHarrisCapitol-442x357.jpg 442w, https:\/\/aeronet.news\/wp-content\/uploads\/AndyHarrisCapitol-598x483.jpg 598w, https:\/\/aeronet.news\/wp-content\/uploads\/AndyHarrisCapitol.jpg 1280w\" alt=\"\" width=\"699\" height=\"564\" \/><\/a><figcaption class=\"wp-caption-text\">Kongresman Andy Harris<\/figcaption><\/figure>\n<p>A tak nen\u00ed p\u0159ekvapen\u00ed, \u017ee v r\u00e1mci konceptu\u00e1ln\u00edho\u00a0<em>waterfallu<\/em>\u00a0p\u0159ich\u00e1z\u00ed doslova \u0161okuj\u00edc\u00ed informace z nejvy\u0161\u0161\u00edch pater americk\u00e9 politiky. Republik\u00e1nsk\u00fd kongresman Andy Harris je v USA pova\u017eovan\u00fd za jednoho z nejv\u011bt\u0161\u00edch podporovatel\u016f Ukrajiny. Byl nejhlasit\u011bj\u0161\u00edm zast\u00e1ncem velk\u00e9ho bal\u00edku pomoci Ukrajin\u011b, kter\u00fd byl v Kongresu schv\u00e1len\u00fd vloni a o to v\u011bt\u0161\u00ed \u0161ok je to, co p\u0159i\u0161lo te\u010f.\u00a0 Harris byl na p\u0159edn\u00e1\u0161ce ve m\u011bst\u011b Abingdon v Marylandu a st\u00e1l p\u0159ed prezentac\u00ed v PowerPointu a o st\u00e1tn\u00edm dluhu, kdy\u017e \u0159ekl\u00a0<strong>[<a href=\"https:\/\/href.li\/?https:\/\/www.politico.com\/newsletters\/huddle\/2023\/08\/17\/ukraines-top-freedom-caucus-ally-gets-cold-feet-00111608\" target=\"_blank\" rel=\"nofollow noopener\">3<\/a>]<\/strong>\u00a0sv\u00fdm voli\u010d\u016fm, \u017ee je nejvy\u0161\u0161\u00ed \u010das ukon\u010dit p\u0159\u00edmou americkou pomoc Ukrajin\u011b.<\/p>\n<p>\u201c<em>Je to sp\u00ed\u0161e patov\u00e1 situace? M\u011bli bychom se k tomu postavit realisticky? Mysl\u00edm, \u017ee bychom asi m\u011bli<\/em>,\u201d \u0159ekl Harris v \u00fater\u00fd ve ve\u0159ejn\u00e9 knihovn\u011b v Abingdonu asi 75 mil severn\u011b od Washingtonu. A potom \u0159ekl o jarn\u00ed ukrajinsk\u00e9 ofenziv\u011b, kter\u00e1 m\u011bla zvr\u00e1tit pr\u016fb\u011bh v\u00e1lky, n\u011bco neuv\u011b\u0159iteln\u00e9ho: \u201c<strong><em>\u0158eknu to na rovinu, selhala!<\/em><\/strong>\u201d A neomalen\u011b se vyj\u00e1d\u0159il i k vyhl\u00eddk\u00e1m na budouc\u00ed v\u00edt\u011bzstv\u00ed: \u201c<em>Nejsem si jist\u00fd, \u017ee se to d\u00e1 je\u0161t\u011b vyhr\u00e1t<\/em>.\u201d<\/p>\n<p>Pro \u010dlena tvrd\u00e9 pravicov\u00e9 a jest\u0159\u00e1b\u00ed sn\u011bmovn\u00ed Frakce svobody, j\u00ed\u017e je Harris dlouholet\u00fdm \u010dlenem, to nejsou zrovna tradi\u010dn\u00ed n\u00e1zory. Harris je toti\u017e spolup\u0159edsedou Kongresov\u00e9 skupiny pro Ukrajinu. Harrisova ukrajinsk\u00e1 matka uprchla po druh\u00e9 sv\u011btov\u00e9 v\u00e1lce z komunistick\u00e9 v\u00fdchodn\u00ed Evropy a Harris m\u00e1 tud\u00ed\u017e pro Ukrajinu vztah a Kyjev v n\u011bm m\u011bl neochv\u011bjn\u00e9ho zast\u00e1nce. V prvn\u00edch m\u011bs\u00edc\u00edch v\u00e1lky neochv\u011bjn\u011b podporoval ukrajinsk\u00e9ho prezidenta Volodymyra Zelensk\u00e9ho a v lo\u0148sk\u00e9m roce hlasoval pro velk\u00fd samostatn\u00fd bal\u00ed\u010dek pomoci Kongresu Ukrajin\u011b, p\u0159i\u010dem\u017e podpo\u0159il jak vojenskou, tak humanit\u00e1rn\u00ed pomoc pro Ukrajinu.<\/p>\n<h6><span style=\"font-size: 18pt;\">Velk\u00fd p\u0159\u00edtel Ukrajiny v americk\u00e9m Kongresu \u0159\u00edk\u00e1\u00a0<em>stop<\/em>\u00a0dal\u0161\u00edmu financov\u00e1n\u00ed Ukrajiny<\/span><\/h6>\n<p>Harris je tak\u00e9 vysoce postaven\u00fdm \u010dlenem v\u00fdboru pro rozpo\u010dtov\u00e9 prost\u0159edky Sn\u011bmovny reprezentant\u016f, co\u017e mu d\u00e1v\u00e1 velk\u00fd vliv na v\u00fddajov\u00e9 priority jeho strany. Na ot\u00e1zku, zda by podpo\u0159il dal\u0161\u00ed tran\u0161i pomoci ve v\u00fd\u0161i 24 miliard USD, o kterou chce v Kongresu po\u017e\u00e1dat Joe Biden po skon\u010den\u00ed kongresov\u00fdch pr\u00e1zdnin, se v rozhovoru po zased\u00e1n\u00ed zastupitelstva ost\u0159e ohradil: \u201c<strong><em>Pokud p\u016fjde o humanit\u00e1rn\u00ed pen\u00edze, nevojensk\u00e9 pen\u00edze nebo vojensk\u00e9 pen\u00edze bez gener\u00e1ln\u00edho inspektora, nepodpo\u0159\u00edm je.<\/em><\/strong>\u201d Jeho v\u00fdrok zap\u016fsobil jako zrada a ukrajinsk\u00e1 m\u00e9dia v\u00fdrok ozna\u010dila za \u010dernou no\u010dn\u00ed m\u016fru.<\/p>\n<p>Harris d\u00edky sv\u00e9 ukrajinsk\u00e9 matce byl nejv\u011brn\u011bj\u0161\u00edm spojencem Ukrajiny v kongresu, ale tohle je fat\u00e1ln\u00ed rozchod. Ukrajina prost\u011b pomalu a postupn\u011b zji\u0161\u0165uje, \u017ee Ameri\u010dan\u00e9 jsou znovu a op\u011bt na odchodu, jako u\u017e z tolika zem\u00ed, ve kter\u00fdch rozvr\u00e1tili re\u017eimy, ve kter\u00fdch rozdm\u00fdchali v\u00e1lku a ve kter\u00fdch se v\u011bci pro USA nevyvinuly podle o\u010dek\u00e1v\u00e1n\u00ed, co\u017e nakonec vedlo k americk\u00e9mu odchodu. Ukrajinci se nepou\u010dili, \u017ee Ameri\u010dan\u00e9 nemaj\u00ed spojence, nemaj\u00ed ani partnery, maj\u00ed jenom a pouze sv\u00e9 vlastn\u00ed z\u00e1jmy. A t\u00edm z\u00e1jmem je te\u010f zadr\u017een\u00ed \u010c\u00edny.<\/p>\n<figure id=\"attachment_56570\" class=\"wp-caption aligncenter\" style=\"width: 698px;\"><a href=\"https:\/\/aeronet.news\/wp-content\/uploads\/BidenZelenskyLookingUp.jpg\"><img decoding=\"async\" loading=\"lazy\" class=\"wp-image-56570 \" src=\"https:\/\/aeronet.news\/wp-content\/uploads\/BidenZelenskyLookingUp-1024x682.jpg\" sizes=\"(max-width: 700px) 100vw, 700px\" srcset=\"https:\/\/aeronet.news\/wp-content\/uploads\/BidenZelenskyLookingUp-1024x682.jpg 1024w, https:\/\/aeronet.news\/wp-content\/uploads\/BidenZelenskyLookingUp-300x200.jpg 300w, https:\/\/aeronet.news\/wp-content\/uploads\/BidenZelenskyLookingUp-768x512.jpg 768w, https:\/\/aeronet.news\/wp-content\/uploads\/BidenZelenskyLookingUp-700x466.jpg 700w, https:\/\/aeronet.news\/wp-content\/uploads\/BidenZelenskyLookingUp-536x357.jpg 536w, https:\/\/aeronet.news\/wp-content\/uploads\/BidenZelenskyLookingUp-725x483.jpg 725w, https:\/\/aeronet.news\/wp-content\/uploads\/BidenZelenskyLookingUp.jpg 1280w\" alt=\"\" width=\"698\" height=\"465\" \/><\/a><figcaption class=\"wp-caption-text\">Joe Biden sepisuje seznam \u00fakol\u016f pro slu\u017eebn\u00ed\u010dka v Kyjev\u011b. Ten mezit\u00edm kouk\u00e1 na lustr u stropu a p\u0159em\u00fd\u0161l\u00ed, jestli ho unese, a\u017e se na n\u011bm bude v\u011b\u0161et\u2026<\/figcaption><\/figure>\n<p>A to nen\u00ed v\u0161echno.\u00a0<strong>V r\u00e1mci\u00a0<em>waterfallu<\/em>\u00a0do\u0161lo dnes k uve\u0159ejn\u011bn\u00ed \u010dl\u00e1nku [<a href=\"https:\/\/href.li\/?https:\/\/www.washingtonpost.com\/national-security\/2023\/08\/17\/ukraine-counteroffensive-melitopol\/\" target=\"_blank\" rel=\"nofollow noopener\">4<\/a>] ve Washington Post, kter\u00fd odhalil unikl\u00fd materi\u00e1l CIA o tom, \u017ee Ukrajina ofenz\u00edvu nezvl\u00e1dla a c\u00edle ofenz\u00edvy spln\u011bny nebudu.<\/strong>\u00a0C\u00edlem bylo dob\u00fdt m\u011bsto Melitopol, hlavn\u00ed spojovac\u00ed uzel, kter\u00fd je p\u0159\u00edstupov\u00fdm m\u011bstem ke Krymu. Materi\u00e1l CIA uv\u00e1d\u00ed, \u017ee Ukrajinci vypl\u00fdtvali v\u011bt\u0161inu vojensk\u00e9ho, zdrojov\u00e9ho i lidsk\u00e9ho potenci\u00e1lu na dobyt\u00ed \u201c<em>nev\u00fdznamn\u00fdch osad a vesnic<\/em>\u201d a nen\u00ed re\u00e1ln\u00e9, \u017ee se zbytkem toho, co maj\u00ed, \u017ee by prorazili 3 rusk\u00e9 obran\u00e9 linie, \u017ee by prorazili p\u0159es opevn\u011bn\u00e9 m\u011bsto Tokmak a dostali by se a\u017e do Melitopolu.<\/p>\n<p>Materi\u00e1l to nepova\u017euje ji\u017e za re\u00e1ln\u00e9. Je velmi pravd\u011bpodobn\u00e9, \u017ee Andy Harris \u010derpal pr\u00e1v\u011b z t\u00e9to zpr\u00e1vy CIA, kterou dostaly k dispozici sen\u00e1to\u0159i a kongresmani vybran\u00fdch v\u00fdbor\u016f. A to po\u0159\u00e1d nen\u00ed v\u0161echno. Waterfall tohoto procesu se spustil opravdu naplno, proto\u017ee vlivn\u00fd americk\u00fd novin\u00e1\u0159 Seymour Hersh, kter\u00fd p\u0159ed \u010dasem p\u0159inesl\u00a0informaci o zni\u010den\u00ed plynovod\u016f Nord Stream americk\u00fdm n\u00e1mo\u0159nictvem, publikoval\u00a0<strong>[<a href=\"https:\/\/href.li\/?https:\/\/seymourhersh.substack.com\/p\/summer-of-the-hawks\" target=\"_blank\" rel=\"nofollow noopener\">5<\/a>]\u00a0<\/strong>\u010dl\u00e1nek o situaci zevnit\u0159 B\u00edl\u00e9ho domu.<\/p>\n<h6><span style=\"font-size: 18pt;\">B\u00edl\u00fd d\u016fm spustil ofenz\u00edvu AFU p\u0159esto, \u017ee CIA varovala p\u0159ed odsouzen\u00edm ofenz\u00edvy k nezdaru<\/span><\/h6>\n<p>Americk\u00e1 CIA toti\u017e podle Hershe varovala B\u00edl\u00fd d\u016fm ji\u017e na ja\u0159e, \u017ee za sou\u010dasn\u00fdch podm\u00ednek na opevn\u011bn\u00fdch rusk\u00fdch lini\u00edch je ukrajinsk\u00e1 ofenz\u00edva odsouzena k nezdaru. Joe Biden v\u0161ak p\u0159esto dal Kyjevu pokyn, aby zah\u00e1jil ofenz\u00edvu co nejd\u0159\u00edve, a to pr\u00fd kv\u016fli tomu, \u017ee lep\u0161\u00ed bylo za\u010d\u00edt s ofenz\u00edvou a d\u00e1t Ukrajinc\u016fm nad\u011bji, ne\u017e jim \u0159\u00edct pravdu, \u017ee ofenz\u00edva bude k ni\u010demu, co\u017e by vedlo ke zhroucen\u00ed mor\u00e1lky ukrajinsk\u00e9 arm\u00e1dy. V\u00fdsledkem tak je beznad\u011bjn\u00e1 ukrajinsk\u00e1 ofenz\u00edva a\u00a0<strong>ji\u017e skoro 50 000 mrtv\u00fdch ukrajinsk\u00fdch voj\u00e1k\u016f<\/strong>\u00a0za necel\u00e9 3 m\u011bs\u00edce.<\/p>\n<figure id=\"attachment_55584\" class=\"wp-caption aligncenter\" style=\"width: 802px;\"><a href=\"https:\/\/aeronet.news\/wp-content\/uploads\/CZ75_Pavel_Zelensky.jpg\"><img decoding=\"async\" loading=\"lazy\" class=\"wp-image-55584 \" src=\"https:\/\/aeronet.news\/wp-content\/uploads\/CZ75_Pavel_Zelensky.jpg\" sizes=\"(max-width: 1024px) 100vw, 1024px\" srcset=\"https:\/\/aeronet.news\/wp-content\/uploads\/CZ75_Pavel_Zelensky.jpg 1024w, https:\/\/aeronet.news\/wp-content\/uploads\/CZ75_Pavel_Zelensky-150x150.jpg 150w, https:\/\/aeronet.news\/wp-content\/uploads\/CZ75_Pavel_Zelensky-300x300.jpg 300w, https:\/\/aeronet.news\/wp-content\/uploads\/CZ75_Pavel_Zelensky-768x768.jpg 768w, https:\/\/aeronet.news\/wp-content\/uploads\/CZ75_Pavel_Zelensky-700x700.jpg 700w, https:\/\/aeronet.news\/wp-content\/uploads\/CZ75_Pavel_Zelensky-357x357.jpg 357w, https:\/\/aeronet.news\/wp-content\/uploads\/CZ75_Pavel_Zelensky-483x483.jpg 483w, https:\/\/aeronet.news\/wp-content\/uploads\/CZ75_Pavel_Zelensky-210x210.jpg 210w\" alt=\"\" width=\"802\" height=\"802\" \/><\/a><figcaption class=\"wp-caption-text\">Druhou mo\u017enost\u00ed m\u00edsto v\u011b\u0161en\u00ed je zast\u0159elen\u00ed se pistol\u00ed darovanou Petrem Pavlem<\/figcaption><\/figure>\n<p>Ukrajinsk\u00fd \u0159ezn\u00edk Zhulensk\u00fd m\u016f\u017ee opravdu na Ukrajin\u011b u\u017e brzy skon\u010dit jako Benito Mussolini, proto\u017ee Ukrajinci brzy pochop\u00ed, \u017ee v\u00e1lka po\u017e\u00edraj\u00edc\u00ed Ukrajince pro nic, bez v\u00fdsledku, nebude m\u00edt dlouh\u00e9ho trv\u00e1n\u00ed. Ze v\u0161ech sm\u011br\u016f p\u0159ich\u00e1z\u00ed a v r\u00e1mci\u00a0<em>waterfallu<\/em>\u00a0proud\u00ed informace a bal\u00f3ny o m\u00edrov\u00fdch rozhovorech, o pot\u0159eb\u011b ukon\u010den\u00ed v\u00e1lky a o ukon\u010den\u00ed financov\u00e1n\u00ed Ukrajiny.<\/p>\n<p><strong>A nejsou to jenom n\u011bjac\u00ed filosofov\u00e9 nebo novin\u00e1\u0159i, jsou to ji\u017e vysok\u00e9 figury z NATO, z americk\u00e9ho Kongresu a rovn\u011b\u017e v neposledn\u00ed \u0159ad\u011b z Pra\u017esk\u00e9ho hradu od \u010desk\u00e9ho (p)rezidenta Petra Pavla<\/strong>, kter\u00fd o tom hovo\u0159il\u00a0<strong>[<a href=\"https:\/\/aeronet.news\/video-petr-pavel-prohlasil-pro-britskou-televizi-sky-news-ze-konflikt-na-ukrajine-se-blizi-ke-svemu-konci-protoze-se-zacina-projevovat-unava-z-valky-mezi-zapadnimi-sponzory-ukrajiny\/\">6<\/a>]<\/strong>\u00a0rovn\u011b\u017e, \u017ee Ukrajina m\u00e1 \u010das do konce roku. V tomto mo\u017en\u00e1 se trochu m\u00fdlil. Vypad\u00e1 to, \u017ee tolik \u010dasu Ukrajin\u011b nakonec Ameri\u010dan\u00e9 ani nedaj\u00ed.<\/p>\n<p><a href=\"https:\/\/aeronet.news\/ukrajinska-ofenziva-selhala-nejvetsi-zastance-ukrajiny-a-spolupredseda-kongresove-skupiny-pro-ukrajinu-v-americkem-kongresu-prohlasil-ze-ukrajinska-ofenziva-selhala-a-je-cas-na-mirova-vyjednavani\/\">-VK- \u0160\u00e9fredaktor AE News<\/a><\/p>\n<p>&nbsp;<\/p>\n<p>&nbsp;<\/p>\n<p><img decoding=\"async\" loading=\"lazy\" class=\"wp-image-33819 aligncenter\" src=\"http:\/\/www.infokuryr.cz\/n\/wp-content\/uploads\/2023\/08\/ces1-300x157.jpg\" alt=\"\" width=\"1357\" height=\"710\" srcset=\"https:\/\/www.infokuryr.cz\/n\/wp-content\/uploads\/2023\/08\/ces1-300x157.jpg 300w, https:\/\/www.infokuryr.cz\/n\/wp-content\/uploads\/2023\/08\/ces1-1024x536.jpg 1024w, https:\/\/www.infokuryr.cz\/n\/wp-content\/uploads\/2023\/08\/ces1-768x402.jpg 768w, https:\/\/www.infokuryr.cz\/n\/wp-content\/uploads\/2023\/08\/ces1.jpg 1200w\" sizes=\"(max-width: 1357px) 100vw, 1357px\" \/><\/p>\n<p>&nbsp;<\/p>\n<p><a href=\"https:\/\/stranapro.cz\/\"><img decoding=\"async\" loading=\"lazy\" class=\"wp-image-30218 aligncenter\" src=\"http:\/\/www.infokuryr.cz\/n\/wp-content\/uploads\/2023\/06\/PRO-banner-300x36.png\" alt=\"\" width=\"1342\" height=\"161\" srcset=\"https:\/\/www.infokuryr.cz\/n\/wp-content\/uploads\/2023\/06\/PRO-banner-300x36.png 300w, https:\/\/www.infokuryr.cz\/n\/wp-content\/uploads\/2023\/06\/PRO-banner-768x93.png 768w, https:\/\/www.infokuryr.cz\/n\/wp-content\/uploads\/2023\/06\/PRO-banner.png 849w\" sizes=\"(max-width: 1342px) 100vw, 1342px\" \/><\/a><\/p>\n<p>&nbsp;<\/p>\n<p>&nbsp;<\/p>\n<p>&nbsp;<\/p>\n","protected":false},"excerpt":{"rendered":"<p>Ukrajinsk\u00e1 ofenz\u00edva selhala! Nejv\u011bt\u0161\u00ed zast\u00e1nce Ukrajiny a spolup\u0159edseda Kongresov\u00e9 skupiny pro Ukrajinu v americk\u00e9m Kongresu&#8230;<\/p>\n","protected":false},"author":2,"featured_media":34339,"comment_status":"closed","ping_status":"closed","sticky":false,"template":"","format":"standard","meta":[],"categories":[6],"tags":[1042,506,811,2751,26,37],"_links":{"self":[{"href":"https:\/\/www.infokuryr.cz\/n\/wp-json\/wp\/v2\/posts\/34338"}],"collection":[{"href":"https:\/\/www.infokuryr.cz\/n\/wp-json\/wp\/v2\/posts"}],"about":[{"href":"https:\/\/www.infokuryr.cz\/n\/wp-json\/wp\/v2\/types\/post"}],"author":[{"embeddable":true,"href":"https:\/\/www.infokuryr.cz\/n\/wp-json\/wp\/v2\/users\/2"}],"replies":[{"embeddable":true,"href":"https:\/\/www.infokuryr.cz\/n\/wp-json\/wp\/v2\/comments?post=34338"}],"version-history":[{"count":0,"href":"https:\/\/www.infokuryr.cz\/n\/wp-json\/wp\/v2\/posts\/34338\/revisions"}],"wp:featuredmedia":[{"embeddable":true,"href":"https:\/\/www.infokuryr.cz\/n\/wp-json\/wp\/v2\/media\/34339"}],"wp:attachment":[{"href":"https:\/\/www.infokuryr.cz\/n\/wp-json\/wp\/v2\/media?parent=34338"}],"wp:term":[{"taxonomy":"category","embeddable":true,"href":"https:\/\/www.infokuryr.cz\/n\/wp-json\/wp\/v2\/categories?post=34338"},{"taxonomy":"post_tag","embeddable":true,"href":"https:\/\/www.infokuryr.cz\/n\/wp-json\/wp\/v2\/tags?post=34338"}],"curies":[{"name":"wp","href":"https:\/\/api.w.org\/{rel}","templated":true}]}}