{"id":34282,"date":"2023-08-18T05:59:33","date_gmt":"2023-08-18T03:59:33","guid":{"rendered":"http:\/\/www.infokuryr.cz\/n\/?p=34282"},"modified":"2023-08-18T05:59:33","modified_gmt":"2023-08-18T03:59:33","slug":"neutralni-svycarsko-slibuje-vetsi-spolupraci-s-nato","status":"publish","type":"post","link":"https:\/\/www.infokuryr.cz\/n\/2023\/08\/18\/neutralni-svycarsko-slibuje-vetsi-spolupraci-s-nato\/","title":{"rendered":"\u201eNeutr\u00e1ln\u00ed\u201c \u0160v\u00fdcarsko slibuje v\u011bt\u0161\u00ed spolupr\u00e1ci s NATO"},"content":{"rendered":"<div id=\"fb-root\"><\/div>\n<p><span style=\"font-size: 18pt;\"><strong>\u0160v\u00fdcar\u0161t\u00ed \u0161\u00e9fov\u00e9 obrany prosazuj\u00ed u\u017e\u0161\u00ed vazby se z\u00e1padn\u00edmi mocnostmi, uprost\u0159ed varov\u00e1n\u00ed, \u017ee je ohro\u017eena neutralita zem\u011b<\/strong><\/span><\/p>\n<p><span>\u0160v\u00fdcarsko zintenz\u00edvn\u00ed svou vojenskou spolupr\u00e1ci s NATO \u201ejak jen to bude mo\u017en\u00e9\u201c, podle nov\u00e9ho politick\u00e9ho dokumentu.\u00a0Zat\u00edmco vojen\u0161t\u00ed v\u016fdci zem\u011b u\u017e n\u011bjakou dobu prosazuj\u00ed v\u011bt\u0161\u00ed integraci s blokem veden\u00fdm Spojen\u00fdmi st\u00e1ty, z\u00e1konod\u00e1rci v Bernu se ob\u00e1vaj\u00ed, \u017ee slavn\u00e1 neutralita \u0160v\u00fdcarska je v ohro\u017een\u00ed.<\/span><\/p>\n<p><span>\u0160v\u00fdcarsk\u00e1 vojska se ji\u017e \u00fa\u010dastn\u00ed n\u011bkter\u00fdch zahrani\u010dn\u00edch v\u00fdcvikov\u00fdch cvi\u010den\u00ed, ale vojen\u0161t\u00ed velitel\u00e9\u00a0<\/span><em><span>\u201eroz\u0161\u00ed\u0159\u00ed tuto bilater\u00e1ln\u00ed a multilater\u00e1ln\u00ed v\u00fdcvikovou spolupr\u00e1ci, jak jen to bude mo\u017en\u00e9\u201c,<\/span><\/em><span>\u00a0podle\u00a0<\/span><a href=\"https:\/\/www.admin.ch\/gov\/de\/start\/dokumentation\/medienmitteilungen.msg-id-97354.html\" target=\"_blank\" rel=\"noopener noreferrer\"><span>zpr\u00e1vy<\/span><\/a><span>\u00a0zve\u0159ejn\u011bn\u00e9 ve \u010dtvrtek \u0161v\u00fdcarskou arm\u00e1dou.\u00a0P\u0159esto\u017ee jednotky letectva a speci\u00e1ln\u00edch sil n\u011bkdy cvi\u010d\u00ed se zem\u011bmi NATO, zpr\u00e1va vyz\u00fdv\u00e1 \u0161v\u00fdcarsk\u00e9 pozemn\u00ed jednotky, aby se \u00fa\u010dastnily spole\u010dn\u00fdch cvi\u010den\u00ed bloku a fungovaly v souladu s doktr\u00ednou NATO.\u00a0<\/span><\/p>\n<p><span>Zpr\u00e1va tak\u00e9 vyz\u00fdv\u00e1 \u0160v\u00fdcarsko, aby se p\u0159ipojilo k obrann\u00e9mu r\u00e1mci EU St\u00e1l\u00e1 strukturovan\u00e1 spolupr\u00e1ce (PESCO) a jej\u00ed iniciativ\u011b European Sky Shield \u2013 celoblokov\u00fd program protivzdu\u0161n\u00e9 obrany, kter\u00fd loni ozn\u00e1mil n\u011bmeck\u00fd kancl\u00e9\u0159 Olaf Scholz.<\/span><\/p>\n<p><img decoding=\"async\" loading=\"lazy\" class=\"wp-image-33819 aligncenter\" src=\"http:\/\/www.infokuryr.cz\/n\/wp-content\/uploads\/2023\/08\/ces1-300x157.jpg\" alt=\"\" width=\"1341\" height=\"702\" srcset=\"https:\/\/www.infokuryr.cz\/n\/wp-content\/uploads\/2023\/08\/ces1-300x157.jpg 300w, https:\/\/www.infokuryr.cz\/n\/wp-content\/uploads\/2023\/08\/ces1-1024x536.jpg 1024w, https:\/\/www.infokuryr.cz\/n\/wp-content\/uploads\/2023\/08\/ces1-768x402.jpg 768w, https:\/\/www.infokuryr.cz\/n\/wp-content\/uploads\/2023\/08\/ces1.jpg 1200w\" sizes=\"(max-width: 1341px) 100vw, 1341px\" \/><\/p>\n<p><span>Tato opat\u0159en\u00ed jsou nezbytn\u00e1 kv\u016fli\u00a0<\/span><em><span>\u201erusk\u00e9 \u00fato\u010dn\u00e9 v\u00e1lce proti Ukrajin\u011b\u201c,<\/span><\/em><span>\u00a0uv\u00e1d\u00ed zpr\u00e1va a dod\u00e1v\u00e1, \u017ee\u00a0<\/span><em><span>\u201eepocha m\u00edru v Evrop\u011b se ch\u00fdl\u00ed ke konci\u201c.<\/span><\/em><\/p>\n<p><span>\u0160v\u00fdcarsko udr\u017eovalo politiku neutrality od roku 1815 a nepodporovalo \u017e\u00e1dnou stranu v \u017e\u00e1dn\u00e9 ze dvou sv\u011btov\u00fdch v\u00e1lek.\u00a0Od za\u010d\u00e1tku konfliktu na Ukrajin\u011b \u0160v\u00fdcarsko uvalilo sankce na Rusko a poslalo ekonomickou pomoc Kyjevu, ale odm\u00edtlo dodat zbran\u011b nebo umo\u017enit jin\u00fdm zem\u00edm pos\u00edlat \u0161v\u00fdcarsk\u00e9 zbran\u011b nebo st\u0159elivo na Ukrajinu.<\/span><\/p>\n<p><span>Frakce uvnit\u0159 \u0161v\u00fdcarsk\u00e9 vl\u00e1dy m\u00e1 za c\u00edl uvolnit tuto tradi\u010dn\u011b \u017eeleznou neutralitu.\u00a0\u0160v\u00fdcarsk\u00e1 ministryn\u011b obrany Viola Amherd a \u0161\u00e9f arm\u00e1dy Thomas Sussli vyzvali k v\u011bt\u0161\u00ed \u00fa\u010dasti \u0160v\u00fdcarska na cvi\u010den\u00edch NATO, v\u010detn\u011b cvi\u010den\u00ed podle \u010dl\u00e1nku 5, ve kter\u00fdch blok tr\u00e9nuje reagovat jako jeden na \u00fatok na jednoho \u010dlena.<\/span><\/p>\n<p><span>Jejich nad\u0161en\u00ed vyvolalo v Bernu obavy, kdy\u017e Soci\u00e1ln\u011b demokratick\u00e1 strana a \u0160v\u00fdcarsk\u00e1 lidov\u00e1 strana trvaly na tom, \u017ee jak\u00e1koli spolupr\u00e1ce s NATO ohro\u017euje stalet\u00ed neutrality.<\/span><\/p>\n<p><em><span>&#8222;V ur\u010dit\u00e9m okam\u017eiku NATO \u0159ekne, \u017ee je \u010das p\u0159estat vyb\u00edrat t\u0159e\u0161n\u011b,&#8220;\u00a0<\/span><\/em><a href=\"https:\/\/www.swissinfo.ch\/eng\/politics\/swiss-army-chief-calls-for-increased-cooperation-with-nato\/48388872\" target=\"_blank\" rel=\"noopener noreferrer\"><span>\u0159ekl<\/span><\/a><span>\u00a0Mauro Tuena z Lidov\u00e9 strany\u00a0v b\u0159eznu pot\u00e9, co Sussli vyzval k\u00a0<\/span><em><span>&#8222;intenzivn\u00ed spolupr\u00e1ci&#8220;<\/span><\/em><span>\u00a0se z\u00e1padn\u00edm blokem.\u00a0<\/span><em><span>&#8222;Pak je samoz\u0159ejm\u011b s neutralitou konec,&#8220;<\/span><\/em><span>\u00a0varoval Sussli.<\/span><\/p>\n<p><span>Gener\u00e1ln\u00ed tajemn\u00edk NATO Jens Stoltenberg nep\u0159ijal my\u0161lenku v\u00edt\u00e1n\u00ed \u0161v\u00fdcarsk\u00fdch voj\u00e1k\u016f na cvi\u010den\u00ed bloku.\u00a0<\/span><em><span>\u201eN\u011bkolik spojenc\u016f m\u00e1 v\u00fdhrady, proto\u017ee jim \u0160v\u00fdcarsko nedovolilo p\u0159ed\u00e1vat munici na Ukrajinu,\u201c<\/span><\/em><span>\u00a0\u0159ekl v b\u0159eznu a dodal, \u017ee\u00a0<\/span><em><span>\u201e\u017e\u00e1d\u00e1me v\u0161echny na\u0161e partnery, v\u010detn\u011b \u0160v\u00fdcarska, aby alespo\u0148 umo\u017enili reexport zbran\u00ed a st\u0159eliva. \u201c<\/span><\/em><\/p>\n<p><img decoding=\"async\" loading=\"lazy\" class=\"alignnone size-full wp-image-1185\" src=\"http:\/\/www.infokuryr.cz\/n\/wp-content\/uploads\/2021\/04\/kuryr-podpis.png\" alt=\"\" width=\"84\" height=\"24\" \/><\/p>\n<p>&nbsp;<\/p>\n<p><a href=\"https:\/\/stranapro.cz\/\"><img decoding=\"async\" loading=\"lazy\" class=\"wp-image-30218 aligncenter\" src=\"http:\/\/www.infokuryr.cz\/n\/wp-content\/uploads\/2023\/06\/PRO-banner-300x36.png\" alt=\"\" width=\"1350\" height=\"162\" srcset=\"https:\/\/www.infokuryr.cz\/n\/wp-content\/uploads\/2023\/06\/PRO-banner-300x36.png 300w, https:\/\/www.infokuryr.cz\/n\/wp-content\/uploads\/2023\/06\/PRO-banner-768x93.png 768w, https:\/\/www.infokuryr.cz\/n\/wp-content\/uploads\/2023\/06\/PRO-banner.png 849w\" sizes=\"(max-width: 1350px) 100vw, 1350px\" \/><\/a><\/p>\n<p>&nbsp;<\/p>\n<p>&nbsp;<\/p>\n<p>&nbsp;<\/p>\n","protected":false},"excerpt":{"rendered":"<p>\u0160v\u00fdcar\u0161t\u00ed \u0161\u00e9fov\u00e9 obrany prosazuj\u00ed u\u017e\u0161\u00ed vazby se z\u00e1padn\u00edmi mocnostmi, uprost\u0159ed varov\u00e1n\u00ed, \u017ee je ohro\u017eena neutralita&#8230;<\/p>\n","protected":false},"author":2,"featured_media":24460,"comment_status":"closed","ping_status":"closed","sticky":false,"template":"","format":"standard","meta":[],"categories":[7],"tags":[39,1942,1014,467],"_links":{"self":[{"href":"https:\/\/www.infokuryr.cz\/n\/wp-json\/wp\/v2\/posts\/34282"}],"collection":[{"href":"https:\/\/www.infokuryr.cz\/n\/wp-json\/wp\/v2\/posts"}],"about":[{"href":"https:\/\/www.infokuryr.cz\/n\/wp-json\/wp\/v2\/types\/post"}],"author":[{"embeddable":true,"href":"https:\/\/www.infokuryr.cz\/n\/wp-json\/wp\/v2\/users\/2"}],"replies":[{"embeddable":true,"href":"https:\/\/www.infokuryr.cz\/n\/wp-json\/wp\/v2\/comments?post=34282"}],"version-history":[{"count":0,"href":"https:\/\/www.infokuryr.cz\/n\/wp-json\/wp\/v2\/posts\/34282\/revisions"}],"wp:featuredmedia":[{"embeddable":true,"href":"https:\/\/www.infokuryr.cz\/n\/wp-json\/wp\/v2\/media\/24460"}],"wp:attachment":[{"href":"https:\/\/www.infokuryr.cz\/n\/wp-json\/wp\/v2\/media?parent=34282"}],"wp:term":[{"taxonomy":"category","embeddable":true,"href":"https:\/\/www.infokuryr.cz\/n\/wp-json\/wp\/v2\/categories?post=34282"},{"taxonomy":"post_tag","embeddable":true,"href":"https:\/\/www.infokuryr.cz\/n\/wp-json\/wp\/v2\/tags?post=34282"}],"curies":[{"name":"wp","href":"https:\/\/api.w.org\/{rel}","templated":true}]}}