{"id":3428,"date":"2021-07-19T09:12:45","date_gmt":"2021-07-19T07:12:45","guid":{"rendered":"http:\/\/www.infokuryr.cz\/n\/?p=3428"},"modified":"2021-07-19T09:12:45","modified_gmt":"2021-07-19T07:12:45","slug":"nedelnik-adama-b-bartose-45-vsechno-je-jinak","status":"publish","type":"post","link":"https:\/\/www.infokuryr.cz\/n\/2021\/07\/19\/nedelnik-adama-b-bartose-45-vsechno-je-jinak\/","title":{"rendered":"NED\u011aLN\u00cdK ADAMA B. BARTO\u0160E (45) V\u0160ECHNO JE JINAK"},"content":{"rendered":"<div id=\"fb-root\"><\/div>\n<p>Kr\u00e1snou letn\u00ed ned\u011bli. Psal-li jsem minule, \u017ee situace se p\u0159ekotn\u011b vyv\u00edj\u00ed a m\u011bn\u00ed t\u00e9m\u011b\u0159 ka\u017ed\u00fd den, platilo to je\u0161t\u011b v\u00edce pro uplynul\u00fd t\u00fdden. Ten se nesl ve znamen\u00ed ne\u010dekan\u00fdch zvrat\u016f, kter\u00e9 mne sice net\u011b\u0161\u00ed, ale kter\u00e9 jsem mohl ovlivnit jen m\u00e1lo, pokud v\u016fbec.<span id=\"more-12161\"><\/span><\/p>\n<p>Nejen\u017ee nedopadlo jedn\u00e1n\u00ed s Trikol\u00f3rou (zprvu vypadalo konstruktivn\u011b, ale pak se Trikolora odml\u010dela a a\u017e dosud hraje mrtv\u00e9ho brouka), ale nav\u00edc se rozpadlo i na\u0161e spojenectv\u00ed s Otev\u0159eme \u010cesko. D\u016fvody jsme vyjmenovali v\u00a0<a href=\"https:\/\/narodnidemokracie.cz\/ukonceni-spoluprace-s-otevreme-cesko\/\" target=\"_blank\" rel=\"noopener\"><em><strong>tiskov\u00e9 zpr\u00e1v\u011b<\/strong><\/em><\/a>, tak\u017ee se k tomu nyn\u00ed vyj\u00e1d\u0159\u00edm jen velice kr\u00e1tce.<\/p>\n<p>Je\u0161t\u011b p\u0159ed t\u00fddnem v\u0161e vypadalo nad\u011bjn\u011b. M\u011bli jsme mocn\u00e9ho p\u0159\u00edmluvce, kter\u00fd domluvil setk\u00e1n\u00ed s Trikol\u00f3rou na nejvy\u0161\u0161\u00ed \u00farovni. I jedn\u00e1n\u00ed samotn\u00e9 bylo seri\u00f3zn\u00ed, z\u0159ejm\u011b proto, \u017ee Vladim\u00edra V\u00edtov\u00e1 a Zuzana Majerov\u00e1 Zahradn\u00edkov\u00e1 si jako \u017eeny docela rozum\u011bly. V dal\u0161\u00edch dnech ale do toho z\u0159ejm\u011b vstoupily dal\u0161\u00ed vlivy ve stran\u011b a uk\u00e1zalo se, \u017ee pan\u00ed p\u0159edsedkyn\u011b nejsp\u00ed\u0161e mus\u00ed poslouchat sv\u00e9 kolegy. A p\u0159estala br\u00e1t telefony. Z jist\u00e9ho pohledu je to pochopiteln\u00e9 \u2013 kandid\u00e1tky m\u00e1 Trikol\u00f3ra u\u017e hotov\u00e9, p\u0159edn\u00ed m\u00edsta se tvrd\u011b plat\u00ed a jsou ji\u017e \u201eprod\u00e1na\u201c a h\u00e1dky jsou pr\u00fd i o dvac\u00e1t\u00e1 m\u00edsta. Tak\u017ee p\u0159epustit n\u011bkolik lukrativn\u00edch m\u00edst pro na\u0161e strany byl tak velk\u00fd \u00fastupek, jak\u00e9ho Trikol\u00f3ra schopn\u00e1 nebyla. A jin\u00fd model spolupr\u00e1ce ani v \u00favahu nep\u0159ich\u00e1zel.<\/p>\n<p>To by bylo to nejmen\u0161\u00ed, proto\u017ee n\u011bco takov\u00e9ho jsem p\u0159edpokl\u00e1dal a p\u0159\u00edli\u0161 jsem nev\u011b\u0159il, \u017ee by se poda\u0159ilo na\u0161e bloky spojit, by\u0165 jsem o tom n\u011bkolikr\u00e1t psal. Je toti\u017e pravda, \u017ee sch\u016fzek s Trikol\u00f3rou (v r\u016fzn\u00fdch form\u00e1tech) bylo kolem des\u00edtky, existovala tedy p\u0159ece jen alespo\u0148 mal\u00e1 nad\u011bje, \u017ee by se p\u0159i takov\u00e9m mno\u017estv\u00ed jedn\u00e1n\u00ed n\u011bco vyjednat dalo. Nu, nedalo.<\/p>\n<p>O pozn\u00e1n\u00ed v\u00e1\u017en\u011bj\u0161\u00ed je druh\u00e1 novinka. Dva m\u011bs\u00edce tu propaguji Otev\u0159eme \u010cesko (v ned\u011bln\u00edc\u00edch, st\u0159edn\u00edc\u00edch \u010di r\u016fzn\u00fdch ve\u0159ejn\u00fdch projevech) a te\u010f jsme je poslali k \u0161\u00edpku. Ud\u011blat jsme to ale museli, proto\u017ee ANS a ND jsou n\u00e1rodoveck\u00e9 strany, kter\u00e9 reprezentuj\u00ed n\u00e1rodoveck\u00e9 pojet\u00ed politiky a kdy\u017e s n\u00e1mi n\u011bkdo nehraje f\u00e9r hru, znamen\u00e1 to, \u017ee chce obelhat nejen V\u00edtovou \u010di Barto\u0161e, ale n\u00e1rodoveck\u00e9 voli\u010de jako takov\u00e9. A to dopustit nesm\u00edme. Nejde tedy o na\u0161e ega, ale o ideje, kter\u00e9 vyzn\u00e1v\u00e1me a kter\u00e9 p\u0159edstavujeme a jsme zodpov\u011bdn\u00ed za to, aby nebyly zleh\u010dov\u00e1ny. Usiluje-li n\u011bkdo o spolupr\u00e1ci s n\u00e1rodoveck\u00fdmi stranami, mus\u00ed si uv\u011bdomit, \u017ee tyto strany maj\u00ed svoji hrdost. Jak by tak\u00e9 \u010dlov\u011bk mohl b\u00fdt hrd\u00fd na sv\u016fj n\u00e1rod, kdy\u017e by si nev\u00e1\u017eil s\u00e1m sebe?<\/p>\n<p>Omlouv\u00e1m se v\u00e1m tedy za to, \u017ee jsem ve v\u00e1s vyvolal plan\u00e9 a klamn\u00e9 nad\u011bje, kdy\u017e jsem psal, \u017ee se poda\u0159ilo propojit n\u00e1rodoveck\u00fd blok (ANS a ND) s blokem \u0159ekn\u011bme podnikatelsk\u00fdm (jak by se Otev\u0159eme \u010cesko dalo ozna\u010dit) a je\u0161t\u011b jsem doufal, \u017ee by se to v\u0161e dalo propojit i s blokem ekonomicko-liber\u00e1ln\u00edm (s Trikol\u00f3rou). Alespo\u0148 p\u0159ed t\u00fddnem to vypadalo, \u017ee \u0161ance na n\u011bco takov\u00e9ho tu je. Nu, nakonec se to nepoda\u0159ilo.<\/p>\n<p>Mysl\u00edm v\u0161ak, \u017ee jsme pro to ud\u011blali dost a byli jsme ochotni u\u010dinit v z\u00e1jmu dobr\u00e9 v\u011bci i mnoh\u00e9 \u00fastupky. Mysl\u00edm si tak\u00e9, \u017ee jsme se v t\u011bch jedn\u00e1n\u00edch dostali hodn\u011b daleko. Tak\u00e9 mus\u00edm \u0159\u00edci, \u017ee r\u016fzn\u00e1 jedn\u00e1n\u00ed vedeme u\u017e od za\u010d\u00e1tku ledna a sch\u016fzek jsme absolvovali odhadem asi \u010dty\u0159icet, ne-li v\u00edce, tak\u017ee n\u00e1s nikdo nem\u016f\u017ee vinit z toho, \u017ee jsme se necht\u011bli dohodnout \u010di \u017ee si hrajeme na sv\u00e9m p\u00edse\u010dku. Ale n\u011bkter\u00e9 v\u011bci jsem prost\u011b p\u0159ecenil, respektive, byl jsem p\u0159\u00edli\u0161 optimistick\u00fd, kdy\u017e jsem si myslel, \u017ee by se poda\u0159it mohly.<\/p>\n<p>A co te\u010f? Co z toho, co jsem psal v minul\u00fdch ned\u011bln\u00edc\u00edch, plat\u00ed? Krom\u011b n\u00e1zvu, pod kter\u00fdm n\u00e1s najdete na volebn\u00edm l\u00edstku, p\u0159ekvapiv\u011b plat\u00ed v\u0161e. Jak to mysl\u00edm?<\/p>\n<p>Otev\u0159eme \u010cesko se tedy nakonec jmenovat nebudeme (a ani nev\u00edm, zda n\u011bjak\u00e9 Otev\u0159eme \u010cesko bude v\u016fbec kandidovat, proto\u017ee Otev\u0159eme \u010cesko nem\u00e1 bez n\u00e1s v podstat\u011b \u017e\u00e1dn\u00e9 kandid\u00e1ty). Vrac\u00edme se tak k\u00a0<a href=\"https:\/\/narodnidemokracie.cz\/nd-a-ans-podepsaly-dohodu-nejde-jen-o-podzimni-volby-ceka-nas-mnoho-prace-cilem-jsou-svobodni-obcane-v-nezavislem-sobestacnem-bezpecnem-a-prosperujicim-narodnim-state\/\" target=\"_blank\" rel=\"noopener\"><em><strong>p\u016fvodn\u00ed dohod\u011b s ANS ze dne 27. kv\u011btna<\/strong><\/em><\/a>\u00a0a rozhodli jsme se, \u017ee kandid\u00e1tku pod\u00e1 Aliance n\u00e1rodn\u00edch sil, tak\u017ee takto n\u00e1s na kandid\u00e1tn\u00edch l\u00edstc\u00edch najdete. M\u011bnit se to u\u017e nebude, nebojte. A d\u016fvod? Ten je prost\u00fd \u2013 proto\u017ee je st\u00e1le je\u0161t\u011b mo\u017enost, \u017ee se k n\u00e1m p\u0159idaj\u00ed n\u011bkter\u00e9 spolky \u010di men\u0161\u00ed strany, Aliance je v tomto smyslu lep\u0161\u00ed n\u00e1zev pro tyto sjednocovac\u00ed snahy.<\/p>\n<p>Jinak ale plat\u00ed v\u0161e, co jsem psal minule. Voli\u010d si st\u00e1le bude vyb\u00edrat ze t\u0159\u00ed blok\u016f \u2013 n\u00e1rodoveck\u00e9ho (to jsme my, jen se budeme jmenovat ANS), ekonomicko-liber\u00e1ln\u00edho (Trikolora-Svobodn\u00ed-Soukromn\u00edci) a populisticko-rv\u00e1\u010dsk\u00e9ho (Voln\u00fd Blok). I kdy\u017e se zd\u00e1lo, \u017ee by n\u011bjak\u00e9 propojen\u00ed mezi nimi bylo mo\u017en\u00e9, nakonec se uk\u00e1zalo, \u017ee to mo\u017en\u00e9 nen\u00ed. Voli\u010d, kter\u00fd chce alternativu k SPD, ale zoufat nemus\u00ed a m\u00e1 st\u00e1le na v\u00fdb\u011br podle sv\u00fdch preferenc\u00ed. L\u00edb\u00ed se v\u00e1m rva\u010dky a tahanice o mikrofon? \u2013 pak volte Voln\u00fd blok. Preferujete kapitalismus a jste vyznava\u010dem\u00a0<em>laissez faire<\/em>? Pak volte Trikol\u00f3ru. M\u00e1te pocit, \u017ee by se politika m\u011bla d\u011blat na n\u00e1rodn\u00edm principu? Pak volte ANS a ND.<\/p>\n<p>V\u0161echny t\u0159i bloky jsou toti\u017e proti covidov\u00e9mu teroru (nebo se tak alespo\u0148 tv\u00e1\u0159\u00ed) a proto je tu zmi\u0148uji, jinak bych o nich nepsal (tak jako nep\u00ed\u0161u o P\u0159\u00edsaze nebo o Pir\u00e1tech). Ale ka\u017ed\u00e9mu z t\u011bch blok\u016f covidov\u00fd teror vad\u00ed z jin\u00e9ho d\u016fvodu. N\u00e1m, n\u00e1rodovc\u016fm, vad\u00ed proto, \u017ee za celou tou globalistickou agendou vid\u00edme skryt\u00fd \u00fatok na n\u00e1rodn\u00ed st\u00e1ty a snahu nastolit takov\u00fd nov\u00fd sv\u011btov\u00fd \u0159\u00e1d, kter\u00fd bude zalo\u017een na\u00a0<strong>Total Control<\/strong>\u00a0(n\u00e1zev knihy, kterou\u00a0<a href=\"http:\/\/knihyabb.cz\/domu\/3905-predobjednavka-nove-knihy-pana-vk-total-control-velky-reset-globalismu-vychazi-v-srpnu.html\" target=\"_blank\" rel=\"noopener\"><em><strong>pan VK p\u0159ipravuje na srpen<\/strong><\/em><\/a>). Liber\u00e1l\u016fm jako v\u017edy vad\u00ed siln\u00fd st\u00e1t a omezov\u00e1n\u00ed svobody. A populist\u016fm? Populist\u016fm je to v\u0161echno jedno, jenom c\u00edt\u00ed, \u017ee to je moment\u00e1ln\u011b vlna, na kterou v tuto chv\u00edli dost lid\u00ed sly\u0161\u00ed a kter\u00e1 je vynese k moci (mistrem v tom je Okamura).<\/p>\n<p>Co n\u00e1s nyn\u00ed \u010dek\u00e1? Podat kandid\u00e1tn\u00ed listiny je te\u010f prioritn\u00ed \u00fakol. Mus\u00edme tak\u00e9 zaplati kauci 19 tis\u00edc za ka\u017ed\u00fd kraj, co\u017e bude fu\u0161ka, proto\u017ee chceme-li kandidovat v cel\u00e9 republice, bude to st\u00e1t p\u0159es \u010dtvrt mega. Ale pokud n\u00e1m s t\u00edm chcete pomoci,\u00a0<a href=\"https:\/\/ib.fio.cz\/ib\/transparent?a=2501704822\" target=\"_blank\" rel=\"noopener\"><em><strong>tady<\/strong><\/em><\/a>\u00a0nebo\u00a0<a href=\"https:\/\/ib.fio.cz\/ib\/transparent?a=2301254898\" target=\"_blank\" rel=\"noopener\"><em><strong>tady<\/strong><\/em><\/a>\u00a0jsou na\u0161e transparentn\u00ed bankovn\u00ed \u00fa\u010dty. Jakmile bude toto za n\u00e1mi, vrhneme se zase na program, kter\u00fd jsme museli chv\u00edli odlo\u017eit stranou. A proto\u017ee u\u017e nemus\u00edme d\u011blat \u017e\u00e1dn\u00e9 kompromisy s ohledem na na\u0161e \u201epartnery\u201c, vemte jed na to, \u017ee n\u00e1\u0161 program bude to nejlep\u0161\u00ed, co na \u010desk\u00e9 politick\u00e9 sc\u00e9n\u011b najdete. Jak ostatn\u011b u\u017e dlouho slibuji. Tak\u017ee \u017e\u00e1dn\u00e9 opatrn\u00e9 na\u0161lapov\u00e1n\u00ed kolem EU, ale odejdeme bez referenda a \u0161mitec. O tom, jak\u00e9 skv\u011bl\u00e9 v\u011bci v tom programu budeme m\u00edt, v\u00e1m nap\u00ed\u0161u zase p\u0159\u00ed\u0161t\u011b\u2026<\/p>\n<p><em>Adam B. Barto\u0161, p\u0159edseda N\u00e1rodn\u00ed demokracie na spole\u010dn\u00e9 kandid\u00e1tce ND a ANS \u2013 Aliance n\u00e1rodn\u00edch sil.<\/em><\/p>\n<p><img decoding=\"async\" loading=\"lazy\" class=\"alignnone size-full wp-image-678\" src=\"http:\/\/www.infokuryr.cz\/n\/wp-content\/uploads\/2021\/04\/narodni_demokracie_logo.jpg\" alt=\"\" width=\"300\" height=\"85\" \/><\/p>\n<p>&nbsp;<\/p>\n","protected":false},"excerpt":{"rendered":"<p>Kr\u00e1snou letn\u00ed ned\u011bli. Psal-li jsem minule, \u017ee situace se p\u0159ekotn\u011b vyv\u00edj\u00ed a m\u011bn\u00ed t\u00e9m\u011b\u0159 ka\u017ed\u00fd&#8230;<\/p>\n","protected":false},"author":2,"featured_media":679,"comment_status":"closed","ping_status":"closed","sticky":false,"template":"","format":"standard","meta":[],"categories":[6],"tags":[367,85,27],"_links":{"self":[{"href":"https:\/\/www.infokuryr.cz\/n\/wp-json\/wp\/v2\/posts\/3428"}],"collection":[{"href":"https:\/\/www.infokuryr.cz\/n\/wp-json\/wp\/v2\/posts"}],"about":[{"href":"https:\/\/www.infokuryr.cz\/n\/wp-json\/wp\/v2\/types\/post"}],"author":[{"embeddable":true,"href":"https:\/\/www.infokuryr.cz\/n\/wp-json\/wp\/v2\/users\/2"}],"replies":[{"embeddable":true,"href":"https:\/\/www.infokuryr.cz\/n\/wp-json\/wp\/v2\/comments?post=3428"}],"version-history":[{"count":0,"href":"https:\/\/www.infokuryr.cz\/n\/wp-json\/wp\/v2\/posts\/3428\/revisions"}],"wp:featuredmedia":[{"embeddable":true,"href":"https:\/\/www.infokuryr.cz\/n\/wp-json\/wp\/v2\/media\/679"}],"wp:attachment":[{"href":"https:\/\/www.infokuryr.cz\/n\/wp-json\/wp\/v2\/media?parent=3428"}],"wp:term":[{"taxonomy":"category","embeddable":true,"href":"https:\/\/www.infokuryr.cz\/n\/wp-json\/wp\/v2\/categories?post=3428"},{"taxonomy":"post_tag","embeddable":true,"href":"https:\/\/www.infokuryr.cz\/n\/wp-json\/wp\/v2\/tags?post=3428"}],"curies":[{"name":"wp","href":"https:\/\/api.w.org\/{rel}","templated":true}]}}