{"id":34241,"date":"2023-08-18T01:06:59","date_gmt":"2023-08-17T23:06:59","guid":{"rendered":"http:\/\/www.infokuryr.cz\/n\/?p=34241"},"modified":"2023-08-17T14:32:42","modified_gmt":"2023-08-17T12:32:42","slug":"pocet-hospitalizaci-pro-infarkty-vzrostl-na-rekordni-uroven","status":"publish","type":"post","link":"https:\/\/www.infokuryr.cz\/n\/2023\/08\/18\/pocet-hospitalizaci-pro-infarkty-vzrostl-na-rekordni-uroven\/","title":{"rendered":"Po\u010det hospitalizac\u00ed pro infarkty vzrostl na rekordn\u00ed \u00farove\u0148"},"content":{"rendered":"<div id=\"fb-root\"><\/div>\n<p><a href=\"https:\/\/www.msn.com\/en-us\/health\/other\/heart-attack-hospitalisations-at-record-level-since-pandemic\/ar-AA1fhRfJ\" target=\"_blank\" rel=\"noreferrer noopener\" data-type=\"link\" data-id=\"https:\/\/www.msn.com\/en-us\/health\/other\/heart-attack-hospitalisations-at-record-level-since-pandemic\/ar-AA1fhRfJ\"><span>V Anglii byl<\/span><\/a><span>\u00a0po infarktu hospitalizov\u00e1n\u00a0rekordn\u00ed po\u010det lid\u00ed.\u00a0V letech 2021 a 2022 jich bylo v\u00edce ne\u017e 84 000, co\u017e p\u0159edstavuje n\u00e1r\u016fst o v\u00edce ne\u017e 7 000 za jeden rok.<\/span><\/p>\n<p><span>Vl\u00e1dn\u00ed \u00fadaje ukazuj\u00ed, \u017ee od jara 2020 do jara leto\u0161n\u00edho roku do\u0161lo k t\u00e9m\u011b\u0159\u00a0<\/span><a href=\"https:\/\/www.msn.com\/en-gb\/health\/medical\/heart-deaths-surge-by-more-than-500-a-week-since-pandemic\/ar-AA1cSgsQ\" target=\"_blank\" rel=\"noreferrer noopener\" data-type=\"link\" data-id=\"https:\/\/www.msn.com\/en-gb\/health\/medical\/heart-deaths-surge-by-more-than-500-a-week-since-pandemic\/ar-AA1cSgsQ\"><span>100 000 dal\u0161\u00edm<\/span><\/a><span>\u00a0srde\u010dn\u00edm \u00famrt\u00edm.\u00a0Po Covidu z\u016fst\u00e1v\u00e1 po\u010det \u00famrt\u00ed na srdce vysok\u00fd.<\/span><\/p>\n<p><span>Od b\u0159ezna 2020 do b\u0159ezna 2023 bylo v Anglii zaznamen\u00e1no 839 467 srde\u010dn\u00edch \u00famrt\u00ed, co\u017e je o 13 procent v\u00edce ne\u017e o\u010dek\u00e1van\u00fdch 742 927.<\/span><\/p>\n<p><span>P\u0159edchoz\u00ed\u00a0<\/span><a href=\"https:\/\/onlinelibrary.wiley.com\/doi\/10.1002\/jmv.28187\" target=\"_blank\" rel=\"noreferrer noopener\" data-type=\"link\" data-id=\"https:\/\/onlinelibrary.wiley.com\/doi\/10.1002\/jmv.28187\"><span>studie<\/span><\/a><span>\u00a0uk\u00e1zaly, \u017ee mezi lety 2020 a 2022 bude po\u010det \u00famrt\u00ed na infarkt ve v\u011bkov\u00e9 skupin\u011b 25 a\u017e 44 let o 30 procent vy\u0161\u0161\u00ed, ne\u017e se o\u010dek\u00e1valo.\u00a0To je obrovsk\u00fd n\u00e1r\u016fst.<\/span><\/p>\n<p><span>V posledn\u00edch m\u011bs\u00edc\u00edch se v m\u00e9di\u00edch objevila bizarn\u00ed tvrzen\u00ed.\u00a0L\u00e9ka\u0159ka a l\u00e9ka\u0159sk\u00e1 novin\u00e1\u0159ka Celine Gounderov\u00e1\u00a0<\/span><a href=\"https:\/\/www.ninefornews.nl\/media-geven-bizarre-verklaring-voor-stijging-aantal-fatale-hartaanvallen\/\" target=\"_blank\" rel=\"noreferrer noopener\" data-type=\"link\" data-id=\"https:\/\/www.ninefornews.nl\/media-geven-bizarre-verklaring-voor-stijging-aantal-fatale-hartaanvallen\/\"><span>\u0159ekla na CBS News,<\/span><\/a><span>\u00a0\u017ee u t\u011bchto mlad\u00fdch lid\u00ed je nyn\u00ed mnohem pravd\u011bpodobn\u011bj\u0161\u00ed, \u017ee dostanou infarkt, proto\u017ee nebyli schopni nosit obli\u010dejovou masku nebo byli zpo\u017ed\u011bni s o\u010dkov\u00e1n\u00edm, co\u017e znamen\u00e1, \u017ee nebyli \u201echr\u00e1n\u011bni\u201c v\u010das. .\u00a0Ve skute\u010dnosti.\u00a0Jin\u00fdmi slovy, je to va\u0161e vlastn\u00ed chyba.<\/span><\/p>\n<p><a href=\"https:\/\/www.telegraph.co.uk\/news\/2021\/09\/09\/teenage-boys-risk-vaccines-covid\/\" target=\"_blank\" rel=\"noreferrer noopener\" data-type=\"link\" data-id=\"https:\/\/www.telegraph.co.uk\/news\/2021\/09\/09\/teenage-boys-risk-vaccines-covid\/\"><span>Britsk\u00fd Daily Telegraph<\/span><\/a><span>\u00a0mezit\u00edm informoval\u00a0o studii, kter\u00e1 ukazuje, \u017ee vakc\u00edna je pro mlad\u00e9 mu\u017ee nebezpe\u010dn\u011bj\u0161\u00ed ne\u017e Covid.<\/span><\/p>\n<p><span>Po smrti mu\u017ee, kter\u00fd v kin\u011b sledoval film &#8222;Avatar 2&#8220;, m\u00e9dia\u00a0<\/span><a href=\"https:\/\/metro.co.uk\/2022\/12\/19\/avatar-2-fan-dies-from-heart-attack-while-watching-sequel-in-cinema-17960617\/\" target=\"_blank\" rel=\"noreferrer noopener\" data-type=\"link\" data-id=\"https:\/\/metro.co.uk\/2022\/12\/19\/avatar-2-fan-dies-from-heart-attack-while-watching-sequel-in-cinema-17960617\/\"><span>napsala<\/span><\/a><span>\u00a0, \u017ee jeho infarkt pravd\u011bpodobn\u011b vyvolalo vzru\u0161en\u00ed.<\/span><\/p>\n<p><span>Prezidentsk\u00fd kandid\u00e1t Robert F. Kennedy Jr. pouk\u00e1zal na to, \u017ee u o\u010dkovan\u00fdch lid\u00ed je o 500 procent vy\u0161\u0161\u00ed pravd\u011bpodobnost infarktu ne\u017e u neo\u010dkovan\u00fdch.\u00a0Odk\u00e1zal na studie samotn\u00e9 spole\u010dnosti Pfizer.<\/span><\/p>\n<p><strong><span>\u201eV\u011bd\u011bli, \u017ee zabij\u00ed spoustu lid\u00ed.\u00a0A p\u0159esto to ud\u011blali,\u201c \u0159ekl Kennedy.<\/span><\/strong><\/p>\n<p>&nbsp;<\/p>\n<div class='videoWrapper'>\r\n\t            <iframe src='https:\/\/rumble.com\/embed\/pj.vubw0f\/' frameborder='0' allowfullscreen><\/iframe>\r\n\t        <\/div>\n<p>&nbsp;<\/p>\n<p>&nbsp;<\/p>\n<p><img decoding=\"async\" loading=\"lazy\" class=\"wp-image-33819 aligncenter\" src=\"http:\/\/www.infokuryr.cz\/n\/wp-content\/uploads\/2023\/08\/ces1-300x157.jpg\" alt=\"\" width=\"1334\" height=\"698\" srcset=\"https:\/\/www.infokuryr.cz\/n\/wp-content\/uploads\/2023\/08\/ces1-300x157.jpg 300w, https:\/\/www.infokuryr.cz\/n\/wp-content\/uploads\/2023\/08\/ces1-1024x536.jpg 1024w, https:\/\/www.infokuryr.cz\/n\/wp-content\/uploads\/2023\/08\/ces1-768x402.jpg 768w, https:\/\/www.infokuryr.cz\/n\/wp-content\/uploads\/2023\/08\/ces1.jpg 1200w\" sizes=\"(max-width: 1334px) 100vw, 1334px\" \/><\/p>\n<p>&nbsp;<\/p>\n<p><a href=\"https:\/\/stranapro.cz\/\"><img decoding=\"async\" loading=\"lazy\" class=\"wp-image-30218 aligncenter\" src=\"http:\/\/www.infokuryr.cz\/n\/wp-content\/uploads\/2023\/06\/PRO-banner-300x36.png\" alt=\"\" width=\"1358\" height=\"163\" srcset=\"https:\/\/www.infokuryr.cz\/n\/wp-content\/uploads\/2023\/06\/PRO-banner-300x36.png 300w, https:\/\/www.infokuryr.cz\/n\/wp-content\/uploads\/2023\/06\/PRO-banner-768x93.png 768w, https:\/\/www.infokuryr.cz\/n\/wp-content\/uploads\/2023\/06\/PRO-banner.png 849w\" sizes=\"(max-width: 1358px) 100vw, 1358px\" \/><\/a><\/p>\n<p>&nbsp;<\/p>\n<p>&nbsp;<\/p>\n<p>&nbsp;<\/p>\n<p>&nbsp;<\/p>\n<p>&nbsp;<\/p>\n","protected":false},"excerpt":{"rendered":"<p>V Anglii byl\u00a0po infarktu hospitalizov\u00e1n\u00a0rekordn\u00ed po\u010det lid\u00ed.\u00a0V letech 2021 a 2022 jich bylo v\u00edce ne\u017e&#8230;<\/p>\n","protected":false},"author":2,"featured_media":17345,"comment_status":"closed","ping_status":"closed","sticky":false,"template":"","format":"standard","meta":[],"categories":[7],"tags":[23,1918,4561,315,882],"_links":{"self":[{"href":"https:\/\/www.infokuryr.cz\/n\/wp-json\/wp\/v2\/posts\/34241"}],"collection":[{"href":"https:\/\/www.infokuryr.cz\/n\/wp-json\/wp\/v2\/posts"}],"about":[{"href":"https:\/\/www.infokuryr.cz\/n\/wp-json\/wp\/v2\/types\/post"}],"author":[{"embeddable":true,"href":"https:\/\/www.infokuryr.cz\/n\/wp-json\/wp\/v2\/users\/2"}],"replies":[{"embeddable":true,"href":"https:\/\/www.infokuryr.cz\/n\/wp-json\/wp\/v2\/comments?post=34241"}],"version-history":[{"count":1,"href":"https:\/\/www.infokuryr.cz\/n\/wp-json\/wp\/v2\/posts\/34241\/revisions"}],"predecessor-version":[{"id":34242,"href":"https:\/\/www.infokuryr.cz\/n\/wp-json\/wp\/v2\/posts\/34241\/revisions\/34242"}],"wp:featuredmedia":[{"embeddable":true,"href":"https:\/\/www.infokuryr.cz\/n\/wp-json\/wp\/v2\/media\/17345"}],"wp:attachment":[{"href":"https:\/\/www.infokuryr.cz\/n\/wp-json\/wp\/v2\/media?parent=34241"}],"wp:term":[{"taxonomy":"category","embeddable":true,"href":"https:\/\/www.infokuryr.cz\/n\/wp-json\/wp\/v2\/categories?post=34241"},{"taxonomy":"post_tag","embeddable":true,"href":"https:\/\/www.infokuryr.cz\/n\/wp-json\/wp\/v2\/tags?post=34241"}],"curies":[{"name":"wp","href":"https:\/\/api.w.org\/{rel}","templated":true}]}}