{"id":3423,"date":"2021-07-19T03:53:36","date_gmt":"2021-07-19T01:53:36","guid":{"rendered":"http:\/\/www.infokuryr.cz\/n\/?p=3423"},"modified":"2021-07-19T03:53:36","modified_gmt":"2021-07-19T01:53:36","slug":"mengelove-soucasnosti-3-zastavme-ockovani","status":"publish","type":"post","link":"https:\/\/www.infokuryr.cz\/n\/2021\/07\/19\/mengelove-soucasnosti-3-zastavme-ockovani\/","title":{"rendered":"Mengelov\u00e9 sou\u010dasnosti 3 \u2013 zastavme o\u010dkov\u00e1n\u00ed!"},"content":{"rendered":"<div id=\"fb-root\"><\/div>\n<section class=\"perex\">Jak to dnes vypad\u00e1 s\u00a0Covidem-19 v\u00a0\u010cesk\u00e9 republice ve srovn\u00e1n\u00ed s\u00a0nejproo\u010dkovan\u011bj\u0161\u00edmi st\u00e1ty?<\/p>\n<p>\u010cesk\u00e1 republika je na tom nyn\u00ed mnohem l\u00e9pe ne\u017e proo\u010dkovan\u00e1 Brit\u00e1nie a proo\u010dkovan\u00fd Izrael. Proto je ve\u0161ker\u00fd n\u00e1tlak na dal\u0161\u00ed o\u010dkov\u00e1n\u00ed experiment\u00e1ln\u00edmi vakc\u00ednami irelevantn\u00ed a zlo\u010dinn\u00fd.<\/p>\n<\/section>\n<section class=\"clanek-obsah\">Pod\u00edvejme se na sou\u010dasn\u00e1 \u010d\u00edsla v\u00a0\u010cesk\u00e9 republice ze dne 16. 7. 2021:<\/p>\n<div class=\"karta\">\n<figure><a href=\"http:\/\/www.zvedavec.org\/images\/21\/mengelove-soucasnosti-3-1.jpg\" target=\"_blank\" rel=\"noopener\"><img decoding=\"async\" loading=\"lazy\" src=\"http:\/\/www.zvedavec.org\/images\/21\/mengelove-soucasnosti-3-1.jpg\" alt=\"[Klikn\u011bte p...]\" width=\"540\" height=\"154\" \/><\/a><figcaption>Klikn\u011bte pro zv\u011bt\u0161en\u00ed<\/figcaption><\/figure>\n<\/div>\n<p>Dne 16. 7. 2021v\u00a0\u010cesk\u00e9 republice s\u00a0cca 11 mil\u00f3ny obyvatel<\/p>\n<ul>\n<li>p\u0159ibylo 227 potvrzen\u00fdch p\u0159\u00edpad\u016f Covid-19<\/li>\n<li>p\u0159ibyl 1 v\u00e1\u017en\u00fd p\u0159\u00edpad do nemocnice (celkem je v\u00a0nemocnici 28 p\u0159\u00edpad\u016f)<\/li>\n<li>p\u0159ibylo 0 \u00famrt\u00ed na Covid-19<\/li>\n<li>bylo 2.707 aktivn\u00edch p\u0159\u00edpad\u016f<\/li>\n<li>Cca 36 % \u010cech\u016f je pln\u011b vakcinov\u00e1no.<\/li>\n<\/ul>\n<p>Porovnejme to nyn\u00ed se stavem v\u00a0nejproo\u010dkovan\u011bj\u0161\u00edch zem\u00edch &#8211; v\u00a0Brit\u00e1nii a Izraeli.<\/p>\n<h3>Brit\u00e1nie:<\/h3>\n<p>Dne 16. 7. 2021\u00a0<a href=\"https:\/\/www.dailymail.co.uk\/news\/article-9792171\/Graphs-surge-cases-men-twenties-spike-coincides-Euro-2020.html\" target=\"_blank\" rel=\"external noopener\">v\u00a0Brit\u00e1nii<\/a>\u00a0s\u00a0cca 68 mili\u00f3ny obyvatel<\/p>\n<ul>\n<li>p\u0159ibylo 48.553 potvrzen\u00fdch p\u0159\u00edpad\u016f Covid-19<\/li>\n<li>p\u0159ibylo 582 v\u00e1\u017en\u00fdch p\u0159\u00edpad\u016f do nemocnic<\/li>\n<li>p\u0159ibylo 63 \u00famrt\u00ed na Covid-19 (je to nejvy\u0161\u0161\u00ed \u010d\u00edslo od b\u0159ezna 2021)<\/li>\n<\/ul>\n<p>+ britsk\u00e1 vl\u00e1da vyk\u0159ikuje, jak \u00fasp\u011b\u0161n\u011b potla\u010dila epidemii d\u00edky masov\u00e9mu o\u010dkov\u00e1n\u00ed.<\/p>\n<p>T\u00e9m\u011b\u0159 ka\u017ed\u00fdch\u00a0<b>dev\u011bt z\u00a0deseti<\/b>\u00a0Brit\u016f dostalo jednu nebo dv\u011b d\u00e1vky vakc\u00edny.<\/p>\n<p>Podle dokumentu\u00a0<a href=\"https:\/\/assets.publishing.service.gov.uk\/government\/uploads\/system\/uploads\/attachment_data\/file\/1000512\/Vaccine_surveillance_report_-_week_27.pdf\" target=\"_blank\" rel=\"external noopener\">COVID-19 vaccine surveillance report Week 27<\/a>\u00a0, str. 3 zjist\u00edme, \u017ee do 4. \u010dervence bylo o\u010dkov\u00e1no jednou vakc\u00ednou 61,1 % Brit\u016f a dv\u011bma vakc\u00ednami 45.5% Brit\u016f. 88.1% dosp\u011bl\u00fdch Brit\u016f m\u00e1 protil\u00e1tky na Covid-19 z\u00edskan\u00e9 onemocn\u011bn\u00edm \u010di vakcinac\u00ed.<\/p>\n<p>P\u0159esto se stav n\u00e1kazy v\u00a0Brit\u00e1nii rychle zhor\u0161uje a zoufal\u00e9\u00a0<a href=\"https:\/\/www.mylondon.news\/news\/south-london-news\/london-hospitals-wall-silence-refuse-21003332\" target=\"_blank\" rel=\"external noopener\">lond\u00fdnsk\u00e9 nemocnice ji\u017e odm\u00edtaj\u00ed informovat<\/a>\u00a0o tom, kolik z\u00a0jejich covidov\u00fdch pacient\u016f je o\u010dkovan\u00fdch proti Covid-19.<\/p>\n<h3>Izrael:<\/h3>\n<p>Dne 16. 7. 2021\u00a0<a href=\"https:\/\/www.timesofisrael.com\/daily-covid-cases-top-850-but-serious-cases-appear-to-plateau\/\" target=\"_blank\" rel=\"external noopener\">v Izraeli<\/a>\u00a0s\u00a0cca 9,4 mili\u00f3ny obyvatel<\/p>\n<ul>\n<li>p\u0159ibylo 850 potvrzen\u00fdch p\u0159\u00edpad\u016f Covid-19 (je to nejvy\u0161\u0161\u00ed \u010d\u00edslo od 22. 3. 2021)<\/li>\n<li>t\u011b\u017ek\u00fdch p\u0159\u00edpad\u016f v\u00a0nemocnici je 52 z\u00a0toho 17 na ventil\u00e1torech<\/li>\n<li>o \u00famrt\u00edch se zdroj nezmi\u0148uje<\/li>\n<li>bylo 5.817 aktivn\u00edch p\u0159\u00edpad\u016f<\/li>\n<\/ul>\n<p>+ izraelsk\u00e1 vl\u00e1da vyk\u0159ikuje, jak \u00fasp\u011b\u0161n\u011b potla\u010dila epidemii d\u00edky masov\u00e9mu o\u010dkov\u00e1n\u00ed.<\/p>\n<p>56 % Izraelc\u016f je pln\u011b vakcinov\u00e1no a V\u00a0DENN\u00cdCH P\u0158\u00cdR\u016eSTC\u00cdCH N\u00c1KAZY Covid-19 TVO\u0158\u00cd VAKCINOVAN\u00cd IZRAELCI V\u011aT\u0160INU \u2013 VIZ GRAF:<\/p>\n<div class=\"karta\">\n<figure><img decoding=\"async\" loading=\"lazy\" src=\"http:\/\/www.zvedavec.org\/images\/21\/mengelove-soucasnosti-3-2.jpg\" alt=\"[Zdroj...]\" width=\"353\" height=\"289\" \/><figcaption>Zdroj\u00a0<a href=\"https:\/\/t.me\/TommyRobinsonNews\/21979\" target=\"_blank\" rel=\"external noopener\">https:\/\/t.me\/TommyRobinsonNews\/21979<\/a><\/figcaption><\/figure>\n<\/div>\n<p>Na v\u00fd\u0161e uveden\u00e9m grafu vid\u00edme denn\u00ed infekce Covidem-19 v Izraeli podle vakcina\u010dn\u00edho statutu. Z\u00a0grafu je z\u0159ejm\u00e9, \u017ee nadpolovi\u010dn\u00ed v\u011bt\u0161inu naka\u017een\u00fdch tvo\u0159\u00ed pln\u011b vakcinovan\u00ed ob\u010dan\u00e9.<\/p>\n<p>I ve skupin\u011b s\u00a0nejv\u00e1\u017en\u011bj\u0161\u00edm pr\u016fb\u011bhem Covidu-19 p\u0159eva\u017euj\u00ed v\u00a0Izraeli pln\u011b vakcinovan\u00ed ob\u010dan\u00e9 viz:<\/p>\n<div class=\"karta\">\n<figure><img decoding=\"async\" loading=\"lazy\" class=\"\" src=\"http:\/\/www.zvedavec.org\/images\/21\/mengelove-soucasnosti-3-3.jpg\" alt=\"[Zdroj...]\" width=\"502\" height=\"547\" \/><figcaption>Zdroj\u00a0<a href=\"https:\/\/twitter.com\/ariehkovler\/status\/1415611848003555329\" target=\"_blank\" rel=\"external noopener\">https:\/\/twitter.com\/ariehkovler\/status\/1415611848003555329<\/a><\/figcaption><\/figure>\n<\/div>\n<p>Pod\u00edvejme se nyn\u00ed na to, jak by to vypadalo v\u00a0\u010cesk\u00e9 republice, kdyby se covidov\u00e1 \u010d\u00edsla z\u00a0Brit\u00e1nie \u010di Izraele upravila na po\u010det obyvatel \u010cR:<\/p>\n<p>\u010cesk\u00e1 republika m\u00e1 68.000.000\/11.000.000=cca 6,2 x m\u00e9n\u011b obyvatel ne\u017e Brit\u00e1nie. Vyd\u011blme tedy \u010d\u00edsla z\u00a0Brit\u00e1nie t\u00edmto koeficientem.<\/p>\n<p>\u010cesk\u00e1 republika m\u00e1 11.000.000\/9.400.000=cca 1,17 x v\u00edce obyvatelstva. Vyn\u00e1sobme tedy \u010d\u00edsla z\u00a0Izraele t\u00edmto koeficientem.<\/p>\n<p>V\u00fdsledky budou n\u00e1sleduj\u00edc\u00ed:<\/p>\n<h3>Kdyby na tom byla \u010cR jako proo\u010dkovan\u00e1 Brit\u00e1nie:<\/h3>\n<ul>\n<li>p\u0159ibylo by dnes 7.831 potvrzen\u00fdch p\u0159\u00edpad\u016f (48.553\/6,2)<\/li>\n<li>p\u0159ibylo by dnes cca 94 v\u00e1\u017en\u00fdch p\u0159\u00edpad\u016f v\u00a0nemocnici (582\/6,2)<\/li>\n<li>p\u0159ibylo by dnes 10 \u00famrt\u00ed na Covid-19<\/li>\n<\/ul>\n<p>+ na\u0161e vl\u00e1da by vyk\u0159ikovala, jak \u00fasp\u011b\u0161n\u011b jsme potla\u010dili epidemii d\u00edky masov\u00e9mu o\u010dkov\u00e1n\u00ed.<\/p>\n<h3>Kdyby na tom byla \u010cR jako proo\u010dkovan\u00fd Izrael:<\/h3>\n<ul>\n<li>p\u0159ibylo by dnes cca 995 p\u0159\u00edpad\u016f Covid-19 (850&#215;1,17)<\/li>\n<li>bylo by dnes cca 67 v\u00e1\u017en\u00fdch p\u0159\u00edpad\u016f v nemocnici (52&#215;1,17), z toho 20 na ventil\u00e1torech (17&#215;1,17)<\/li>\n<li>o \u00famrt\u00edch se zdroj nezmi\u0148uje<\/li>\n<li>bylo by dnes cca 6.806 aktivn\u00edch p\u0159\u00edpad\u016f (2707+1,17)<\/li>\n<\/ul>\n<p>+ na\u0161e vl\u00e1da by vyk\u0159ikovala, jak \u00fasp\u011b\u0161n\u011b jsme potla\u010dili epidemii d\u00edky masov\u00e9mu o\u010dkov\u00e1n\u00ed.<\/p>\n<p>P\u0159ipome\u0148me si v\u0161ak skute\u010dn\u00fd sou\u010dasn\u00fd stav v\u00a0na\u0161\u00ed ne zcela proo\u010dkovan\u00e9 zemi:<\/p>\n<p>Dne 16. 7. 2021v\u00a0\u010cesk\u00e9 republice s\u00a0cca 11 mil\u00f3ny obyvatel<\/p>\n<ul>\n<li>p\u0159ibylo 227 potvrzen\u00fdch p\u0159\u00edpad\u016f Covid-19<\/li>\n<li>p\u0159ibyl 1 v\u00e1\u017en\u00fd p\u0159\u00edpad do nemocnice (celkem je v\u00a0nemocnici 28 p\u0159\u00edpad\u016f)<\/li>\n<li>p\u0159ibylo 0 \u00famrt\u00ed na Covid-19<\/li>\n<li>bylo 2.707 aktivn\u00edch p\u0159\u00edpad\u016f<\/li>\n<\/ul>\n<p>+ na\u0161e vl\u00e1da vyk\u0159ikuje, \u017ee\u00a0<a href=\"https:\/\/plus.rozhlas.cz\/adam-vojtech-chystam-konec-bezplatneho-testovani-kazdy-ma-moznost-ockovani-8535881\" target=\"_blank\" rel=\"external noopener\">jednozna\u010dn\u011b preferuje o\u010dkov\u00e1n\u00ed jako \u0159e\u0161en\u00ed cel\u00e9 situace<\/a>,zav\u00e1d\u00ed diskriminaci a zpoplat\u0148uje n\u00e1m testy.<\/p>\n<div class=\"ramecek\">\n<p>Podivn\u00e1 korelace mezi po\u010dtem o\u010dkovan\u00fdch a po\u010dtem onemocn\u011bl\u00fdch si v\u0161\u00edm\u00e1 i \u010dl\u00e1nek na zerohedge.com\u00a0<a href=\"https:\/\/www.zerohedge.com\/covid-19\/worrying-me-quite-bit-mrna-vaccine-inventor-shares-viral-thread-showing-covid-surge-most\" target=\"_blank\" rel=\"external noopener\">&#8222;This Is Worrying Me Quite A Bit&#8220;: mRNA Vaccine Inventor Shares Viral Thread Showing COVID Surge In Most-Vaxxed Countries<\/a>, kter\u00fd odkazuje na str\u00e1nku\u00a0<a href=\"https:\/\/threadreaderapp.com\/thread\/1415989536933490688.html\" target=\"_blank\" rel=\"external noopener\">https:\/\/threadreaderapp.com\/thread\/1415989536933490688.html<\/a>. Cituji:<\/p>\n<p>D\u011bje se n\u011bco opravdu divn\u00e9ho:<\/p>\n<p>V Evrop\u011b jsme sv\u011bdky n\u00e1r\u016fstu na mnoha m\u00edstech, kde ji\u017e byla v\u011bt\u0161ina populace o\u010dkov\u00e1na.<\/p>\n<p>Z\u00e1rove\u0148 se nezd\u00e1, \u017ee by 15 nejm\u00e9n\u011b o\u010dkovan\u00fdch zem\u00ed \u010delilo n\u011bjak\u00e9mu probl\u00e9mu.<\/p>\n<p>V ur\u010dit\u00e9m okam\u017eiku bude pop\u00edr\u00e1n\u00ed tohoto probl\u00e9mu bolestiv\u00e9.<\/p>\n<div class=\"karta\">\n<figure><a href=\"http:\/\/www.zvedavec.org\/images\/21\/mengelove-soucasnosti-3-5.jpg\" target=\"_blank\" rel=\"noopener\"><img decoding=\"async\" loading=\"lazy\" src=\"http:\/\/www.zvedavec.org\/images\/21\/mengelove-soucasnosti-3-5.jpg\" alt=\"[Klikn\u011bte p...]\" width=\"540\" height=\"771\" \/><\/a><figcaption>Klikn\u011bte pro zv\u011bt\u0161en\u00ed<\/figcaption><\/figure>\n<\/div>\n<p>Odkaz v\u00fd\u0161e obsahuje \u0159adu dal\u0161\u00edch graf\u016f potvrzuj\u00edc\u00edch tento trend. Um\u00edte-li anglicky, doporu\u010duji prostudovat co nejd\u0159\u00edv, internet posledn\u00ed dobou trp\u00ed ztr\u00e1tou pam\u011bti a materi\u00e1ly v n\u011bm podivn\u011b miz\u00ed.<\/p>\n<p>Vsuvka editora<\/p>\n<\/div>\n<p>O\u010dkovac\u00ed strategie, kterou prosazuje Babi\u0161 s\u00a0Vojt\u011bchem k\u00a0\u0159e\u0161en\u00ed \u201epandemie\u201c nepovede.<\/p>\n<p>V\u00fd\u0161e uveden\u00e1 fakta toti\u017e potvrzuj\u00ed, \u017ee o\u010dkov\u00e1n\u00ed jako \u0159e\u0161en\u00ed \u201epandemie\u201c zcela selhalo. Je to naprost\u00fd debakl a ve srovn\u00e1n\u00ed s\u00a0proo\u010dkovanou Brit\u00e1ni\u00ed a Izraelem jsme na tom dnes o mnoho l\u00e9pe.<\/p>\n<p>Chra\u0148me si proto p\u0159irozenou imunitu a zastavme o\u010dkov\u00e1n\u00ed &#8211; genovou terapii, kter\u00e1 je nebezpe\u010dn\u00e1 a kontraproduktivn\u00ed.<\/p>\n<p><a href=\"https:\/\/gloria.tv\/post\/YbVYUFZcuM3V6pwGuRmtXhBt1\" target=\"_blank\" rel=\"external noopener\">Zde najdete polopatick\u00e9 vysv\u011btlen\u00ed profesora Bhakdiho<\/a>, pro\u010d genov\u00e1 terapie v\u00a0experiment\u00e1ln\u00edch \u201evakc\u00edn\u00e1ch\u201c povede jen k\u00a0dal\u0161\u00edmu zhor\u0161en\u00ed zdravotn\u00edho stavu populace:<\/p>\n<p>\u0158ekn\u011bme na\u0161im politik\u016fm, \u017ee \u0159e\u0161en\u00edm \u201epandemie\u201c je pouze profylaxe a\u00a0<a href=\"https:\/\/covid19criticalcare.com\/\" target=\"_blank\" rel=\"external noopener\">\u010dasn\u00e9 l\u00e9\u010den\u00ed pacient\u016f pomoc\u00ed ov\u011b\u0159en\u00fdch l\u00e9k\u016f jako je Ivermektin<\/a>.<\/p>\n<div class=\"karta\">\n<figure><img decoding=\"async\" loading=\"lazy\" src=\"http:\/\/www.zvedavec.org\/images\/21\/mengelove-soucasnosti-3-4.jpg\" alt=\"[...]\" width=\"560\" height=\"280\" \/><\/figure>\n<\/div>\n<p>Loni kv\u016fli administrativn\u00edm a organiza\u010dn\u00edm chyb\u00e1m zem\u0159elo v\u00a0\u010cR na Covid-19 nejv\u00edce lid\u00ed z\u00a0cel\u00e9 unie.<\/p>\n<p>Diskrimina\u010dn\u00ed podm\u00ednky, kter\u00e9 Babi\u0161 s\u00a0Vojt\u011bchem nastavili letos\u2013 tedy, \u017ee se pln\u011b nao\u010dkovan\u00ed nemus\u00ed podrobovat test\u016fm \u2013 povedou op\u011bt ke zv\u00fd\u0161en\u00e9 n\u00e1kaze a \u00famrtnosti, proto\u017ee &#8211; jak vid\u00edme v\u00a0Izraeli &#8211; jsou to pr\u00e1v\u011b pln\u011b o\u010dkovan\u00ed, kte\u0159\u00ed \u010dast\u011bji onemocn\u00ed a maj\u00ed v\u00e1\u017en\u011bj\u0161\u00ed pr\u016fb\u011bh nemoci. (A Izrael tak\u00e9 testuje o\u010dkovan\u00e9 i neo\u010dkovan\u00e9 stejnou m\u011brou.)<\/p>\n<p>Je to v\u0161e jen n\u00e1hoda?<\/p>\n<p>Politici pot\u0159ebuj\u00ed Armagedon, aby n\u00e1s mohli dotla\u010dit k\u00a0masov\u00e9mu o\u010dkov\u00e1n\u00ed.<\/p>\n<p>Rozs\u00e1hl\u00e9 nenao\u010dkovan\u00e9 skupiny toti\u017e mus\u00ed zmizet, proto\u017ee poskytuj\u00ed nep\u0159\u00edjemn\u00e9 srovn\u00e1n\u00ed. Jen d\u00edky nim p\u016fjde usv\u011bd\u010dit tuto sme\u010dku zlo\u010dinc\u016f ze sp\u00e1ch\u00e1n\u00ed zlo\u010dinu proti lidskosti.<\/p>\n<p>Jakmile v\u0161ak budou nao\u010dkov\u00e1ni v\u0161ichni, nikdo jim u\u017e nic nedok\u00e1\u017ee.<\/p>\n<p>Cel\u00e1 fra\u0161ka okolo Covid-19, \u00fabytek na\u0161ich svobod, bezprecedentn\u00ed n\u00e1r\u016fst cenzury (a to i ve v\u011bdeck\u00e9 komunit\u011b!) a p\u0159em\u011bna cel\u00e9 populace v\u010detn\u011b d\u011bt\u00ed na pokusn\u00e9 kr\u00e1l\u00edky je tragick\u00fdm vy\u00fast\u011bn\u00edm stavu, kdy se ob\u010dan\u00e9 se stali rukojm\u00edmi Big Pharmy a jej\u00edch loutek \u2013 a to se mus\u00ed zm\u011bnit.<\/p>\n<p>Mus\u00edme vystoupit z\u00a0EU a z\u00a0WHO a p\u0159enechat kontrolu nad na\u0161\u00edm zdrav\u00edm st\u00e1tn\u00edm, demokraticky kontrolovateln\u00fdm instituc\u00edm. Mus\u00edme p\u0159estat volit politiky, kte\u0159\u00ed slou\u017e\u00ed korporac\u00edm, podporuj\u00ed cenzuru, zav\u00e1d\u00ed diskriminaci a omezuj\u00ed na\u0161i svobodu.<\/p>\n<p>MARU<\/p>\n<h2>Pozn\u00e1mka editora<\/h2>\n<p>Pomalu se st\u00e1v\u00e1 skute\u010dnosti to, jsem \u010dekal. Z \u00fadajn\u00e9ho n\u00e1rustu nemocn\u00fdch (\u0159\u00edk\u00e1m \u00fadajn\u00e9ho, proto\u017ee ta \u010d\u00edsla b\u00fdvaj\u00ed tradi\u010dn\u011b mohutn\u011b manipulov\u00e1na) obvi\u0148uj\u00ed &#8212; neo\u010dkovan\u00e9. Dne\u0161n\u00ed \u010dl\u00e1nek na iD\u011bs\u00a0<a href=\"https:\/\/www.idnes.cz\/zpravy\/zahranicni\/koronavirus-svet-narust-pripady-usa-blizky-vychod-who-ockovani-delta.A210716_182742_zahranicni_jhr\" target=\"_blank\" rel=\"external noopener\">\u010c\u00edsla znovu celosv\u011btov\u011b stoupaj\u00ed. Nemoc se st\u00e1v\u00e1 pandemi\u00ed neo\u010dkovan\u00fdch<\/a>\u00a0je toho p\u0159\u00edkladem. V \u010dl\u00e1nku se uv\u00e1d\u00ed:\u00a0<i>Navzdory rozs\u00e1hl\u00e9 o\u010dkovac\u00ed kampani v \u0159ad\u011b st\u00e1t\u016f sv\u011bta op\u011bt doch\u00e1z\u00ed k n\u00e1r\u016fstu po\u010dtu nov\u00fdch p\u0159\u00edpad\u016f koronaviru a \u00famrt\u00ed na nemoc covid-19. P\u0159\u00ed\u010dinou je varianta delta i neochota \u010d\u00e1sti obyvatel se o\u010dkovat.<\/i>\u00a0Postupn\u011b bude tento nonsens opakov\u00e1n st\u00e1le d\u016frazn\u011bji, a\u017e se z toho stane mantra. S podzimem nastane nefal\u0161ovan\u00fd hon na neo\u010dkovan\u00e9. P\u0159ipravme se.<\/p>\n<\/section>\n<p><a href=\"http:\/\/www.zvedavec.org\/komentare\/2021\/07\/8784-mengelove-soucasnosti-3-zastavme-ockovani.htm\">Zvedavec.org<\/a><\/p>\n<p>&nbsp;<\/p>\n","protected":false},"excerpt":{"rendered":"<p>Jak to dnes vypad\u00e1 s\u00a0Covidem-19 v\u00a0\u010cesk\u00e9 republice ve srovn\u00e1n\u00ed s\u00a0nejproo\u010dkovan\u011bj\u0161\u00edmi st\u00e1ty? \u010cesk\u00e1 republika je na&#8230;<\/p>\n","protected":false},"author":2,"featured_media":1810,"comment_status":"closed","ping_status":"closed","sticky":false,"template":"","format":"standard","meta":[],"categories":[7],"tags":[23,213,908,48],"_links":{"self":[{"href":"https:\/\/www.infokuryr.cz\/n\/wp-json\/wp\/v2\/posts\/3423"}],"collection":[{"href":"https:\/\/www.infokuryr.cz\/n\/wp-json\/wp\/v2\/posts"}],"about":[{"href":"https:\/\/www.infokuryr.cz\/n\/wp-json\/wp\/v2\/types\/post"}],"author":[{"embeddable":true,"href":"https:\/\/www.infokuryr.cz\/n\/wp-json\/wp\/v2\/users\/2"}],"replies":[{"embeddable":true,"href":"https:\/\/www.infokuryr.cz\/n\/wp-json\/wp\/v2\/comments?post=3423"}],"version-history":[{"count":0,"href":"https:\/\/www.infokuryr.cz\/n\/wp-json\/wp\/v2\/posts\/3423\/revisions"}],"wp:featuredmedia":[{"embeddable":true,"href":"https:\/\/www.infokuryr.cz\/n\/wp-json\/wp\/v2\/media\/1810"}],"wp:attachment":[{"href":"https:\/\/www.infokuryr.cz\/n\/wp-json\/wp\/v2\/media?parent=3423"}],"wp:term":[{"taxonomy":"category","embeddable":true,"href":"https:\/\/www.infokuryr.cz\/n\/wp-json\/wp\/v2\/categories?post=3423"},{"taxonomy":"post_tag","embeddable":true,"href":"https:\/\/www.infokuryr.cz\/n\/wp-json\/wp\/v2\/tags?post=3423"}],"curies":[{"name":"wp","href":"https:\/\/api.w.org\/{rel}","templated":true}]}}