{"id":34215,"date":"2023-08-17T05:17:37","date_gmt":"2023-08-17T03:17:37","guid":{"rendered":"http:\/\/www.infokuryr.cz\/n\/?p=34215"},"modified":"2023-08-17T05:17:37","modified_gmt":"2023-08-17T03:17:37","slug":"bod-zlomu-vedouci-kancelare-generalniho-tajemnika-nato-uvedl-pro-norsky-tisk-bombu","status":"publish","type":"post","link":"https:\/\/www.infokuryr.cz\/n\/2023\/08\/17\/bod-zlomu-vedouci-kancelare-generalniho-tajemnika-nato-uvedl-pro-norsky-tisk-bombu\/","title":{"rendered":"Bod zlomu? Vedouc\u00ed kancel\u00e1\u0159e gener\u00e1ln\u00edho tajemn\u00edka NATO uvedl pro norsk\u00fd tisk bombu&#8230;"},"content":{"rendered":"<div id=\"fb-root\"><\/div>\n<h4>Bod zlomu? Vedouc\u00ed kancel\u00e1\u0159e gener\u00e1ln\u00edho tajemn\u00edka NATO uvedl pro norsk\u00fd tisk bombu, \u017ee uvnit\u0159 NATO se ji\u017e jedn\u00e1 o mo\u017enosti postoupen\u00ed vybran\u00fdch ukrajinsk\u00fdch \u00fazem\u00ed Rusku v\u00fdm\u011bnou za \u010dlenstv\u00ed Ukrajiny v NATO! Stian Jenssen prohl\u00e1sil, \u017ee uvnit\u0159 NATO se ji\u017e jedn\u00e1 o mo\u017en\u00fdch sc\u00e9n\u00e1\u0159\u00edch konce v\u00e1lky na Ukrajin\u011b a tento n\u00e1vrh pr\u00fd v NATO vznesly jin\u00e9 \u010dlensk\u00e9 st\u00e1ty! Je to sign\u00e1l Ukrajin\u011b, \u017ee se mus\u00ed p\u0159ipravit na nevyhnuteln\u00e9! Kyjev my\u0161lenku ost\u0159e odsoudil, ale st\u0159et s realitou je nevyhnuteln\u00fd!<\/h4>\n<p>Podle v\u0161eho je ji\u017e nepochybn\u00e9, \u017ee uvnit\u0159 Severoatlantick\u00e9 aliance se za\u010d\u00ednaj\u00ed d\u00edt v\u011bci, ze kter\u00fdch nejen v Kyjev\u011b radost m\u00edt nebudou, proto\u017ee ve sv\u011btle zpackan\u00e9 ukrajinsk\u00e9 ofenz\u00edvy je u\u017e i gener\u00e1l\u016fm uvnit\u0159 NATO jasn\u00e9, \u017ee z\u00e1zrak se nekon\u00e1 a v\u00e1lku na Ukrajin\u011b bude nutn\u00e9 zav\u010das uhasit zp\u016fsobem, kter\u00fd byl pro z\u00e1padn\u00ed propagandisty je\u0161t\u011b doned\u00e1vna naprosto nemysliteln\u00fd.<\/p>\n<p><strong>Stian Jenssen, vedouc\u00ed kancel\u00e1\u0159e gener\u00e1ln\u00edho tajemn\u00edka NATO Jense Stoltenberga, toti\u017e uvedl [<a href=\"https:\/\/href.li\/?https:\/\/www.vg.no\/nyheter\/utenriks\/i\/jl7V5e\/aapner-for-at-ukraina-avgir-territorium-i-bytte-mot-nato-medlemskap\" target=\"_blank\" rel=\"nofollow noopener\">1<\/a>] pro norsk\u00fd list\u00a0<em>Verdens Gang<\/em>, \u017ee v\u00e1lka na Ukrajin\u011b by mohla b\u00fdt ukon\u010dena t\u00edm, \u017ee by Kyjev p\u0159enechal Moskv\u011b \u010d\u00e1st \u00fazem\u00ed Ukrajiny v\u00fdm\u011bnou za \u010dlenstv\u00ed zem\u011b v NATO.<\/strong>\u00a0Podle Jenssena se o tomto hovo\u0159\u00ed uvnit\u0159 NATO jako o jedn\u00e9 z mo\u017enost\u00ed, ale nejde pr\u00fd o n\u00e1vrh gener\u00e1ln\u00edho tajemn\u00edka, proto\u017ee tuto mo\u017enost pr\u00fd v NATO navrhly jin\u00e9 \u010dlensk\u00e9 zem\u011b aliance, nikoliv Norsko.<\/p>\n<figure id=\"attachment_56650\" class=\"wp-caption aligncenter\" style=\"width: 696px;\"><a href=\"https:\/\/aeronet.news\/wp-content\/uploads\/StoltenbergJenssen.jpg\"><img decoding=\"async\" loading=\"lazy\" class=\"wp-image-56650 \" src=\"https:\/\/aeronet.news\/wp-content\/uploads\/StoltenbergJenssen-1024x689.jpg\" sizes=\"(max-width: 700px) 100vw, 700px\" srcset=\"https:\/\/aeronet.news\/wp-content\/uploads\/StoltenbergJenssen-1024x689.jpg 1024w, https:\/\/aeronet.news\/wp-content\/uploads\/StoltenbergJenssen-300x202.jpg 300w, https:\/\/aeronet.news\/wp-content\/uploads\/StoltenbergJenssen-768x517.jpg 768w, https:\/\/aeronet.news\/wp-content\/uploads\/StoltenbergJenssen-700x471.jpg 700w, https:\/\/aeronet.news\/wp-content\/uploads\/StoltenbergJenssen-531x357.jpg 531w, https:\/\/aeronet.news\/wp-content\/uploads\/StoltenbergJenssen-718x483.jpg 718w, https:\/\/aeronet.news\/wp-content\/uploads\/StoltenbergJenssen.jpg 1280w\" alt=\"\" width=\"696\" height=\"468\" \/><\/a><figcaption class=\"wp-caption-text\">Jens Stoltenberg a Stian Jenssen<\/figcaption><\/figure>\n<p>Po tomto v\u00fdroku vybuchly v Kyjev\u011b atomov\u00e9 hodiny a nespadly ze zdi, proto\u017ee ta exploze zbourala cel\u00fd ukrajinsk\u00fd bar\u00e1k fale\u0161n\u00fdch iluz\u00ed a p\u0159edstav o v\u00edt\u011bzstv\u00ed a por\u00e1\u017ece Ruska s bratrskou pomoc\u00ed NATO. Pr\u00e1v\u011b to NATO te\u010f podle t\u011bchto informac\u00ed u\u017e pl\u00e1nuje, jak bude Ukrajina rozd\u011blena. Nejde p\u0159itom o proces, \u017ee by z\u00e1pad usiloval o m\u00edr, proto\u017ee to je \u00fapln\u011b to posledn\u00ed, co by z\u00e1pad zaj\u00edmalo.<\/p>\n<p>Snaha o ukon\u010den\u00ed v\u00e1lky na Ukrajin\u011b je od za\u010d\u00e1tku a\u017e do konce vedena snahou o z\u00e1chranu americk\u00e9ho dolaru, zachov\u00e1n\u00ed vlivu a moci kolektivn\u00edho z\u00e1padu ve t\u0159et\u00edch zem\u00edch a p\u0159edev\u0161\u00edm o\u00a0<strong>uvoln\u011bn\u00ed pen\u011bz a zdroj\u016f z Evropy a jejich co nejrychlej\u0161\u00ed p\u0159esunut\u00ed do prostoru jihov\u00fdchodn\u00ed Asie na zadr\u017een\u00ed \u010c\u00edny.<\/strong>\u00a0Ukrajina se toti\u017e stala urychlova\u010dem a katalyz\u00e1torem demise americk\u00e9 moci Pax Americana ve sv\u011bt\u011b, co\u017e ukazuj\u00ed procesy v zem\u00edch Sahelu v Africe, kde do\u0161lo k dal\u0161\u00edmu proti-z\u00e1padn\u00edmu vojensk\u00e9mu p\u0159evratu, po p\u0159evratech v Mali a v Burkin\u011b Faso je to tentokr\u00e1t Niger.<\/p>\n<h6><span style=\"font-size: 18pt;\">Kolektivn\u00ed z\u00e1pad pot\u0159ebuje z Ukrajiny vypadnout, proto\u017ee je t\u0159eba zadr\u017eet \u010c\u00ednu v Asii, v Africe a hlavn\u011b v Jihov\u00fdchodn\u00ed Asii<\/span><\/h6>\n<p>Francie a pota\u017emo USA ztr\u00e1c\u00ed p\u016fdu pod nohama, a to nejen v Africe, ale dokonce u\u017e i na Arabsk\u00e9m poloostrov\u011b. M\u00edrov\u00e1 konference v Sa\u00fadsk\u00e9 Ar\u00e1bii o v\u00e1lce na Ukrajin\u011b skon\u010dila pro USA a kolektivn\u00ed z\u00e1pad naprost\u00fdm fiaskem, proto\u017ee z\u00e1padn\u00edm vyjednava\u010d\u016fm se nepovedlo p\u0159im\u011bt asijsk\u00e9 a africk\u00e9 zem\u011b, aby se p\u0159ipojily k sankc\u00edm proti Rusku.<\/p>\n<p>M\u00edrov\u00fd summit iniciovan\u00fd Rij\u00e1dem m\u011bl velmi podivn\u00fd form\u00e1t, proto\u017ee jedna z val\u010d\u00edc\u00edch stran na Ukrajin\u011b nebyla na summit p\u0159izv\u00e1na. Rusko pozv\u00e1no nebylo, co\u017e samo o sob\u011b u\u017e dop\u0159edu d\u00e1valo najevo, \u017ee ten summit nen\u00ed my\u0161len v\u00e1\u017en\u011b. Pokud svol\u00e1te m\u00edrov\u00fd summit a jedna ze stran v\u00e1lky nen\u00ed pozv\u00e1na, tak je jasn\u00e9, \u017ee nejde o m\u00edrov\u00fd summit, ale o n\u011bco \u00fapln\u011b jin\u00e9ho. Jednalo se o konceptu\u00e1ln\u00ed summit, kter\u00fd m\u011bl demonstrovat z\u00e1padn\u00edmu sv\u011btu konec americk\u00e9ho syst\u00e9mu Pax Americana.<\/p>\n<figure id=\"attachment_56652\" class=\"wp-caption aligncenter\" style=\"width: 695px;\"><a href=\"https:\/\/aeronet.news\/wp-content\/uploads\/JeddahPeaceSummit.jpg\"><img decoding=\"async\" loading=\"lazy\" class=\"wp-image-56652 \" src=\"https:\/\/aeronet.news\/wp-content\/uploads\/JeddahPeaceSummit-1024x682.jpg\" sizes=\"(max-width: 700px) 100vw, 700px\" srcset=\"https:\/\/aeronet.news\/wp-content\/uploads\/JeddahPeaceSummit-1024x682.jpg 1024w, https:\/\/aeronet.news\/wp-content\/uploads\/JeddahPeaceSummit-300x200.jpg 300w, https:\/\/aeronet.news\/wp-content\/uploads\/JeddahPeaceSummit-768x512.jpg 768w, https:\/\/aeronet.news\/wp-content\/uploads\/JeddahPeaceSummit-700x466.jpg 700w, https:\/\/aeronet.news\/wp-content\/uploads\/JeddahPeaceSummit-536x357.jpg 536w, https:\/\/aeronet.news\/wp-content\/uploads\/JeddahPeaceSummit-725x483.jpg 725w, https:\/\/aeronet.news\/wp-content\/uploads\/JeddahPeaceSummit.jpg 1280w\" alt=\"\" width=\"695\" height=\"463\" \/><\/a><figcaption class=\"wp-caption-text\">M\u00edrov\u00fd summit v D\u017eidd\u011b v Sa\u00fadsk\u00e9 Ar\u00e1bii<\/figcaption><\/figure>\n<p>Nikdo na summitu toti\u017e nevysly\u0161el \u017e\u00e1dosti Ukrajiny, aby se arabsk\u00e9 a africk\u00e9 zem\u011b p\u0159ipojily k sankc\u00edm proti Rusku a k vyzbrojov\u00e1n\u00ed Ukrajiny.\u00a0<strong>M\u00edrov\u00fd summit v D\u017eidd\u011b [<a href=\"https:\/\/href.li\/?https:\/\/asiatimes.com\/2023\/08\/chinas-game-of-ukrainian-chess\/\" target=\"_blank\" rel=\"nofollow noopener\">2<\/a>] byl ve skute\u010dnosti pod kontrolou \u010c\u00edny, kter\u00e1 se m\u00edrov\u00fdm procesem na Ukrajin\u011b sna\u017e\u00ed z\u00edskat vliv sv\u011btov\u00e9 glob\u00e1ln\u00ed velmoci a chce v tomto ohledu nahradit pozici USA.<\/strong>\u00a0Jin\u00fdmi slovy do\u0161lo k tomu, \u017ee pokra\u010duj\u00edc\u00ed v\u00e1lka na Ukrajin\u011b urychluje destrukci pozic USA a z\u00e1padn\u00edho sv\u011bta po cel\u00e9m sv\u011bt\u011b, nejen v Africe a nejen na Arabsk\u00e9m poloostrov\u011b.<\/p>\n<p>Tak\u017ee pokud bude v\u00e1lka na okraji Ruska pokra\u010dovat je\u0161t\u011b d\u00e9le, tak kolektivn\u00ed Z\u00e1pad p\u0159ijde o sv\u016fj vliv a moc po cel\u00e9m sv\u011bt\u011b. V\u00e1lka na Ukrajin\u011b toti\u017e donutila Rusko a \u010c\u00ednu ke sjednocen\u00ed, ke spojen\u00ed, a to na \u00farovni konceptu\u00e1ln\u00edho spojenectv\u00ed, kter\u00e9 nepramen\u00ed z l\u00e1sky, ale \u010dist\u011b z konceptu\u00e1ln\u00edho kalkulu. \u010c\u00edna d\u00edky v\u00e1lce na Ukrajin\u011b ni\u010d\u00ed pozice Francie, USA, Velk\u00e9 Brit\u00e1nie a cel\u00e9ho kolektivn\u00edho z\u00e1padu v Africe a nyn\u00ed u\u017e i na Arabsk\u00e9m poloostrov\u011b.<\/p>\n<h6><span style=\"font-size: 18pt;\">Ukrajinsk\u00e1 v\u00e1lka urychlila kolaps syst\u00e9mu Pax Americana a v\u0161ech z\u00e1padn\u00edch koloni\u00e1ln\u00edch mocnost\u00ed<\/span><\/h6>\n<p>V hlavn\u00edm m\u011bst\u011b Nigeru v Niamey pochoduj\u00ed davy lid\u00ed s rusk\u00fdmi vlajkami a na transparentech maj\u00ed Jevgenije Prigo\u017eina, PMC Wagner a Vladimira Putina. Kolektivist\u00e9 s hr\u016fzou sleduj\u00ed, jak b\u00fdval\u00e9 africk\u00e9 kolonie vyh\u00e1n\u011bj\u00ed Francouze, Brity a Ameri\u010dany, zat\u00edmco Rusy oslavuj\u00ed jako hrdiny a osvoboditele. Jestli si mysl\u00edte, \u017ee z\u00e1pad na tyto ud\u00e1losti nereaguje, \u017ee nevid\u00ed, co se d\u011bje v Nigeru a jinde v Africe, tak jste na omylu.<\/p>\n<p>Oni vid\u00ed \u00fapln\u011b v\u0161echno a vid\u00ed hlavn\u011b p\u0159\u00ed\u010dinu, pro\u010d kolektivn\u00ed Z\u00e1pad ztr\u00e1c\u00ed kontrolu nad zem\u011bmi Afriky. T\u00edm d\u016fvodem je v\u00e1lka na Ukrajin\u011b a jmenovit\u011b v\u00e1lka mezi Ruskem a NATO veden\u00e1 na Ukrajin\u011b skrze ukrajinsk\u00e9 voj\u00e1ky. V\u00fdroky a projevy Vladimira Putina o spravedliv\u011bj\u0161\u00edm sv\u011bt\u011b, o sv\u011bt\u011b s multipol\u00e1rn\u00edm rozd\u011blen\u00edm, o sv\u011bt\u011b bez americk\u00e9 hegemonie, nach\u00e1z\u00ed odezvu pr\u00e1v\u011b v nejchud\u0161\u00edch a p\u0159itom zdrojov\u011b nejbohat\u0161\u00edch zem\u00edch Afriky.<\/p>\n<figure id=\"attachment_56651\" class=\"wp-caption aligncenter\" style=\"width: 691px;\"><a href=\"https:\/\/aeronet.news\/wp-content\/uploads\/NiameyNigerRussia.jpg\"><img decoding=\"async\" loading=\"lazy\" class=\"wp-image-56651 \" src=\"https:\/\/aeronet.news\/wp-content\/uploads\/NiameyNigerRussia-1024x577.jpg\" sizes=\"(max-width: 700px) 100vw, 700px\" srcset=\"https:\/\/aeronet.news\/wp-content\/uploads\/NiameyNigerRussia-1024x577.jpg 1024w, https:\/\/aeronet.news\/wp-content\/uploads\/NiameyNigerRussia-300x169.jpg 300w, https:\/\/aeronet.news\/wp-content\/uploads\/NiameyNigerRussia-768x433.jpg 768w, https:\/\/aeronet.news\/wp-content\/uploads\/NiameyNigerRussia-700x394.jpg 700w, https:\/\/aeronet.news\/wp-content\/uploads\/NiameyNigerRussia-634x357.jpg 634w, https:\/\/aeronet.news\/wp-content\/uploads\/NiameyNigerRussia-857x483.jpg 857w, https:\/\/aeronet.news\/wp-content\/uploads\/NiameyNigerRussia.jpg 1280w\" alt=\"\" width=\"691\" height=\"389\" \/><\/a><figcaption class=\"wp-caption-text\">Lid\u00e9 v hlavn\u00edm m\u011bst\u011b Nigeru v Niamey oslavuj\u00ed vojensk\u00fd p\u0159evrat a vyv\u011b\u0161uj\u00ed ruskou vlajku na po\u010dest PMC Wagner Group<\/figcaption><\/figure>\n<p>Povst\u00e1n\u00ed a p\u0159evraty proti z\u00e1padn\u00edm loutkov\u00fdm vl\u00e1d\u00e1m tam pouze dokresluj\u00ed skute\u010dnost, jak\u00fd vliv m\u00e1 rozhodnut\u00ed Kremlu zm\u011bnit sv\u011btov\u00fd \u0159\u00e1d na ostatn\u00ed zem\u011b ve sv\u011bt\u011b. To nejl\u00e9pe dokl\u00e1daj\u00ed \u010d\u00edsla.\u00a0<strong>Z celkem 190 zem\u00ed sv\u011bta uvalilo sankce na Rusko jenom 45 zem\u00ed, p\u0159i\u010dem\u017e v\u0161echny z nich pat\u0159\u00ed do tzv. Z\u00e1padn\u00edho sv\u011bta<\/strong>, resp. do sv\u011bta napojen\u00e9ho na Z\u00e1padn\u00ed mocensk\u00fd sv\u011bt ustanoven\u00fd po II. sv. v\u00e1lce. Tedy k sankc\u00edm se nep\u0159ipojila ani \u010dtvrtina zem\u00ed sv\u011bta.<\/p>\n<p>To \u010din\u00ed konceptu\u00e1ln\u00ed v\u00e1lku NATO proti Rusku skrze ukrajinsk\u00e9 v\u00e1le\u010dn\u00e9 h\u0159i\u0161t\u011b naprosto neudr\u017eitelnou! A proto NATO za\u010d\u00edn\u00e1 v z\u00e1kulis\u00ed ji\u017e hledat cesty ven z tohoto konfliktu, ale necht\u011bj\u00ed p\u0159ipustit, aby to byla kompletn\u00ed por\u00e1\u017eka NATO, proto\u017ee to by zp\u016fsobilo katastrofu pro kolektivn\u00ed Z\u00e1pad. Za\u010d\u00ednaj\u00ed se tak v NATO nadhazovat my\u0161lenky a pl\u00e1ny, jak ud\u011blat s Rusy obchod, aby k tomu obchodu byli ochotni a aby necht\u011bli pokra\u010dovat ve v\u00e1lce.<\/p>\n<h6><span style=\"font-size: 18pt;\">Uvnit\u0159 NATO se ji\u017e jedn\u00e1 o rozporcov\u00e1n\u00ed Ukrajiny, informa\u010dn\u00ed bal\u00f3nek z Norska neunikl n\u00e1hodou<\/span><\/h6>\n<p>Pro Rusko je my\u0161lenka Ukrajiny v NATO syst\u00e9mov\u011b naprosto nep\u0159ijateln\u00e1. Ukrajina byla v historii ji\u017e 3x n\u00e1stupn\u00ed platformou pro \u00fatok a invazi na Rusko. Bylo to za Napoleonsk\u00fdch v\u00e1lek, za 1. sv\u011btov\u00e9 v\u00e1lky a rovn\u011b\u017e za 2. sv\u011btov\u00e9 v\u00e1lky. Moskva proto spat\u0159uje Ukrajinu za nedotknutelnou sf\u00e9ru sv\u00e9 bezpe\u010dnosti.\u00a0<strong>Ov\u0161em tyto pokusn\u00e9 bal\u00f3nky vypou\u0161t\u011bn\u00e9 z kancel\u00e1\u0159e gener\u00e1ln\u00edho tajemn\u00edka NATO jasn\u011b nazna\u010duj\u00ed, \u017ee Z\u00e1pad ji\u017e za\u010d\u00edn\u00e1 myslet na konec anga\u017em\u00e1 na Ukrajin\u011b a sna\u017e\u00ed se z toho vyt\u0159\u00edskat maximum.<\/strong><\/p>\n<p>Ten n\u00e1vrh neunikl n\u00e1hodou, Jenssen tu informaci prost\u011b vypustil jako sign\u00e1l vyslan\u00fd Kyjevu, \u017ee je tady z\u00e1v\u011bre\u010dn\u00e1 j\u00edzda a potom kon\u010d\u00edme, zav\u00edr\u00e1me! K my\u0161lence se ji\u017e vyj\u00e1d\u0159il i Dmitrij Medved\u011bv, \u017ee Rusko bude po\u017eadovat Kyjev od Ukrajiny jako historick\u00e9 hlavn\u00ed m\u011bsto Ruska a hlavn\u00ed m\u011bsto Ukrajiny se bude muset p\u0159esunout do \u201cpolsk\u00e9ho\u201d Lvova.<\/p>\n<p>&nbsp;<\/p>\n<div class=\"twitter-tweet twitter-tweet-rendered\"><iframe id=\"twitter-widget-0\" class=\"\" title=\"Twitter Tweet\" src=\"https:\/\/platform.twitter.com\/embed\/Tweet.html?dnt=true&amp;embedId=twitter-widget-0&amp;features=eyJ0ZndfdGltZWxpbmVfbGlzdCI6eyJidWNrZXQiOltdLCJ2ZXJzaW9uIjpudWxsfSwidGZ3X2ZvbGxvd2VyX2NvdW50X3N1bnNldCI6eyJidWNrZXQiOnRydWUsInZlcnNpb24iOm51bGx9LCJ0ZndfdHdlZXRfZWRpdF9iYWNrZW5kIjp7ImJ1Y2tldCI6Im9uIiwidmVyc2lvbiI6bnVsbH0sInRmd19yZWZzcmNfc2Vzc2lvbiI6eyJidWNrZXQiOiJvbiIsInZlcnNpb24iOm51bGx9LCJ0ZndfZm9zbnJfc29mdF9pbnRlcnZlbnRpb25zX2VuYWJsZWQiOnsiYnVja2V0Ijoib24iLCJ2ZXJzaW9uIjpudWxsfSwidGZ3X21peGVkX21lZGlhXzE1ODk3Ijp7ImJ1Y2tldCI6InRyZWF0bWVudCIsInZlcnNpb24iOm51bGx9LCJ0ZndfZXhwZXJpbWVudHNfY29va2llX2V4cGlyYXRpb24iOnsiYnVja2V0IjoxMjA5NjAwLCJ2ZXJzaW9uIjpudWxsfSwidGZ3X3Nob3dfYmlyZHdhdGNoX3Bpdm90c19lbmFibGVkIjp7ImJ1Y2tldCI6Im9uIiwidmVyc2lvbiI6bnVsbH0sInRmd19kdXBsaWNhdGVfc2NyaWJlc190b19zZXR0aW5ncyI6eyJidWNrZXQiOiJvbiIsInZlcnNpb24iOm51bGx9LCJ0ZndfdXNlX3Byb2ZpbGVfaW1hZ2Vfc2hhcGVfZW5hYmxlZCI6eyJidWNrZXQiOiJvbiIsInZlcnNpb24iOm51bGx9LCJ0ZndfdmlkZW9faGxzX2R5bmFtaWNfbWFuaWZlc3RzXzE1MDgyIjp7ImJ1Y2tldCI6InRydWVfYml0cmF0ZSIsInZlcnNpb24iOm51bGx9LCJ0ZndfbGVnYWN5X3RpbWVsaW5lX3N1bnNldCI6eyJidWNrZXQiOnRydWUsInZlcnNpb24iOm51bGx9LCJ0ZndfdHdlZXRfZWRpdF9mcm9udGVuZCI6eyJidWNrZXQiOiJvbiIsInZlcnNpb24iOm51bGx9fQ%3D%3D&amp;frame=false&amp;hideCard=false&amp;hideThread=false&amp;id=1691545649299304448&amp;lang=cs&amp;origin=https%3A%2F%2Faeronet.news%2Fbod-zlomu-vedouci-kancelare-generalniho-tajemnika-nato-uvedl-pro-norsky-tisk-bombu-ze-uvnitr-nato-se-jiz-jedna-o-moznosti-postoupeni-vybranych-ukrajinskych-uzemi-rusku-vymenou-za-clenstvi-ukrajiny%2F&amp;sessionId=c665caa8acb5af9929445c013d31cc0ef8ac55fc&amp;theme=light&amp;widgetsVersion=aaf4084522e3a%3A1674595607486&amp;width=550px\" frameborder=\"0\" scrolling=\"no\" allowfullscreen=\"allowfullscreen\" data-tweet-id=\"1691545649299304448\" data-mce-fragment=\"1\"><\/iframe><\/div>\n<p>&nbsp;<\/p>\n<p>Je to sou\u010dasn\u011b konceptu\u00e1ln\u00ed p\u0159edp\u00edrka pro z\u00e1padn\u00ed m\u00e9dia, aby se p\u0159ipravila na nov\u00fd narativ, na nov\u00fd model psan\u00ed, na vysv\u011btlov\u00e1n\u00ed obyvatelstvu, pro\u010d dohoda s Ruskem nen\u00ed por\u00e1\u017ekou Ukrajiny a u\u017e v\u016fbec ne Z\u00e1padu, pro\u010d dohoda s Ruskem je dobr\u00e1, \u017ee z toho vyt\u011b\u017e\u00ed v\u00edce Ukrajina, \u017ee vlastn\u011b Ukrajina zv\u00edt\u011bzila, mor\u00e1ln\u011b, a \u017ee to \u00fazem\u00ed, kter\u00e9 postoupila Rusku stejn\u011b nem\u011blo cenu, proto\u017ee tam v\u0161echny nerostn\u00e9 suroviny jsou ji\u017e vyt\u011b\u017eeny a Evropa stejn\u011b jde novou cestou bez fosiln\u00edch paliv, tak\u017ee nic se nestane.\u00a0<strong>M\u00e9dia za\u010dnou vypou\u0161t\u011bt\u00a0<em>damage control<\/em>\u00a0\u010dl\u00e1nky od r\u00e1na do ve\u010dera.<\/strong>\u00a0P\u016fjde o z\u00e1plavu milion\u016f \u010dl\u00e1nk\u016f relativizuj\u00edc\u00edch a r\u016f\u017eov\u011b vykresluj\u00edc\u00edch konec z\u00e1padn\u00edho anga\u017em\u00e1 na Ukrajin\u011b a rozpad Ukrajiny v sou\u010dasn\u00e9 podob\u011b. Ukrajinci budou v \u0161oku.<\/p>\n<h6><span style=\"font-size: 18pt;\">Ukrajinsk\u00fd n\u00e1rod zaplat\u00ed za d\u016fsledky Majdanu z roku 2014 stra\u0161livou cenu<\/span><\/h6>\n<p>Zjist\u00ed, ale velmi pozd\u011b, \u017ee se stali munic\u00ed z\u00e1padu proti Rusku, \u017ee p\u0159i\u0161li o stovky tis\u00edc sv\u00fdch d\u011bt\u00ed, syn\u016f, \u017ee p\u0159i\u0161li o sv\u00e9 \u00fazem\u00ed, \u017ee z\u00e1pad je do NATO nevzal, ani do EU je nevzal a v kone\u010dn\u00e9m d\u016fsledku tak p\u0159ijde bod a l\u00e1m\u00e1n\u00ed ztvrdl\u00e9ho kyjevsk\u00e9ho chleba, kdy\u00a0<strong>z\u00e1pad nab\u00eddne Ukrajin\u011b n\u011bco jako n\u00e1plast na bolest a ost\u0159e nazna\u010d\u00ed, \u017ee to je maximum, a pokud to Kyjev nep\u0159ijme, bude zle.<\/strong><\/p>\n<p>Zelensk\u00fd m\u016f\u017ee b\u00fdt v klidu. Na rozd\u00edl od v\u011bt\u0161iny ukrajinsk\u00fdch civilist\u016f (krom\u011b t\u011bch na front\u011b) m\u00e1 pistoli, kterou se m\u016f\u017ee zast\u0159elit. I kdy\u017e mo\u017en\u00e1 zvol\u00ed jinou smrt a p\u0159ed\u00e1vkuje se koksem. Sjede se na tzv.\u00a0<em>highway to heaven<\/em>, tedy na n\u011bkolik metr\u016f dlouh\u00e9 lajn\u011b koksu, kter\u00e1 zp\u016fsob\u00ed srde\u010dn\u00ed arytmii, bezv\u011bdom\u00ed a n\u00e1slednou smrt. Mezi herci a celebritami v Hollywoodu se tomu \u0159\u00edk\u00e1 i jako\u00a0<em>\u0160anghajsk\u00fd odchod do nebe<\/em>. Ov\u0161em tam se jedn\u00e1 o \u00famysln\u00e9 p\u0159ed\u00e1vkov\u00e1n\u00ed opiem, nikoliv koke\u0161em.<\/p>\n<figure id=\"attachment_56325\" class=\"wp-caption aligncenter\" style=\"width: 692px;\"><a href=\"https:\/\/aeronet.news\/wp-content\/uploads\/ZelenskyJanitorMeme.jpg\"><img decoding=\"async\" loading=\"lazy\" class=\"wp-image-56325 \" src=\"https:\/\/aeronet.news\/wp-content\/uploads\/ZelenskyJanitorMeme-1024x682.jpg\" sizes=\"(max-width: 700px) 100vw, 700px\" srcset=\"https:\/\/aeronet.news\/wp-content\/uploads\/ZelenskyJanitorMeme-1024x682.jpg 1024w, https:\/\/aeronet.news\/wp-content\/uploads\/ZelenskyJanitorMeme-300x200.jpg 300w, https:\/\/aeronet.news\/wp-content\/uploads\/ZelenskyJanitorMeme-768x512.jpg 768w, https:\/\/aeronet.news\/wp-content\/uploads\/ZelenskyJanitorMeme-700x466.jpg 700w, https:\/\/aeronet.news\/wp-content\/uploads\/ZelenskyJanitorMeme-536x357.jpg 536w, https:\/\/aeronet.news\/wp-content\/uploads\/ZelenskyJanitorMeme-725x483.jpg 725w, https:\/\/aeronet.news\/wp-content\/uploads\/ZelenskyJanitorMeme.jpg 1280w\" alt=\"\" width=\"692\" height=\"461\" \/><\/a><figcaption class=\"wp-caption-text\">Summit NATO ve Vilniusu byl jasn\u00fdm sign\u00e1lem ze z\u00e1padu, \u017ee se jede posledn\u00ed j\u00edzda a brzy se bude zav\u00edrat, aby se mohl ten svin\u010d\u00edk po Me(a)jdanu na Ukrajin\u011b uklidit<\/figcaption><\/figure>\n<p>Cel\u00e1 Ukrajina se stane ob\u011bt\u00ed Majdanu a projektu Anti-Ruska. Nen\u00ed pravd\u011bpodobn\u00e9, \u017ee by Kreml na nab\u00eddku p\u0159istoupil, ale pokud se Ukrajina za\u010dne hroutit a rozpadat, m\u016f\u017ee doj\u00edt v Moskv\u011b k p\u0159ehodnocen\u00ed, \u017ee Ukrajina ji\u017e nem\u00e1 tu strategickou hodnotu jako v minul\u00fdch stalet\u00edch. A pokud Pol\u00e1ci vtrhnou na z\u00e1pad Ukrajiny, bude my\u0161lenka rozparcelov\u00e1n\u00ed Ukrajiny mezi n\u011bkolik zem\u00ed v\u00edce ne\u017e aktu\u00e1ln\u00ed.<\/p>\n<p>Jestli se potom ten zbytek o\u0161kuban\u00e9 kostry Ukrajiny dostane nebo nedostane do NATO, na tom u\u017e vlastn\u011b Kremlu v t\u00e9 chv\u00edli nesejde, vzhledem k tomu, \u017ee Finsko je ji\u017e tak\u00e9 v NATO a z hlediska bezpe\u010dnosti je to u\u017e jedno. Unikl\u00e9 informace z NATO tak podle m\u00e9ho n\u00e1zoru slou\u017e\u00ed hlavn\u011b jako informa\u010dn\u00ed bal\u00f3n vypu\u0161t\u011bn\u00fd nad Kyjev jako bal\u00f3n se sarinem a s v\u00fdhr\u016f\u017ekou, aby si tamn\u00ed osazenstvo okolo Zelensk\u00e9ho uv\u011bdomilo, \u017ee se jede z\u00e1v\u011bre\u010dn\u00e1 a dojezd bude opravdu tvrd\u00fd. Jak na koksov\u00e9 dr\u00e1ze, tak i na t\u00e9 politicko-ekonomick\u00e9.<\/p>\n<p><a href=\"https:\/\/aeronet.news\/bod-zlomu-vedouci-kancelare-generalniho-tajemnika-nato-uvedl-pro-norsky-tisk-bombu-ze-uvnitr-nato-se-jiz-jedna-o-moznosti-postoupeni-vybranych-ukrajinskych-uzemi-rusku-vymenou-za-clenstvi-ukrajiny\/\">-VK- \u0160\u00e9fredaktor AE News<\/a><\/p>\n<p>&nbsp;<\/p>\n<p><img decoding=\"async\" loading=\"lazy\" class=\"wp-image-33819 aligncenter\" src=\"http:\/\/www.infokuryr.cz\/n\/wp-content\/uploads\/2023\/08\/ces1-300x157.jpg\" alt=\"\" width=\"1347\" height=\"705\" srcset=\"https:\/\/www.infokuryr.cz\/n\/wp-content\/uploads\/2023\/08\/ces1-300x157.jpg 300w, https:\/\/www.infokuryr.cz\/n\/wp-content\/uploads\/2023\/08\/ces1-1024x536.jpg 1024w, https:\/\/www.infokuryr.cz\/n\/wp-content\/uploads\/2023\/08\/ces1-768x402.jpg 768w, https:\/\/www.infokuryr.cz\/n\/wp-content\/uploads\/2023\/08\/ces1.jpg 1200w\" sizes=\"(max-width: 1347px) 100vw, 1347px\" \/><\/p>\n<p>&nbsp;<\/p>\n<p><a href=\"https:\/\/stranapro.cz\/\"><img decoding=\"async\" loading=\"lazy\" class=\"wp-image-30218 aligncenter\" src=\"http:\/\/www.infokuryr.cz\/n\/wp-content\/uploads\/2023\/06\/PRO-banner-300x36.png\" alt=\"\" width=\"1358\" height=\"163\" srcset=\"https:\/\/www.infokuryr.cz\/n\/wp-content\/uploads\/2023\/06\/PRO-banner-300x36.png 300w, https:\/\/www.infokuryr.cz\/n\/wp-content\/uploads\/2023\/06\/PRO-banner-768x93.png 768w, https:\/\/www.infokuryr.cz\/n\/wp-content\/uploads\/2023\/06\/PRO-banner.png 849w\" sizes=\"(max-width: 1358px) 100vw, 1358px\" \/><\/a><\/p>\n<p>&nbsp;<\/p>\n<p>&nbsp;<\/p>\n<p>&nbsp;<\/p>\n","protected":false},"excerpt":{"rendered":"<p>Bod zlomu? Vedouc\u00ed kancel\u00e1\u0159e gener\u00e1ln\u00edho tajemn\u00edka NATO uvedl pro norsk\u00fd tisk bombu, \u017ee uvnit\u0159 NATO&#8230;<\/p>\n","protected":false},"author":2,"featured_media":34216,"comment_status":"closed","ping_status":"closed","sticky":false,"template":"","format":"standard","meta":[],"categories":[6],"tags":[1042,39,22,26],"_links":{"self":[{"href":"https:\/\/www.infokuryr.cz\/n\/wp-json\/wp\/v2\/posts\/34215"}],"collection":[{"href":"https:\/\/www.infokuryr.cz\/n\/wp-json\/wp\/v2\/posts"}],"about":[{"href":"https:\/\/www.infokuryr.cz\/n\/wp-json\/wp\/v2\/types\/post"}],"author":[{"embeddable":true,"href":"https:\/\/www.infokuryr.cz\/n\/wp-json\/wp\/v2\/users\/2"}],"replies":[{"embeddable":true,"href":"https:\/\/www.infokuryr.cz\/n\/wp-json\/wp\/v2\/comments?post=34215"}],"version-history":[{"count":0,"href":"https:\/\/www.infokuryr.cz\/n\/wp-json\/wp\/v2\/posts\/34215\/revisions"}],"wp:featuredmedia":[{"embeddable":true,"href":"https:\/\/www.infokuryr.cz\/n\/wp-json\/wp\/v2\/media\/34216"}],"wp:attachment":[{"href":"https:\/\/www.infokuryr.cz\/n\/wp-json\/wp\/v2\/media?parent=34215"}],"wp:term":[{"taxonomy":"category","embeddable":true,"href":"https:\/\/www.infokuryr.cz\/n\/wp-json\/wp\/v2\/categories?post=34215"},{"taxonomy":"post_tag","embeddable":true,"href":"https:\/\/www.infokuryr.cz\/n\/wp-json\/wp\/v2\/tags?post=34215"}],"curies":[{"name":"wp","href":"https:\/\/api.w.org\/{rel}","templated":true}]}}