{"id":34200,"date":"2023-08-17T00:58:42","date_gmt":"2023-08-16T22:58:42","guid":{"rendered":"http:\/\/www.infokuryr.cz\/n\/?p=34200"},"modified":"2023-08-16T15:11:23","modified_gmt":"2023-08-16T13:11:23","slug":"jiri-vyvadil-delirium-ve-vedeni-nato","status":"publish","type":"post","link":"https:\/\/www.infokuryr.cz\/n\/2023\/08\/17\/jiri-vyvadil-delirium-ve-vedeni-nato\/","title":{"rendered":"Ji\u0159\u00ed Vyvadil: Delirium ve veden\u00ed NATO"},"content":{"rendered":"<div id=\"fb-root\"><\/div>\n<p><strong>Bu\u010f u\u017e jsou v\u0161ichni z veden\u00ed NATO trvale sjet\u00ed, anebo ze sv\u00e9 nemohoucnosti u\u017e ze\u0161\u00edleli.<\/strong><\/p>\n<p style=\"font-weight: 400;\">Jejich posledn\u00ed n\u00e1vrh, p\u0159edlo\u017een\u00fd vedouc\u00edm kancel\u00e1\u0159e gener\u00e1ln\u00edho tajemn\u00edka NATO,\u00a0 \u017ee by se Ukrajina vzdala \u00fazem\u00ed, kter\u00e9 u\u017e dnes stejn\u011b nem\u00e1, zejm\u00e9na Krym prakticky ji\u017e 10 let, v\u00fdm\u011bnou za to, \u017ee bude moci b\u00fdt p\u0159ijata do NATO, je naprosto sm\u011b\u0161n\u00fd. Tak jako ve 2. \u010de\u010densk\u00e9 v\u00e1lce, kter\u00e1 trvala od roku 1999 po dobu 10 let a byla spojena s neskute\u010dn\u00fdm utrpen\u00edmi a teroristick\u00fdmi \u00fatoky i v samotn\u00e9m Rusku, se Putin nevzdal a s\u00a0n\u00edm se nevzdalo ani cel\u00e9 Rusko.<\/p>\n<p style=\"font-weight: 400;\">Jde u\u017e o mnohem v\u00edc ne\u017e o Ukrajinu, jde o odm\u00edtnut\u00ed nad\u0159azen\u00e9 \u00falohy NATO v\u00a0t\u00e9to \u010d\u00e1sti sv\u011bta. Z\u00e1kladn\u00ed chybou Bidena bylo, \u017ee z toho ud\u011blal konflikt mezi cel\u00fdm NATO a Ruskem, co\u017e \u017e\u00e1dn\u00fd jeho p\u0159edch\u016fdce neud\u011blal. U\u017e z principu Putin neustoup\u00ed, proto\u017ee je v z\u00e1jmu Ruska, a v\u0161ech m\u00edrumilovn\u00fdch lid\u00ed, aby\u00a0\u00a0NATO kter\u00e9 se chov\u00e1 jako hazard\u00e9r, bylo pora\u017eeno,\u00a0\u00a0Putin \u010di p\u0159\u00edpadn\u011b jeho n\u00e1sledovn\u00edci\u00a0\u00a0to je schopen vydr\u017eet roky.<\/p>\n<p style=\"font-weight: 400;\">V\u00e1le\u010dn\u00ed \u0161tv\u00e1\u010di u n\u00e1s i cel\u00e9m Z\u00e1pad\u011b mus\u00ed b\u00fdt na hlavu pora\u017eeni. A \u010d\u00edm d\u00e1l t\u00edm v\u00edce i u n\u00e1s\u00a0\u00a0si p\u0159ej\u00ed\u00a0\u00a0\u00a0v\u00e1le\u010dn\u00edky Fialu,\u00a0\u00a0Pavla pora\u017een\u00e9 na hlavu.<\/p>\n<p style=\"font-weight: 400;\">Aby se kone\u010dn\u011b\u00a0\u00a0vr\u00e1til klid a m\u00edr.<\/p>\n<p><a href=\"https:\/\/vasevec.info\/komentare\/delirium-ve-vedeni-nato\">Ji\u0159\u00ed Vyvadil<\/a><\/p>\n<p><img decoding=\"async\" loading=\"lazy\" class=\"alignnone size-medium wp-image-16474\" src=\"http:\/\/www.infokuryr.cz\/n\/wp-content\/uploads\/2022\/10\/jiri-vyvadil-300x200.jpg\" alt=\"\" width=\"300\" height=\"200\" srcset=\"https:\/\/www.infokuryr.cz\/n\/wp-content\/uploads\/2022\/10\/jiri-vyvadil-300x200.jpg 300w, https:\/\/www.infokuryr.cz\/n\/wp-content\/uploads\/2022\/10\/jiri-vyvadil-768x512.jpg 768w, https:\/\/www.infokuryr.cz\/n\/wp-content\/uploads\/2022\/10\/jiri-vyvadil.jpg 800w\" sizes=\"(max-width: 300px) 100vw, 300px\" \/><\/p>\n<p>&nbsp;<\/p>\n<p><img decoding=\"async\" loading=\"lazy\" class=\"wp-image-33819 aligncenter\" src=\"http:\/\/www.infokuryr.cz\/n\/wp-content\/uploads\/2023\/08\/ces1-300x157.jpg\" alt=\"\" width=\"1361\" height=\"712\" srcset=\"https:\/\/www.infokuryr.cz\/n\/wp-content\/uploads\/2023\/08\/ces1-300x157.jpg 300w, https:\/\/www.infokuryr.cz\/n\/wp-content\/uploads\/2023\/08\/ces1-1024x536.jpg 1024w, https:\/\/www.infokuryr.cz\/n\/wp-content\/uploads\/2023\/08\/ces1-768x402.jpg 768w, https:\/\/www.infokuryr.cz\/n\/wp-content\/uploads\/2023\/08\/ces1.jpg 1200w\" sizes=\"(max-width: 1361px) 100vw, 1361px\" \/><\/p>\n<p>&nbsp;<\/p>\n<p><a href=\"https:\/\/stranapro.cz\/\"><img decoding=\"async\" loading=\"lazy\" class=\"wp-image-30218 aligncenter\" src=\"http:\/\/www.infokuryr.cz\/n\/wp-content\/uploads\/2023\/06\/PRO-banner-300x36.png\" alt=\"\" width=\"1350\" height=\"162\" srcset=\"https:\/\/www.infokuryr.cz\/n\/wp-content\/uploads\/2023\/06\/PRO-banner-300x36.png 300w, https:\/\/www.infokuryr.cz\/n\/wp-content\/uploads\/2023\/06\/PRO-banner-768x93.png 768w, https:\/\/www.infokuryr.cz\/n\/wp-content\/uploads\/2023\/06\/PRO-banner.png 849w\" sizes=\"(max-width: 1350px) 100vw, 1350px\" \/><\/a><\/p>\n<p>&nbsp;<\/p>\n<p>&nbsp;<\/p>\n<p>&nbsp;<\/p>\n","protected":false},"excerpt":{"rendered":"<p>Bu\u010f u\u017e jsou v\u0161ichni z veden\u00ed NATO trvale sjet\u00ed, anebo ze sv\u00e9 nemohoucnosti u\u017e ze\u0161\u00edleli&#8230;.<\/p>\n","protected":false},"author":2,"featured_media":19737,"comment_status":"closed","ping_status":"closed","sticky":false,"template":"","format":"standard","meta":[],"categories":[6],"tags":[29,39,26],"_links":{"self":[{"href":"https:\/\/www.infokuryr.cz\/n\/wp-json\/wp\/v2\/posts\/34200"}],"collection":[{"href":"https:\/\/www.infokuryr.cz\/n\/wp-json\/wp\/v2\/posts"}],"about":[{"href":"https:\/\/www.infokuryr.cz\/n\/wp-json\/wp\/v2\/types\/post"}],"author":[{"embeddable":true,"href":"https:\/\/www.infokuryr.cz\/n\/wp-json\/wp\/v2\/users\/2"}],"replies":[{"embeddable":true,"href":"https:\/\/www.infokuryr.cz\/n\/wp-json\/wp\/v2\/comments?post=34200"}],"version-history":[{"count":0,"href":"https:\/\/www.infokuryr.cz\/n\/wp-json\/wp\/v2\/posts\/34200\/revisions"}],"wp:featuredmedia":[{"embeddable":true,"href":"https:\/\/www.infokuryr.cz\/n\/wp-json\/wp\/v2\/media\/19737"}],"wp:attachment":[{"href":"https:\/\/www.infokuryr.cz\/n\/wp-json\/wp\/v2\/media?parent=34200"}],"wp:term":[{"taxonomy":"category","embeddable":true,"href":"https:\/\/www.infokuryr.cz\/n\/wp-json\/wp\/v2\/categories?post=34200"},{"taxonomy":"post_tag","embeddable":true,"href":"https:\/\/www.infokuryr.cz\/n\/wp-json\/wp\/v2\/tags?post=34200"}],"curies":[{"name":"wp","href":"https:\/\/api.w.org\/{rel}","templated":true}]}}