{"id":34197,"date":"2023-08-17T01:13:47","date_gmt":"2023-08-16T23:13:47","guid":{"rendered":"http:\/\/www.infokuryr.cz\/n\/?p=34197"},"modified":"2023-08-17T04:56:46","modified_gmt":"2023-08-17T02:56:46","slug":"pujde-cernochova-do-krymu-kriminalu-nebo-ji-dovoli-prchnout-nekam-do-jizni-ameriky","status":"publish","type":"post","link":"https:\/\/www.infokuryr.cz\/n\/2023\/08\/17\/pujde-cernochova-do-krymu-kriminalu-nebo-ji-dovoli-prchnout-nekam-do-jizni-ameriky\/","title":{"rendered":"P\u016fjde \u010cernochov\u00e1 do krymu? (krimin\u00e1lu) Nebo j\u00ed dovol\u00ed prchnout n\u011bkam do Ji\u017en\u00ed Ameriky?"},"content":{"rendered":"<div id=\"fb-root\"><\/div>\n<div class=\"introtext\">\n<p><span style=\"font-size: 18pt;\"><strong>Pr\u00fd nakoupila zlat\u00e9 kulomety pos\u00e1zen\u00e9 drahokamy! A to za 5x dra\u017e\u0161\u00ed cenu stoj\u00ed.<\/strong><\/span><\/p>\n<\/div>\n<div class=\"fulltext\">\n<p>Mo\u017en\u00e1 to nakonec bude br\u00e1t \u010cernochov\u00e1 p\u0159es demenci jako Biden, tud\u00ed\u017e bude cht\u00edt dostat &#8222;amnestii na demenci&#8220;.<\/p>\n<p><img decoding=\"async\" class=\"aligncenter\" src=\"https:\/\/www.skrytapravda.cz\/images\/blogy\/805\/2023\/svoboda\/cernoch_brut_ef158.webp\" alt=\"cernoch brut ef158\" \/><\/p>\n<p><span style=\"font-size: 18pt;\"><strong>P\u0159ekupn\u00edk<\/strong><\/span><\/p>\n<p>Dodavatelem kulomet\u016f nebyl jejich belgick\u00fd v\u00fdrobce Fabrique Nationale, ale \u010desk\u00fd p\u0159ekupn\u00edk \u00a0CB SERVIS CENTRUM z\u00a0Borku u Bud\u011bjovic. Resort vyu\u017eil prost\u0159edn\u00edka navzdory slibu Babi\u0161ovy vl\u00e1dy, \u017ee zbrojn\u00ed n\u00e1kupy ze zahrani\u010d\u00ed budou prob\u00edhat bez nich a bude se nakupovat nap\u0159\u00edmo.<\/p>\n<p><span style=\"font-size: 18pt;\"><strong>Bez \u0159\u00e1dn\u00e9ho v\u00fdb\u011brov\u00e9ho \u0159\u00edzen\u00ed<\/strong><\/span><\/p>\n<p>Na miliardovou zak\u00e1zku neprob\u011bhlo \u0159\u00e1dn\u00e9 v\u00fdb\u011brov\u00e9 \u0159\u00edzen\u00ed. Zak\u00e1zka byla zad\u00e1na formou \u201ejednac\u00edho \u0159\u00edzen\u00ed s\u00a0uve\u0159ejn\u011bn\u00edm\u201c. Nab\u00eddku podal pouze jedin\u00fd, p\u0159ekupn\u00edk CB SERVIS CENTRUM. Kverulant je p\u0159esv\u011bd\u010den, \u017ee podm\u00ednky byly p\u0159ekupn\u00edkovi u\u0161ity na m\u00edru a n\u011bkdo jin\u00fd se tak ani p\u0159ihl\u00e1sit nemohl. Tomu sv\u011bd\u010d\u00ed to, \u017ee ministerstvo trvalo na dod\u00e1n\u00ed kompletn\u00edch sad, tedy kulometu a optiky jedn\u00edm dodavatelem. Pokud by \u00fa\u0159edn\u00edci poptali zvl\u00e1\u0161\u0165 kulomety a zvl\u00e1\u0161\u0165 optiku s\u00a0mont\u00e1\u017e\u00ed, mohli by dostat lep\u0161\u00ed ceny na ob\u011b hlavn\u00ed komponenty dod\u00e1vky. Ale o lep\u0161\u00ed cenu tady patn\u011b ne\u0161lo.<\/p>\n<p><a href=\"https:\/\/stranapro.cz\/\"><img decoding=\"async\" loading=\"lazy\" class=\"wp-image-30218 aligncenter\" src=\"http:\/\/www.infokuryr.cz\/n\/wp-content\/uploads\/2023\/06\/PRO-banner-300x36.png\" alt=\"\" width=\"1358\" height=\"163\" srcset=\"https:\/\/www.infokuryr.cz\/n\/wp-content\/uploads\/2023\/06\/PRO-banner-300x36.png 300w, https:\/\/www.infokuryr.cz\/n\/wp-content\/uploads\/2023\/06\/PRO-banner-768x93.png 768w, https:\/\/www.infokuryr.cz\/n\/wp-content\/uploads\/2023\/06\/PRO-banner.png 849w\" sizes=\"(max-width: 1358px) 100vw, 1358px\" \/><\/a><\/p>\n<p>Ale a\u0165 u\u017e Koudelka skute\u010dn\u011b pov\u00fd\u0161en byl nebo byl jen jeho post jen honosn\u011bji pojmenov\u00e1n, podle Kverulantova n\u00e1zoru nem\u00e1 za p\u011btkr\u00e1t p\u0159edra\u017een\u00fd n\u00e1kup za miliardu co d\u011blat ve vysok\u00e9 st\u00e1tn\u00ed funkci. Nemluv\u011b o tom, \u017ee Koudelka jako hlavn\u00ed n\u00e1kup\u010d\u00ed jist\u011b nese vinu i za to, \u017ee ministerstvo obrany dostalo rekordn\u00ed, p\u016flmiliardovou pokutu od antimonopoln\u00edho \u00fa\u0159adu. To kdy\u017e v\u00a0roce 2021 v rozporu se z\u00e1konem uzav\u0159elo smlouvu na n\u00e1kup v\u00edce\u00fa\u010delov\u00fdch arm\u00e1dn\u00edch vrtuln\u00edk\u016f s americkou vl\u00e1dou d\u0159\u00edve, ne\u017e rozhodlo o n\u00e1mitk\u00e1ch jin\u00e9ho potenci\u00e1ln\u00edho dodavatele, italsk\u00e9 spole\u010dnosti Leonardo.<\/p>\n<p>Proto Kverulant v\u00a0lednu 2023 po\u017e\u00e1dal ministryni obrany Janu \u010cernochovou o\u00a0vysv\u011btlen\u00ed a n\u00e1pravu: \u201eJe zjevn\u00e9, \u017ee n\u00e1kup byl n\u011bkolikr\u00e1t p\u0159edra\u017een oproti b\u011b\u017en\u00fdm cen\u00e1m. Vysv\u011btlete, jak je to mo\u017en\u00e9 a uve\u010fte, kdo byl za realizaci tohoto n\u00e1kupu potrest\u00e1n. Bylo iniciov\u00e1no vy\u0161et\u0159ov\u00e1n\u00ed? Jak\u00fd byl v\u00fdsledek?\u201c\u00a0\u00a0<a href=\"https:\/\/www.kverulant.org\/wp-content\/uploads\/2023\/02\/priloha_1144923912_0_8585-Poskytnuti-informace_001.pdf\">Kancel\u00e1\u0159 ministryn\u011b obrany mu dopisem z\u00a016. \u00fanora 2023 na tuto ot\u00e1zku odpov\u011bd\u011bla<\/a>\u00a0jedinou v\u011btou:\u00a0<strong>\u201eMinisterstvo nesd\u00edl\u00ed V\u00e1\u0161 osobn\u00ed n\u00e1zor, a proto neuplat\u0148uje \u017e\u00e1dn\u00fd z V\u00e1mi p\u0159edpokl\u00e1dan\u00fdch postup\u016f.<\/strong>\u201c<\/p>\n<p><span style=\"font-size: 18pt;\"><strong>Nav\u00fd\u0161en\u00ed ceny na 1,5 miliardy<\/strong><\/span><\/p>\n<p>Nejen\u017ee Koudelka nebyl z\u00a0ministerstva obrany s\u00a0ostudou propu\u0161t\u011bn, ale ji\u017e za p\u016fsoben\u00ed nov\u00e9 ministryn\u011b \u010cernochov\u00e9 byl\u00a0<a href=\"https:\/\/www.kverulant.org\/wp-content\/uploads\/2023\/02\/priloha_1144923912_4_Dodatek-c.-2-Kulomety.pdf\">v\u00a0dubnu 2022 k p\u016fvodn\u00ed miliardov\u00e9 r\u00e1mcov\u00e9 smlouv\u011b p\u0159ipojen dodatek, kter\u00fd nav\u00fd\u0161il cenu<\/a>. Nov\u011b ministerstvo a tedy da\u0148ov\u00ed poplatn\u00edci zaplat\u00ed na 1,464 miliardy korun. Pod dodatkem je op\u011bt podeps\u00e1n Koudelka.<\/p>\n<p><span style=\"font-size: 18pt;\"><strong>A rozzu\u0159en\u00e1 \u010cernochov\u00e1 u\u017e vyhro\u017euje!<\/strong><\/span><\/p>\n<p><strong><span style=\"color: #993366;\"><em>Ministryn\u011b obrany Jana \u010cernochov\u00e1 bude muset poskytnout neziskov\u00e9 organizaci Kverulant informace o n\u00e1kupu kulomet\u016f Minimi, rozhodl soud. Organizace ministryni \u017ealovala za to, \u017ee se k n\u00e1kupu odm\u00edtla podrobn\u011bji vyj\u00e1d\u0159it a poru\u0161ila t\u00edm z\u00e1kon o ve\u0159ejn\u00e9m p\u0159\u00edstupu k informac\u00edm. Ministerstvo obrany n\u011bkter\u00e1 tvrzen\u00ed organizace odm\u00edt\u00e1 a\u00a0zv\u00e1\u017e\u00ed dal\u0161\u00ed pr\u00e1vn\u00ed kroky.<\/em><\/span><\/strong><\/p>\n<p><span style=\"font-size: 10pt;\"><em><a href=\"https:\/\/www.idnes.cz\/zpravy\/domaci\/soud-kulomety-minimi-ministerstvo-obrany-jana-cernochova-kverulant.A230814_123738_domaci_tty\" target=\"_blank\" rel=\"noopener\">ZDROJ<\/a><\/em><\/span><\/p>\n<p>A na facebooku u\u017e b\u011b\u017e\u00ed b\u011bsn\u00edc\u00ed,\u00a0 ironick\u00e9 nad\u00e1vky, \u017ee \u010cernochov\u00e1 m\u00e1 pravdu: tak levn\u011b zlat\u00e9 kulomety s brilianty by nepo\u0159\u00eddili ani ropn\u00ed Saudov\u00e9 a je\u00a0lep\u0161\u00ed ulo\u017eit pen\u00edze do zlata a drahokam\u016f, ne\u017e do pra\u0161iv\u00fdch d\u016fchodc\u016f&#8230;<\/p>\n<p><a href=\"https:\/\/www.skrytapravda.cz\/z-domova\/1399-pujde-cernochova-do-krymu-kriminal-nebo-ji-dovoli-prchnout-nekam-do-jizni-ameriky\">Petr Pokorn\u00fd<\/a><\/p>\n<\/div>\n<p>&nbsp;<\/p>\n<p><img decoding=\"async\" loading=\"lazy\" class=\"wp-image-33819 aligncenter\" src=\"http:\/\/www.infokuryr.cz\/n\/wp-content\/uploads\/2023\/08\/ces1-300x157.jpg\" alt=\"\" width=\"1343\" height=\"703\" srcset=\"https:\/\/www.infokuryr.cz\/n\/wp-content\/uploads\/2023\/08\/ces1-300x157.jpg 300w, https:\/\/www.infokuryr.cz\/n\/wp-content\/uploads\/2023\/08\/ces1-1024x536.jpg 1024w, https:\/\/www.infokuryr.cz\/n\/wp-content\/uploads\/2023\/08\/ces1-768x402.jpg 768w, https:\/\/www.infokuryr.cz\/n\/wp-content\/uploads\/2023\/08\/ces1.jpg 1200w\" sizes=\"(max-width: 1343px) 100vw, 1343px\" \/><\/p>\n<p>&nbsp;<\/p>\n<p><a href=\"https:\/\/stranapro.cz\/\"><img decoding=\"async\" loading=\"lazy\" class=\"wp-image-30218 aligncenter\" src=\"http:\/\/www.infokuryr.cz\/n\/wp-content\/uploads\/2023\/06\/PRO-banner-300x36.png\" alt=\"\" width=\"1358\" height=\"163\" srcset=\"https:\/\/www.infokuryr.cz\/n\/wp-content\/uploads\/2023\/06\/PRO-banner-300x36.png 300w, https:\/\/www.infokuryr.cz\/n\/wp-content\/uploads\/2023\/06\/PRO-banner-768x93.png 768w, https:\/\/www.infokuryr.cz\/n\/wp-content\/uploads\/2023\/06\/PRO-banner.png 849w\" sizes=\"(max-width: 1358px) 100vw, 1358px\" \/><\/a><\/p>\n<p>&nbsp;<\/p>\n<p>&nbsp;<\/p>\n<p>&nbsp;<\/p>\n","protected":false},"excerpt":{"rendered":"<p>Pr\u00fd nakoupila zlat\u00e9 kulomety pos\u00e1zen\u00e9 drahokamy! A to za 5x dra\u017e\u0161\u00ed cenu stoj\u00ed. Mo\u017en\u00e1 to&#8230;<\/p>\n","protected":false},"author":2,"featured_media":34198,"comment_status":"closed","ping_status":"closed","sticky":false,"template":"","format":"standard","meta":[],"categories":[6],"tags":[2334,207,5684,4506],"_links":{"self":[{"href":"https:\/\/www.infokuryr.cz\/n\/wp-json\/wp\/v2\/posts\/34197"}],"collection":[{"href":"https:\/\/www.infokuryr.cz\/n\/wp-json\/wp\/v2\/posts"}],"about":[{"href":"https:\/\/www.infokuryr.cz\/n\/wp-json\/wp\/v2\/types\/post"}],"author":[{"embeddable":true,"href":"https:\/\/www.infokuryr.cz\/n\/wp-json\/wp\/v2\/users\/2"}],"replies":[{"embeddable":true,"href":"https:\/\/www.infokuryr.cz\/n\/wp-json\/wp\/v2\/comments?post=34197"}],"version-history":[{"count":1,"href":"https:\/\/www.infokuryr.cz\/n\/wp-json\/wp\/v2\/posts\/34197\/revisions"}],"predecessor-version":[{"id":34209,"href":"https:\/\/www.infokuryr.cz\/n\/wp-json\/wp\/v2\/posts\/34197\/revisions\/34209"}],"wp:featuredmedia":[{"embeddable":true,"href":"https:\/\/www.infokuryr.cz\/n\/wp-json\/wp\/v2\/media\/34198"}],"wp:attachment":[{"href":"https:\/\/www.infokuryr.cz\/n\/wp-json\/wp\/v2\/media?parent=34197"}],"wp:term":[{"taxonomy":"category","embeddable":true,"href":"https:\/\/www.infokuryr.cz\/n\/wp-json\/wp\/v2\/categories?post=34197"},{"taxonomy":"post_tag","embeddable":true,"href":"https:\/\/www.infokuryr.cz\/n\/wp-json\/wp\/v2\/tags?post=34197"}],"curies":[{"name":"wp","href":"https:\/\/api.w.org\/{rel}","templated":true}]}}