{"id":3418,"date":"2021-07-19T03:39:38","date_gmt":"2021-07-19T01:39:38","guid":{"rendered":"http:\/\/www.infokuryr.cz\/n\/?p=3418"},"modified":"2021-07-19T03:39:38","modified_gmt":"2021-07-19T01:39:38","slug":"pricinou-imigracni-krize-jsou-krizova-tazeni-zapadu","status":"publish","type":"post","link":"https:\/\/www.infokuryr.cz\/n\/2021\/07\/19\/pricinou-imigracni-krize-jsou-krizova-tazeni-zapadu\/","title":{"rendered":"P\u0159\u00ed\u010dinou imigra\u010dn\u00ed krize jsou k\u0159\u00ed\u017eov\u00e1 ta\u017een\u00ed Z\u00e1padu"},"content":{"rendered":"<div id=\"fb-root\"><\/div>\n<p>\u017de Z\u00e1pad na\u0159\u00edk\u00e1 nad imigra\u010dn\u00ed kriz\u00ed a imigranty, naposledy proud\u00edc\u00edmi i z B\u011blruska, je sm\u011b\u0161n\u00e9 a nejapn\u00e9. Z\u00e1padn\u00ed Koalice sv\u00fdmi k\u0159\u00ed\u017eov\u00fdmi ta\u017een\u00edmi do zem\u00ed Bl\u00edzk\u00e9ho v\u00fdchodu a Afriky tam rozvr\u00e1tila ust\u00e1len\u00fd chod b\u011b\u017en\u00e9ho \u017eivota a vyprovokovala imigra\u010dn\u00ed probl\u00e9my pro cel\u00fd sv\u011bt, p\u0159edev\u0161\u00edm EU, prohl\u00e1sila mluv\u010d\u00ed rusk\u00e9ho ministerstva zahrani\u010d\u00ed Maria Zacharova.<\/p>\n<p><a href=\"https:\/\/www.tvr.by\/news\/obshchestvo\/mid_rossii_nekaya_migratsionnaya_ugr\">ZDROJ<\/a><\/p>\n<p>&nbsp;<\/p>\n","protected":false},"excerpt":{"rendered":"<p>\u017de Z\u00e1pad na\u0159\u00edk\u00e1 nad imigra\u010dn\u00ed kriz\u00ed a imigranty, naposledy proud\u00edc\u00edmi i z B\u011blruska, je sm\u011b\u0161n\u00e9&#8230;<\/p>\n","protected":false},"author":2,"featured_media":1353,"comment_status":"closed","ping_status":"closed","sticky":false,"template":"","format":"standard","meta":[],"categories":[7],"tags":[119,148,365],"_links":{"self":[{"href":"https:\/\/www.infokuryr.cz\/n\/wp-json\/wp\/v2\/posts\/3418"}],"collection":[{"href":"https:\/\/www.infokuryr.cz\/n\/wp-json\/wp\/v2\/posts"}],"about":[{"href":"https:\/\/www.infokuryr.cz\/n\/wp-json\/wp\/v2\/types\/post"}],"author":[{"embeddable":true,"href":"https:\/\/www.infokuryr.cz\/n\/wp-json\/wp\/v2\/users\/2"}],"replies":[{"embeddable":true,"href":"https:\/\/www.infokuryr.cz\/n\/wp-json\/wp\/v2\/comments?post=3418"}],"version-history":[{"count":0,"href":"https:\/\/www.infokuryr.cz\/n\/wp-json\/wp\/v2\/posts\/3418\/revisions"}],"wp:featuredmedia":[{"embeddable":true,"href":"https:\/\/www.infokuryr.cz\/n\/wp-json\/wp\/v2\/media\/1353"}],"wp:attachment":[{"href":"https:\/\/www.infokuryr.cz\/n\/wp-json\/wp\/v2\/media?parent=3418"}],"wp:term":[{"taxonomy":"category","embeddable":true,"href":"https:\/\/www.infokuryr.cz\/n\/wp-json\/wp\/v2\/categories?post=3418"},{"taxonomy":"post_tag","embeddable":true,"href":"https:\/\/www.infokuryr.cz\/n\/wp-json\/wp\/v2\/tags?post=3418"}],"curies":[{"name":"wp","href":"https:\/\/api.w.org\/{rel}","templated":true}]}}