{"id":34169,"date":"2023-08-16T07:15:44","date_gmt":"2023-08-16T05:15:44","guid":{"rendered":"http:\/\/www.infokuryr.cz\/n\/?p=34169"},"modified":"2023-08-16T07:15:44","modified_gmt":"2023-08-16T05:15:44","slug":"michael-svatos-proc-washington-brusel-i-nato-uz-14-dni-srdceryvne-placou-a-proc-o-tom-ceska-media-zaryte-mlci-co-to-zase-putin-zapadu-provedl","status":"publish","type":"post","link":"https:\/\/www.infokuryr.cz\/n\/2023\/08\/16\/michael-svatos-proc-washington-brusel-i-nato-uz-14-dni-srdceryvne-placou-a-proc-o-tom-ceska-media-zaryte-mlci-co-to-zase-putin-zapadu-provedl\/","title":{"rendered":"Michael Svato\u0161: Pro\u010d Washington, Brusel i NATO u\u017e 14 dn\u00ed srdceryvn\u011b pl\u00e1\u010dou!? A pro\u010d o tom \u010desk\u00e1 m\u00e9dia zaryt\u011b ml\u010d\u00ed!? Co to zase Putin Z\u00e1padu provedl!?"},"content":{"rendered":"<div id=\"fb-root\"><\/div>\n<p><span style=\"font-size: 18pt;\"><strong>Pro\u010d Washington, Brusel i NATO u\u017e 14 dn\u00ed srdceryvn\u011b pl\u00e1\u010dou!? A pro\u010d o tom \u010desk\u00e1 m\u00e9dia zaryt\u011b ml\u010d\u00ed!? Co to zase Putin Z\u00e1padu provedl!?<\/strong><\/span><\/p>\n<p>Francii v posledn\u00edch srpnov\u00fdch dnech ot\u0159\u00e1s\u00e1 neb\u00fdval\u00fd politick\u00fd skand\u00e1l.\u00a0<a href=\"https:\/\/www.francetvinfo.fr\/faits-divers\/cherbourg-ce-que-l-on-sait-du-viol-avec-actes-de-barbarie-sur-une-femme-a-son-domicile_6005822.html\">12. srpna se toti\u017e provalilo, \u017ee 18-let\u00fd tunisk\u00fd uprchl\u00edk<\/a>, mnoho\u010detn\u00fd pachatel trestn\u00fdch \u010din\u016f ve Francii, v\u010detn\u011b p\u0159edchoz\u00edho zn\u00e1siln\u011bn\u00ed, sp\u00e1chal i na pom\u011bry sou\u010dasn\u00e9 Francie mimo\u0159\u00e1dn\u011b ohavn\u00fd zlo\u010din. Vpadl do domu 29-let\u00e9 Francouzsky, bil ji, mu\u010dil, a cel\u00e9 hodiny zn\u00e1sil\u0148oval obzvl\u00e1\u0161t\u011b sadistick\u00fdmi zp\u016fsoby, t\u0159eba ko\u0161t\u011btem. D\u00edvka musela b\u00fdt po z\u00e1chran\u011b uvedena do um\u011bl\u00e9ho sp\u00e1nku, a chirurgov\u00e9 j\u00ed museli operovat perforovan\u00e1 st\u0159eva a zmasakrovan\u00e9 pohlavn\u00ed org\u00e1ny. Pachateli trestn\u00e9ho \u010dinu\u00a0<em>zn\u00e1siln\u011bn\u00ed doprov\u00e1zen\u00e9ho mu\u010den\u00edm nebo barbarsk\u00fdmi \u010diny<\/em>\u00a0hroz\u00ed ve Francii a\u017e do\u017eivot\u00ed.\u00a0 Zda d\u00edvka \u00fatok tunisk\u00e9ho uprchl\u00edka p\u0159e\u017eije, je zat\u00edm nejist\u00e9. Jist\u00e9 ov\u0161em je, \u017ee tento brut\u00e1ln\u00ed \u00fatok, kter\u00fd v posledn\u00edch dnech svorn\u011b v m\u00e9di\u00edch odsuzovali v\u0161ichni francouz\u0161t\u00ed politici, i\u00a0<a href=\"https:\/\/twitter.com\/sandrousseau\/status\/1690393648561577984\"><em>zelen\u00ed<\/em>,<\/a>\u00a0se do \u010desk\u00fdch m\u00e9di\u00ed,\u00a0<a href=\"http:\/\/www.infokuryr.cz\/n\/2023\/08\/15\/brutalni-muceni-znasilneni-migranty-sokuje-celou-francii\/\">a\u017e na jedinou v\u00fdjimku<\/a>, nijak nedostal. Pro\u010d, zd\u00e1 se jasn\u00e9. \u010cesk\u00e1 m\u00e9dia m\u011bla pln\u00e9 ruce pr\u00e1ce,\u00a0<a href=\"https:\/\/www.seznamzpravy.cz\/clanek\/domaci-zivot-v-cesku-rakusan-odmitl-kolektivni-vinu-za-kazdy-cin-nese-odpovednost-jedinec-rekl-235417\">aby vy\u017eehlila d\u016fsledky \u0159\u00e1d\u011bn\u00ed imigrant\u016f<\/a>\u00a0v Plzni, Praze i jinde. A Raku\u0161an, a\u00a0<a href=\"https:\/\/www.michalapetr.com\/map-1753-z-policejnich-statistik-vyplyva-ze-prumerny-ukrajinec-296-krat-casteji-zautoci-na-zenu-nez-prumerny-cech-podle-diplomatu-hrozi-ze-se-miliony-africanu-vydaji-na-pochod-do-eu-protoze-pry-b\/\">v\u0161ichni\u00a0<em>fialov\u00ed<\/em>\u00a0se boj\u00ed<\/a>, \u017ee si ob\u010dan\u00e9 uv\u011bdom\u00ed, \u017ee takov\u00e9to odporn\u00e9 \u010diny se dnes a denn\u011b d\u011bj\u00ed po cel\u00e9 Evrop\u011b pr\u00e1v\u011b d\u00edky ne\u0159\u00edzen\u00e9 pro-imigra\u010dn\u00ed politice, a p\u0159estanou jej\u00ed\u00a0<em>fialov\u00e9<\/em>\u00a0stoupence volit!<\/p>\n<p>\u010cesk\u00e1 m\u00e9dia taj\u00ed i mnohem z\u00e1va\u017en\u011bj\u0161\u00ed skute\u010dnosti. Zat\u00edmco p\u0159ed p\u00e1r dny \u010desk\u00e1 m\u00e9dia svorn\u011b a radostn\u011b troubila, \u017ee rusk\u00e1 turistick\u00e1 lo\u010f byla rozv\u00e1\u0161n\u011bn\u00fdmi demonstranty donucena odplout i s rusk\u00fdmi pasa\u017e\u00e9ry z gruz\u00ednsk\u00e9ho p\u0159\u00edstavu, (viz\u00a0<a href=\"https:\/\/www.blesk.cz\/clanek\/zpravy-svet\/749322\/ruska-vyletni-lodi-jdi-do-pr-rusti-turiste-zakotvili-v-gruzii-mistni-je-vypiskali.html\">Blesk<\/a>,\u00a0<a href=\"https:\/\/www.idnes.cz\/zpravy\/zahranicni\/rusko-gruzie-okupace-jizni-osetie-abchazie-pristav-batumu-vyletni-lod-rusti-turiste-rusove-protest.A230728_150440_zahranicni_dtt\">iDnes<\/a>,\u00a0<a href=\"https:\/\/radiozurnal.rozhlas.cz\/odpoledni-publicistika-prijeti-rusu-na-tenisovych-turnajich-a-v-gruzii-turismus-9043665\">iRozhlas<\/a>), a ve sv\u00fdch zpr\u00e1v\u00e1ch zaml\u010dovala podstatnou mali\u010dkost, \u017ee gruz\u00ednsk\u00e1 policie na vl\u00e1dn\u00ed p\u0159\u00edkaz demonstranty pozat\u00fdkala,\u00a0<a href=\"https:\/\/www.state.gov\/briefings\/department-press-briefing-july-31-2023\/\"><em>jak potvrdil i mluv\u010d\u00ed ministerstva zahrani\u010d\u00ed USA.<\/em><\/a>\u00a0\u00a0Tak ve Washingtonu ve stejnou dobu, kdy \u010desk\u00e1 m\u00e9dia jednotn\u011b tvrdila, jak jsou Gruz\u00ednci proz\u00e1padn\u00ed, zalapali po dechu a nev\u011b\u0159ili vlastn\u00edm o\u010d\u00edm! Gruz\u00ednsk\u00e1 vl\u00e1da 31. \u010dervence bez varov\u00e1n\u00ed zm\u011bnila svou strategickou doktr\u00ednu a nahradila strategick\u00e9 spojenectv\u00ed s USA a NATO, strategick\u00fdm spojenectv\u00edm s \u010c\u00ednou a Ruskem! Celou zm\u011bnu strategick\u00e9 orientace Gruzie nav\u00edc vyhl\u00e1sil p\u0159edseda gruz\u00ednsk\u00e9 vl\u00e1dy Irakli Gariba\u0161vili na sv\u00e9 n\u011bkolikadenn\u00ed n\u00e1v\u0161t\u011bv\u011b v Pekingu, kde se mu dostalo vskutku mimo\u0159\u00e1dn\u00fdch poct!<\/p>\n<p><strong><span style=\"font-size: 18pt;\"><a href=\"https:\/\/www.gov.ge\/news\/363185?page&amp;year&amp;fbclid=IwAR3rAShlUJBehGwvCWobcT6gkUCMgLkmELhMUpXUamlibaprTQTxmQgE33o\">Gruz\u00ednsk\u00e9 vyhl\u00e1\u0161en\u00ed ze 31. \u010dervence operuje s pojmy<\/a>, jako:\u00a0<\/span><\/strong><\/p>\n<ol>\n<li><em>Gruzie pevn\u011b podporuje princip jedn\u00e9 \u010c\u00edny<\/em>.<\/li>\n<li><em>Gruzie v\u011b\u0159\u00ed, \u017ee modernizace \u010c\u00edny nab\u00edz\u00ed lidstvu nov\u00fd zp\u016fsob a novou volbu jak dos\u00e1hnout pokroku<\/em>.<\/li>\n<li><em>\u00a0Gruzie v\u00edt\u00e1 iniciativu \u201eP\u00e1s a stezka\u201c, kterou navrhla \u010c\u00edna.<\/em><\/li>\n<li><em>Gruzie pova\u017euje spolupr\u00e1ci mezi \u010c\u00ednou a zem\u011bmi st\u0159edn\u00ed a v\u00fdchodn\u00ed Evropy (iniciativa 17+1) za pragmatickou, otev\u0159enou a vz\u00e1jemn\u011b v\u00fdhodnou platformu region\u00e1ln\u00ed spolupr\u00e1ce.<\/em><\/li>\n<li><em>Gruzie podporuje glob\u00e1ln\u00ed bezpe\u010dnostn\u00ed iniciativu navr\u017eenou \u010c\u00ednou.<\/em><\/li>\n<\/ol>\n<p>Pro\u010d \u010desk\u00e1 m\u00e9dia neinformuj\u00ed o strategick\u00e9m vyhl\u00e1\u0161en\u00ed Gruzie ze 31. \u010dervence, zd\u00e1 se op\u011bt b\u00fdt jasn\u00e9. Jan Lipavsk\u00fd, ministr zahrani\u010d\u00ed, Pir\u00e1ti,\u00a0<a href=\"https:\/\/www.pirati.cz\/jak-pirati-pracuji\/pirat-lipavsky-pokud-chceme-vest-s-cinou-rovny-dialog-musi-nase-diplomacie-narovnat-svou-pater\/\">postavil u\u017e v roce 2019<\/a>\u00a0celou svoji kari\u00e9ru na politice zabr\u00e1n\u011bn\u00ed \u010d\u00ednsk\u00fdch investic v \u010cesku, a v\u00a0<a href=\"https:\/\/twitter.com\/janlipavsky\/status\/1359427111707115521\">roce 2021 dokonce za sv\u016fj c\u00edl definoval<\/a>\u00a0dosa\u017een\u00ed \u00fapln\u00e9ho odchodu v\u0161ech evropsk\u00fdch zem\u00ed z iniciativy 17+1, ke kter\u00e9 se pr\u00e1v\u011b Gruzie p\u0159ipojila!<\/p>\n<p><a href=\"https:\/\/jamestown.org\/program\/geopolitical-surprise-in-the-caucasus-georgia-declares-a-strategic-partnership-with-china\/\">CIA v nejnov\u011bj\u0161\u00ed zpr\u00e1v\u011b Washingtonu obvinila Gruzii ze zrady<\/a>.\u00a0<em>Gruz\u00ednsk\u00e1 zahrani\u010dn\u00ed a bezpe\u010dnostn\u00ed politika je st\u00e1le v\u00edce v rozporu se z\u00e1padn\u00edmi z\u00e1jmy. A to a\u010dkoli 11. \u010dervence summit NATO ve Vilniusu rozhodl, \u017ee<\/em>\u00a0\u201e<a href=\"https:\/\/www.nato.int\/cps\/en\/natohq\/official_texts_217320.htm\">\u010c\u00ednsk\u00e1 lidov\u00e1 republika sv\u00fdmi deklarovan\u00fdmi ambicemi a vyd\u011bra\u010dskou politikou zpochyb\u0148uje z\u00e1jmy, bezpe\u010dnost a hodnoty\u00a0 NATO\u201d<\/a>.\u00a0<em>Celkov\u011b se kroky gruz\u00ednsk\u00fdch \u00fa\u0159ad\u016f zdaj\u00ed nelogick\u00e9 a nekonzistentn\u00ed, zejm\u00e9na kdy\u017e se Gruzie dva t\u00fddny po tak ostr\u00e9m prohl\u00e1\u0161en\u00ed NATO n\u00e1hle rozhodla st\u00e1t se strategick\u00fdm partnerem \u010c\u00edny, kter\u00e1 podporuje Rusko! Vyhl\u00e1\u0161en\u00ed Gruzie ze 31. \u010dervence ukazuje na mo\u017enost, \u017ee se jedn\u00e1 o nov\u00fd sm\u011br politick\u00e9ho sm\u011b\u0159ov\u00e1n\u00ed Gruzie, kter\u00fd se m\u016f\u017ee li\u0161it od z\u00e1padn\u00edho modelu demokratick\u00e9ho rozvoje.<\/em><\/p>\n<p><img decoding=\"async\" loading=\"lazy\" class=\"wp-image-33819 aligncenter\" src=\"http:\/\/www.infokuryr.cz\/n\/wp-content\/uploads\/2023\/08\/ces1-300x157.jpg\" alt=\"\" width=\"1351\" height=\"707\" srcset=\"https:\/\/www.infokuryr.cz\/n\/wp-content\/uploads\/2023\/08\/ces1-300x157.jpg 300w, https:\/\/www.infokuryr.cz\/n\/wp-content\/uploads\/2023\/08\/ces1-1024x536.jpg 1024w, https:\/\/www.infokuryr.cz\/n\/wp-content\/uploads\/2023\/08\/ces1-768x402.jpg 768w, https:\/\/www.infokuryr.cz\/n\/wp-content\/uploads\/2023\/08\/ces1.jpg 1200w\" sizes=\"(max-width: 1351px) 100vw, 1351px\" \/><\/p>\n<p>Podle posledn\u00ed anal\u00fdzy CIA.\u00a0<em>Rusko negativn\u011b a nep\u0159\u00e1telsky reaguje na sbli\u017eov\u00e1n\u00ed Gruzie \u010di jin\u00fdch postsov\u011btsk\u00fdch zem\u00ed se Z\u00e1padem. Naproti tomu se zd\u00e1, \u017ee Moskva klidn\u011b p\u0159ijala vyhl\u00eddku na politick\u00e9 sbl\u00ed\u017een\u00ed mezi Gruzi\u00ed a \u010c\u00ednou. Ozn\u00e1men\u00ed o strategick\u00e9m partnerstv\u00ed s Pekingem z\u00e1sadn\u011b oslabuje z\u00e1padn\u00ed vliv na cel\u00e9m Kavkaze i v postsov\u011btsk\u00e9m prostoru. Gruzie st\u00e1le v\u00edce ignoruje sv\u00e9 z\u00e1padn\u00ed partnery.\u00a0<\/em><\/p>\n<p>USA jsou znepokojeny v\u00fdstavbou gruz\u00ednsk\u00e9ho strategick\u00e9ho p\u0159\u00edstavu Anaklia. P\u0159\u00edstav Anaklia m\u00e1 velk\u00fd ekonomick\u00fd a geopolitick\u00fd v\u00fdznam. Podle expert\u016f NATO je roz\u0161\u00ed\u0159en\u00ed tohoto p\u0159\u00edstavu nesm\u00edrn\u011b vojensky v\u00fdznamn\u00e9, a bylo kl\u00ed\u010dovou podm\u00ednkou pro \u010dlenstv\u00ed Gruzie v NATO. P\u0159\u00edstav m\u011bla p\u016fvodn\u011b na z\u00e1klad\u011b star\u00e9 dohody s Gruzi\u00ed vybudovat americk\u00e1 spole\u010dnost Conti International. Ov\u0161em tuto smlouvu Gruzie v roce 2020 vypov\u011bd\u011bla pro nepln\u011bn\u00ed harmonogramu v\u00fdstavby! Nyn\u00ed se spekuluje, \u017ee p\u0159\u00edstav vybuduj\u00ed \u010c\u00ed\u0148an\u00e9, kte\u0159\u00ed budou stejn\u011b jako Rusov\u00e9 nyn\u00ed v Gruzii zna\u010dn\u011b investovat do tvorby nov\u00fdch pracovn\u00edch m\u00edst, a do rozvoje m\u00edstn\u00ed ekonomiky. \u017de\u00a0 Rusov\u00e9 na Kavkaze i v Gruzii upev\u0148uj\u00ed sv\u00e9 pozice je jasn\u00e9. Podle p\u0159izn\u00e1n\u00ed ministerstva zahrani\u010d\u00ed USA tento m\u011bs\u00edc\u00a0<a href=\"https:\/\/www.state.gov\/briefings\/department-press-briefing-july-31-2023\/\">Rusov\u00e9 z\u00edskali darem strategick\u00e9 leti\u0161t\u011b v Suchumi<\/a>. Z\u00e1padn\u00ed model ekonomick\u00fdch reforem postsov\u011btsk\u00fdch zem\u00ed, kter\u00fd m\u00edsto p\u0159\u00edm\u00fdch investic do v\u00fdroby a infrastruktury, preferuje budov\u00e1n\u00ed politick\u00fdch neziskovek, a v\u00fdvoz ideologi\u00ed LGBTQ, WOKE, a Green Deal, a upl\u00e1cen\u00ed novin\u00e1\u0159\u016f dotacemi, tak narazil na realitu. Lid\u00ed cht\u011bj\u00ed hlavn\u011b pr\u00e1ci, proto\u017ee z\u00e1padn\u00ed ma\u0161karn\u00ed pr\u016fvody jim j\u00eddlo ani faktury za energie nezaplat\u00ed.<\/p>\n<p><span style=\"font-size: 18pt;\"><strong>V\u010dera 15. srpna<a href=\"https:\/\/bm.ge\/en\/news\/conti-group-is-leaving-anaklia-development-consortium\/38522\">\u00a0Conti International ozn\u00e1mil<\/a>, \u017ee odstupuje z konsorcia na v\u00fdstavbu strategick\u00e9ho p\u0159\u00edstavu\u00a0<a href=\"https:\/\/en.wikipedia.org\/wiki\/Anaklia\">Anaklia<\/a>. Zd\u00e1 se, \u017ee m\u00edsto NATO v n\u011bm budou kotvit v\u00e1le\u010dn\u00e9 lodi \u010c\u00edny a Ruska!\u00a0<\/strong><\/span><\/p>\n<p>USA jsou velmi znepokojeny i dal\u0161\u00edm v\u00fdvojem na Kavkaze. Indie, \u010dlen BRICS,\u00a0<a href=\"https:\/\/www.trend.az\/azerbaijan\/politics\/3777533.html\">zah\u00e1jila v posledn\u00edch dnech masivn\u00ed vyzbrojov\u00e1n\u00ed Arm\u00e9nie<\/a>, zbran\u011bmi,\u00a0<a href=\"https:\/\/economictimes.indiatimes.com\/news\/defence\/the-business-of-brahmos-how-indias-defence-exports-blasted-off\/articleshow\/100961603.cms?from=mdr\">kter\u00e9 vyr\u00e1b\u00ed ve spolupr\u00e1ci s Ruskem<\/a>. \u00c1zerb\u00e1jd\u017e\u00e1n sice ost\u0159e protestoval, ale USA se neodv\u00e1\u017eily proti indick\u00fdm obchod\u016fm zas\u00e1hnout. USA jsou p\u0159i v\u00fdrob\u011b sv\u00fdch letadel F-16 z\u00e1visl\u00e9 na indick\u00e9 sub-v\u00fdrob\u011b, a i cel\u00e1 \u0159ada dal\u0161\u00edch americk\u00fdch zbran\u00ed se dnes v USA jen skl\u00e1d\u00e1 z indick\u00fdch d\u00edl\u016f. Politika Washingtonu si neum\u00ed poradit se spojenectv\u00edm zem\u00ed BRICS. P\u0159es ve\u0161ker\u00e9 snahy vrazit kl\u00edn do spojenectv\u00ed Indie-Rusko-\u010c\u00edna, se ukazuje, \u017ee p\u0159es vz\u00e1jemn\u00e9 t\u0159enice mezi jeho \u010dleny, jsou si v\u0161echny zem\u011b v\u011bdomy, \u017ee \u017e\u00e1dn\u00e1 z nich neusiluje (zat\u00edm) o v\u00fdhradn\u00ed dominanci jako USA a NATO.\u00a0<a href=\"https:\/\/economictimes.indiatimes.com\/news\/defence\/the-business-of-brahmos-how-indias-defence-exports-blasted-off\/articleshow\/100961603.cms?from=mdr\">Indie dodala Arm\u00e9nii<\/a>\u00a0sv\u00e9 raketomety PINAKA, a ty jsou experty srovn\u00e1v\u00e1ny se skv\u011bl\u00fdmi americk\u00fdmi HIMARS, kter\u00e9 jako jedin\u00e1 z\u00e1padn\u00ed zbra\u0148 obst\u00e1la na ukrajinsk\u00e9m boji\u0161ti. Z\u00e1pad byl tak\u00e9 zd\u011b\u0161en, \u017ee tyto pokro\u010dil\u00e9 raketomety PINAKA\u00a0<a href=\"https:\/\/dzen.ru\/a\/ZMFhZL5dkyPDUt3v\">byly do Arm\u00e9nie dod\u00e1v\u00e1ny p\u0159es Ir\u00e1<\/a>n. To d\u00e1le ukazuje, \u017ee spojenectv\u00ed BRICS zahrnuje celou \u0159adu dal\u0161\u00edch zem\u00ed, a ty spole\u010dn\u011b letos v l\u00e9t\u011b uzav\u0159ely z\u00e1padn\u00edmu pronik\u00e1n\u00ed vstup na Kavkaz a do St\u0159edn\u00ed Asie.<\/p>\n<p><a href=\"https:\/\/www.politico.eu\/article\/eu-showdown-former-soviet-union-oil-azerbaijan-armenia-conflict-south-caucasus\/\">Jedin\u00fdm spojencem Z\u00e1padu v oblasti tak u\u017e z\u016fstal<\/a>, jak nep\u0159ekvapiv\u011b, jen krvav\u00fd \u00e1zerb\u00e1jd\u017e\u00e1nsk\u00fd dikt\u00e1tor Ilham Alijev. Brusel, kter\u00fd bojuje proti fosiln\u00edm paliv\u016fm,\u00a0<a href=\"https:\/\/caspiannews.com\/news-detail\/azerbaijan-to-supply-europe-with-green-energy-2022-12-19-31\/\">pl\u00e1noval letos na ja\u0159e<\/a>, \u017ee bude z \u00c1zerb\u00e1jd\u017e\u00e1nu dov\u00e1\u017eet plyn, ropu i elekt\u0159inu ze sol\u00e1rn\u00edch a v\u011btrn\u00fdch elektr\u00e1ren. Za stovky miliard m\u011bl<a href=\"https:\/\/eurasianet.org\/azerbaijan-positioning-itself-as-green-energy-exporter\">\u00a0b\u00fdt polo\u017een podmo\u0159sk\u00fd kabel p\u0159es \u010cern\u00e9 mo\u0159e do Evropy<\/a>! Tento megalomansk\u00fd projekt snad u\u017e nejnov\u011bj\u0161\u00ed v\u00fdvoj na Kavkaze zastavil, proto\u017ee v\u0161echny kabely a produktovody by musely b\u00fdt ta\u017eeny p\u0159es Gruzii, jinak to nejde. Pl\u00e1n p\u0159edpokl\u00e1dal dosud nev\u00eddan\u00e9 investice z dotac\u00ed, a jeho jedin\u00fdm ofici\u00e1ln\u00edm c\u00edlem bylo zabr\u00e1nit energetick\u00e9 z\u00e1vislosti Evropy na Rusku. Kolik by to st\u00e1lo, zatemn\u011bn\u00e9 mozky v Bruselu nezaj\u00edmalo! Snad tak kone\u010dn\u011b pochop\u00ed, \u017ee Putin ovl\u00e1daj\u00edc\u00ed gruz\u00ednsk\u00e9 ventily a trafostanice, u\u010dinil cel\u00fd projekt absolutn\u00edm nesmyslem.<\/p>\n<p>Tyto v\u0161echny informace ov\u0161em \u010desk\u00e1 m\u00e9dia sv\u00fdm konzument\u016fm taj\u00ed. Pro\u010d jsme vysv\u011btlili. A zm\u011bnit to mohou jen nov\u00ed politici! Proto vstupte do politiky a sta\u0148te se politiky. V\u00fdborn\u00e1 p\u0159\u00edle\u017eitost bude za p\u00e1r dn\u00ed v P\u0159\u00ed\u010dovech.\u00a0<a href=\"https:\/\/cs.wikipedia.org\/wiki\/Petr_Drul%C3%A1k\">Bude tam vystupovat t\u0159eba Petr Drul\u00e1k<\/a>,\u00a0<a href=\"http:\/\/casopisargument.cz\/?p=29890\">odborn\u00edk na zahrani\u010dn\u00ed vztahy<\/a>, kter\u00fd m\u00e1 jin\u00e9 n\u00e1zory ne\u017e Lipavsk\u00fd.<\/p>\n<p><a href=\"https:\/\/www.michalapetr.com\/map-1757\/\">Michael Svato\u0161<\/a><\/p>\n<p><img decoding=\"async\" loading=\"lazy\" class=\"alignnone size-full wp-image-27204\" src=\"http:\/\/www.infokuryr.cz\/n\/wp-content\/uploads\/2023\/05\/Michael_Svatos.png\" alt=\"\" width=\"180\" height=\"180\" srcset=\"https:\/\/www.infokuryr.cz\/n\/wp-content\/uploads\/2023\/05\/Michael_Svatos.png 180w, https:\/\/www.infokuryr.cz\/n\/wp-content\/uploads\/2023\/05\/Michael_Svatos-150x150.png 150w\" sizes=\"(max-width: 180px) 100vw, 180px\" \/><\/p>\n<p><img decoding=\"async\" loading=\"lazy\" class=\"wp-image-5603 aligncenter\" src=\"https:\/\/www.michalapetr.com\/wp-content\/uploads\/2023\/08\/P%C5%99%C3%AD%C4%8Dovy-2023-pro-SMS.jpg\" sizes=\"(max-width: 499px) 100vw, 499px\" srcset=\"https:\/\/www.michalapetr.com\/wp-content\/uploads\/2023\/08\/P\u0159\u00ed\u010dovy-2023-pro-SMS.jpg 499w, https:\/\/www.michalapetr.com\/wp-content\/uploads\/2023\/08\/P\u0159\u00ed\u010dovy-2023-pro-SMS-214x300.jpg 214w, https:\/\/www.michalapetr.com\/wp-content\/uploads\/2023\/08\/P\u0159\u00ed\u010dovy-2023-pro-SMS-450x631.jpg 450w\" alt=\"\" width=\"724\" height=\"1016\" \/><\/p>\n<p>&nbsp;<\/p>\n<p>&nbsp;<\/p>\n<p><a href=\"https:\/\/stranapro.cz\/\"><img decoding=\"async\" loading=\"lazy\" class=\"wp-image-30218 aligncenter\" src=\"http:\/\/www.infokuryr.cz\/n\/wp-content\/uploads\/2023\/06\/PRO-banner-300x36.png\" alt=\"\" width=\"1350\" height=\"162\" srcset=\"https:\/\/www.infokuryr.cz\/n\/wp-content\/uploads\/2023\/06\/PRO-banner-300x36.png 300w, https:\/\/www.infokuryr.cz\/n\/wp-content\/uploads\/2023\/06\/PRO-banner-768x93.png 768w, https:\/\/www.infokuryr.cz\/n\/wp-content\/uploads\/2023\/06\/PRO-banner.png 849w\" sizes=\"(max-width: 1350px) 100vw, 1350px\" \/><\/a><\/p>\n<p>&nbsp;<\/p>\n<p>&nbsp;<\/p>\n<p>&nbsp;<\/p>\n<p>&nbsp;<\/p>\n","protected":false},"excerpt":{"rendered":"<p>Pro\u010d Washington, Brusel i NATO u\u017e 14 dn\u00ed srdceryvn\u011b pl\u00e1\u010dou!? A pro\u010d o tom \u010desk\u00e1&#8230;<\/p>\n","protected":false},"author":2,"featured_media":18128,"comment_status":"closed","ping_status":"closed","sticky":false,"template":"","format":"standard","meta":[],"categories":[6],"tags":[1042,30,158,39,22],"_links":{"self":[{"href":"https:\/\/www.infokuryr.cz\/n\/wp-json\/wp\/v2\/posts\/34169"}],"collection":[{"href":"https:\/\/www.infokuryr.cz\/n\/wp-json\/wp\/v2\/posts"}],"about":[{"href":"https:\/\/www.infokuryr.cz\/n\/wp-json\/wp\/v2\/types\/post"}],"author":[{"embeddable":true,"href":"https:\/\/www.infokuryr.cz\/n\/wp-json\/wp\/v2\/users\/2"}],"replies":[{"embeddable":true,"href":"https:\/\/www.infokuryr.cz\/n\/wp-json\/wp\/v2\/comments?post=34169"}],"version-history":[{"count":0,"href":"https:\/\/www.infokuryr.cz\/n\/wp-json\/wp\/v2\/posts\/34169\/revisions"}],"wp:featuredmedia":[{"embeddable":true,"href":"https:\/\/www.infokuryr.cz\/n\/wp-json\/wp\/v2\/media\/18128"}],"wp:attachment":[{"href":"https:\/\/www.infokuryr.cz\/n\/wp-json\/wp\/v2\/media?parent=34169"}],"wp:term":[{"taxonomy":"category","embeddable":true,"href":"https:\/\/www.infokuryr.cz\/n\/wp-json\/wp\/v2\/categories?post=34169"},{"taxonomy":"post_tag","embeddable":true,"href":"https:\/\/www.infokuryr.cz\/n\/wp-json\/wp\/v2\/tags?post=34169"}],"curies":[{"name":"wp","href":"https:\/\/api.w.org\/{rel}","templated":true}]}}