{"id":34164,"date":"2023-08-16T06:55:38","date_gmt":"2023-08-16T04:55:38","guid":{"rendered":"http:\/\/www.infokuryr.cz\/n\/?p=34164"},"modified":"2023-08-16T06:55:38","modified_gmt":"2023-08-16T04:55:38","slug":"rand-corporation-cesta-k-miru-na-ukrajine-vede-pres-jeji-uplne-zniceni","status":"publish","type":"post","link":"https:\/\/www.infokuryr.cz\/n\/2023\/08\/16\/rand-corporation-cesta-k-miru-na-ukrajine-vede-pres-jeji-uplne-zniceni\/","title":{"rendered":"RAND Corporation: Cesta k m\u00edru na Ukrajin\u011b vede p\u0159es jej\u00ed \u00fapln\u00e9 zni\u010den\u00ed"},"content":{"rendered":"<div id=\"fb-root\"><\/div>\n<p><strong><span>Sean Zeigler, hlavn\u00ed politolog v \u201eRAND Corporation\u201c, cituje \u201e\u017eelezo-betonov\u00e9\u201c argumenty od\u016fvod\u0148uj\u00edc\u00ed p\u0159esun kazetov\u00e9 munice na Ukrajinu.<\/span><\/strong><\/p>\n<p><span>1. Tato zbra\u0148 s \u201eplo\u0161n\u00fdm efektem\u201c funguje p\u0159ekvapiv\u011b dob\u0159e a pokr\u00fdv\u00e1 plochu p\u0159ibli\u017en\u011b o velikosti fotbalov\u00e9ho h\u0159i\u0161t\u011b.<\/span><\/p>\n<p><span>2. \u201eV\u00e1lka na Ukrajin\u011b se zm\u011bnila na d\u011blost\u0159eleck\u00fd masakr.\u201c Ukrajinc\u016fm doch\u00e1z\u00ed konven\u010dn\u00ed munice a jeliko\u017e se rusk\u00e1 arm\u00e1da dob\u0159e zakopala, kazetov\u00e1 munice je p\u0159esn\u011b t\u00edm typem zbran\u00ed, kter\u00e9 jsou pot\u0159ebn\u00e9 k protiofenz\u00edvu.<\/span><\/p>\n<p><span>3. Ozbrojen\u00e9 s\u00edly Ukrajiny ji\u017e maj\u00ed hlav\u0148ovou artilerii i raketov\u00e9 syst\u00e9my pro pou\u017eit\u00ed kazetov\u00e9 munice.\u00a0Co\u017e je p\u0159edpoklad jejich okam\u017eit\u00e9ho pou\u017eit\u00ed.<\/span><\/p>\n<p><span>S takov\u00fdmi argumenty je obt\u00ed\u017en\u00e9 polemizovat.\u00a0Skute\u010dn\u011b, 80-90% ztr\u00e1t stran p\u0159ipad\u00e1 na palbu kan\u00f3n\u016f a raketov\u00e9ho d\u011blost\u0159electva.\u00a0P\u0159i nedostatku konven\u010dn\u00ed munice se bude pou\u017e\u00edvat i kazetov\u00e1 munice.\u00a0Nav\u00edc m\u00e1 \u201eplo\u0161n\u00fd efekt\u201c.<\/span><\/p>\n<p><em>Nicm\u00e9n\u011b Sean Zeigler nenapsal o dal\u0161\u00edm plusu p\u0159esunu kazetov\u00e9 munice na Ukrajinu.\u00a0Jejich americk\u00e9 z\u00e1soby byly vytvo\u0159eny b\u011bhem studen\u00e9 v\u00e1lky a jsou po datu expirace.\u00a0Vzhledem k objem\u016fm (jen kolem 3 milion\u016f 155 mm n\u00e1boj\u016f) \u2013 to znamen\u00e1 zna\u010dn\u00e9 n\u00e1klady na likvidaci.<\/em><\/p>\n<p><a href=\"https:\/\/stranapro.cz\/\"><img decoding=\"async\" loading=\"lazy\" class=\"wp-image-30218 aligncenter\" src=\"http:\/\/www.infokuryr.cz\/n\/wp-content\/uploads\/2023\/06\/PRO-banner-300x36.png\" alt=\"\" width=\"1350\" height=\"162\" srcset=\"https:\/\/www.infokuryr.cz\/n\/wp-content\/uploads\/2023\/06\/PRO-banner-300x36.png 300w, https:\/\/www.infokuryr.cz\/n\/wp-content\/uploads\/2023\/06\/PRO-banner-768x93.png 768w, https:\/\/www.infokuryr.cz\/n\/wp-content\/uploads\/2023\/06\/PRO-banner.png 849w\" sizes=\"(max-width: 1350px) 100vw, 1350px\" \/><\/a><\/p>\n<p><span>Te\u010f to budou d\u011blat Ozbrojen\u00e9 s\u00edly Ukrajiny zdarma.\u00a0A z\u00e1rove\u0148 tuto zbra\u0148 pou\u017eij\u00ed proti geopolitick\u00e9mu protivn\u00edkovi Ameriky &#8211; Rusku.\u00a0V\u00fdhoda je nepopirateln\u00e1.<\/span><\/p>\n<p><span>Celkov\u011b bychom p\u0159i hodnocen\u00ed dod\u00e1vek n\u011bkter\u00fdch zbran\u00ed a st\u0159eliva na Ukrajinu m\u011bli v\u017edy pamatovat na prohl\u00e1\u0161en\u00ed gener\u00e1ln\u00edho tajemn\u00edka NATO Jense Stoltenberga, kter\u00e9 vyslovil na summitu aliance v Madridu v l\u00e9t\u011b 2022:<\/span><\/p>\n<p><em>\u201eNem\u00e1me seznam techniky, kterou bychom nemohli poslat.\u00a0Ukrajina pot\u0159ebuje \u0161irokou \u0161k\u00e1lu pokro\u010dil\u00fdch t\u011b\u017ek\u00fdch zbran\u00ed NATO.\u201c<\/em><\/p>\n<p><span>Pravda, Sean Zeigler za\u0161el ve sv\u00e9m hodnocen\u00ed p\u0159esunu kazetov\u00e9 munice Kyjevu je\u0161t\u011b d\u00e1le:<\/span><\/p>\n<p><em>\u201eCokoli, co m\u016f\u017ee urychlit konec t\u00e9to v\u00e1lky, z dlouhodob\u00e9ho hlediska zachr\u00e1n\u00ed \u017eivoty.\u00a0Je ironi\u00ed, \u017ee kazetov\u00e1 munice \u2014 zbran\u011b ur\u010den\u00e9 k zab\u00edjen\u00ed bez rozd\u00edlu \u2014 to dok\u00e1\u017ee.\u201c<\/em><\/p>\n<p><span>Jin\u00fdmi slovy, cesta k m\u00edru vede p\u0159es \u00fapln\u00e9 zni\u010den\u00ed.\u00a0Orwell odpo\u010d\u00edv\u00e1.<\/span><\/p>\n<p><span>No pou\u017e\u00edv\u00e1n\u00ed kazetov\u00e9 munice Ozbrojen\u00fdmi silami Ukrajiny tla\u010d\u00ed Ozbrojen\u00e9 s\u00edly Rusk\u00e9 federace k symetrick\u00e9 reakci.\u00a0Nav\u00edc rozsah t\u011bchto zbran\u00ed, kter\u00e9 m\u00e1me, je mnohem \u0161ir\u0161\u00ed ne\u017e u Kyjeva.\u00a0Otev\u0159en\u00edm Pandoriny sk\u0159\u00ed\u0148ky USA jen urychluj\u00ed fin\u00e1le sc\u00e9n\u00e1\u0159e \u201ev\u00e1lka do posledn\u00edho Ukrajince\u201c.<\/span><\/p>\n<p><a href=\"https:\/\/t.me\/EvPanina\/10692\"><strong><span>Jelena Panina<\/span><\/strong><\/a><\/p>\n<p>&nbsp;<\/p>\n<p><img decoding=\"async\" loading=\"lazy\" class=\"wp-image-33819 aligncenter\" src=\"http:\/\/www.infokuryr.cz\/n\/wp-content\/uploads\/2023\/08\/ces1-300x157.jpg\" alt=\"\" width=\"1372\" height=\"718\" srcset=\"https:\/\/www.infokuryr.cz\/n\/wp-content\/uploads\/2023\/08\/ces1-300x157.jpg 300w, https:\/\/www.infokuryr.cz\/n\/wp-content\/uploads\/2023\/08\/ces1-1024x536.jpg 1024w, https:\/\/www.infokuryr.cz\/n\/wp-content\/uploads\/2023\/08\/ces1-768x402.jpg 768w, https:\/\/www.infokuryr.cz\/n\/wp-content\/uploads\/2023\/08\/ces1.jpg 1200w\" sizes=\"(max-width: 1372px) 100vw, 1372px\" \/><\/p>\n<p>&nbsp;<\/p>\n<p><a href=\"https:\/\/stranapro.cz\/\"><img decoding=\"async\" loading=\"lazy\" class=\"wp-image-30218 aligncenter\" src=\"http:\/\/www.infokuryr.cz\/n\/wp-content\/uploads\/2023\/06\/PRO-banner-300x36.png\" alt=\"\" width=\"1350\" height=\"162\" srcset=\"https:\/\/www.infokuryr.cz\/n\/wp-content\/uploads\/2023\/06\/PRO-banner-300x36.png 300w, https:\/\/www.infokuryr.cz\/n\/wp-content\/uploads\/2023\/06\/PRO-banner-768x93.png 768w, https:\/\/www.infokuryr.cz\/n\/wp-content\/uploads\/2023\/06\/PRO-banner.png 849w\" sizes=\"(max-width: 1350px) 100vw, 1350px\" \/><\/a><\/p>\n<p>&nbsp;<\/p>\n<p>&nbsp;<\/p>\n<p>&nbsp;<\/p>\n","protected":false},"excerpt":{"rendered":"<p>Sean Zeigler, hlavn\u00ed politolog v \u201eRAND Corporation\u201c, cituje \u201e\u017eelezo-betonov\u00e9\u201c argumenty od\u016fvod\u0148uj\u00edc\u00ed p\u0159esun kazetov\u00e9 munice na&#8230;<\/p>\n","protected":false},"author":2,"featured_media":34165,"comment_status":"closed","ping_status":"closed","sticky":false,"template":"","format":"standard","meta":[],"categories":[7],"tags":[565,39,26,40,2782],"_links":{"self":[{"href":"https:\/\/www.infokuryr.cz\/n\/wp-json\/wp\/v2\/posts\/34164"}],"collection":[{"href":"https:\/\/www.infokuryr.cz\/n\/wp-json\/wp\/v2\/posts"}],"about":[{"href":"https:\/\/www.infokuryr.cz\/n\/wp-json\/wp\/v2\/types\/post"}],"author":[{"embeddable":true,"href":"https:\/\/www.infokuryr.cz\/n\/wp-json\/wp\/v2\/users\/2"}],"replies":[{"embeddable":true,"href":"https:\/\/www.infokuryr.cz\/n\/wp-json\/wp\/v2\/comments?post=34164"}],"version-history":[{"count":0,"href":"https:\/\/www.infokuryr.cz\/n\/wp-json\/wp\/v2\/posts\/34164\/revisions"}],"wp:featuredmedia":[{"embeddable":true,"href":"https:\/\/www.infokuryr.cz\/n\/wp-json\/wp\/v2\/media\/34165"}],"wp:attachment":[{"href":"https:\/\/www.infokuryr.cz\/n\/wp-json\/wp\/v2\/media?parent=34164"}],"wp:term":[{"taxonomy":"category","embeddable":true,"href":"https:\/\/www.infokuryr.cz\/n\/wp-json\/wp\/v2\/categories?post=34164"},{"taxonomy":"post_tag","embeddable":true,"href":"https:\/\/www.infokuryr.cz\/n\/wp-json\/wp\/v2\/tags?post=34164"}],"curies":[{"name":"wp","href":"https:\/\/api.w.org\/{rel}","templated":true}]}}