{"id":34162,"date":"2023-08-16T06:48:57","date_gmt":"2023-08-16T04:48:57","guid":{"rendered":"http:\/\/www.infokuryr.cz\/n\/?p=34162"},"modified":"2023-08-16T06:48:57","modified_gmt":"2023-08-16T04:48:57","slug":"jindrich-kulhavy-oni-se-uz-fakt-zblaznili","status":"publish","type":"post","link":"https:\/\/www.infokuryr.cz\/n\/2023\/08\/16\/jindrich-kulhavy-oni-se-uz-fakt-zblaznili\/","title":{"rendered":"Jind\u0159ich Kulhav\u00fd: Oni se u\u017e fakt zbl\u00e1znili"},"content":{"rendered":"<div id=\"fb-root\"><\/div>\n<p><span class=\"anotation\">Pr\u00e1zdniny se bl\u00ed\u017e\u00ed ke sv\u00e9mu z\u00e1v\u011bru, co\u017e je vskutku smutn\u00e9, proto\u017ee nejkr\u00e1sn\u011bj\u0161\u00ed m\u011bs\u00edce v\u00a0roce maj\u00ed tak\u00e9 jen 31 dn\u00ed, ale to neznamen\u00e1, \u017ee se nic ned\u011bje. V\u00a0relativn\u00edm tichu vl\u00e1da p\u0159ipravuje dal\u0161\u00ed naprosto nelogick\u00fd tah.<\/span><\/p>\n<div id=\"pagetext\">\n<p>\u00a0 Sni\u017eovat po\u010dty st\u00e1tn\u00edch \u00fa\u0159edn\u00edk\u016f je vcelku dobr\u00fd n\u00e1pad, jen to mus\u00ed m\u00edt ur\u010ditou logiku. To by ov\u0161em nesm\u011bli na ministerstvech sed\u011bt takov\u00ed filutov\u00e9, jako jsou nap\u0159\u00edklad Jure\u010dka s\u00a0Raku\u0161anem. Ti spojili sv\u00e9 s\u00edly a p\u0159ich\u00e1z\u00ed s\u00a0dal\u0161\u00edm n\u00e1padem. A to zru\u0161it velkou \u010d\u00e1st \u00da\u0159ad\u016f pr\u00e1ce a solidn\u00ed d\u00edl jejich \u00fakol\u016f a \u00a0administrativy p\u0159ev\u00e9st na \u010ceskou po\u0161tu. Ano, na tu po\u0161tu, kter\u00e9 sn\u00ed\u017eili razantn\u011b po\u010det pobo\u010dek a v\u00a0n\u00ed\u017e pravideln\u011b stoj\u00edte ve front\u011b na cokoliv, co \u010cesk\u00e1 po\u0161ta sv\u00fdmi slu\u017ebami poskytuje. M\u00e1me tu tedy dva paradoxy. \u00da\u0159ady pr\u00e1ce jsou pom\u011brn\u011b d\u016fle\u017eitou slo\u017ekou st\u00e1tn\u00ed \u010dinnosti v\u00a0oblasti soci\u00e1ln\u00edch slu\u017eeb a k\u00a0zru\u0161en\u00ed je vhodn\u00fdch mnohem v\u00edce jin\u00fdch neproduktivn\u00edch \u00fa\u0159ad\u016f. Dal\u0161\u00ed n\u00e1lo\u017e povinnost\u00ed na po\u0161ty je prost\u011b uk\u00e1zkou demence vl\u00e1dn\u00edch \u00fa\u0159edn\u00edk\u016f.<\/p>\n<p>Sni\u017eov\u00e1n\u00ed n\u00e1klad\u016f st\u00e1tu t\u00edmto sm\u011brem by bylo v\u00a0re\u00e1lu opodstatn\u011bn\u00e9, kdyby v\u0161e fungovalo, nebyli sem natah\u00e1ni Ukrajinci, kte\u0159\u00ed \u017ed\u00edmaj\u00ed soci\u00e1ln\u00ed syst\u00e9m a dom\u016f se vracet necht\u011bj\u00ed, p\u0159\u00edpadn\u011b by m\u00e9n\u011b p\u0159izp\u016fsobiv\u00e9 \u010d\u00e1sti \u010desk\u00fdch ob\u010dan\u016f nebyl dop\u0159\u00e1v\u00e1n luxus v\u00a0podob\u011b \u00falev ze zam\u011bstn\u00e1n\u00ed dopln\u011bn\u00fdch solidn\u00edmi d\u00e1vkami. Jen\u017ee tomu tak nen\u00ed a \u00da\u0159ady pr\u00e1ce jsou \u010dasto pro mnoh\u00e9 hledaj\u00edc\u00ed zam\u011bstn\u00e1n\u00ed posledn\u00ed nad\u011bj\u00ed, jak d\u016fstojn\u011b \u017e\u00edt a z\u00edskat \u017eivobyt\u00ed. Nav\u00edc n\u011bkter\u00e9 \u00fa\u0159ednice jsou p\u0159edev\u0161\u00edm v\u00a0men\u0161\u00edch m\u011bstech t\u011bmi, kter\u00e9 v\u011bd\u00ed o ob\u010danech ze sv\u00e9 lokality v\u00edce ne\u017e kdokoliv jin\u00fd. Jejich slu\u017eby a v\u011bdomosti budou z\u00e1sadn\u011b chyb\u011bt a jde o \u0159e\u0161en\u00ed jen t\u011b\u017eko zd\u016fvodniteln\u00e9.<\/p>\n<p><a href=\"https:\/\/stranapro.cz\/\"><img decoding=\"async\" loading=\"lazy\" class=\"wp-image-30218 aligncenter\" src=\"http:\/\/www.infokuryr.cz\/n\/wp-content\/uploads\/2023\/06\/PRO-banner-300x36.png\" alt=\"\" width=\"1350\" height=\"162\" srcset=\"https:\/\/www.infokuryr.cz\/n\/wp-content\/uploads\/2023\/06\/PRO-banner-300x36.png 300w, https:\/\/www.infokuryr.cz\/n\/wp-content\/uploads\/2023\/06\/PRO-banner-768x93.png 768w, https:\/\/www.infokuryr.cz\/n\/wp-content\/uploads\/2023\/06\/PRO-banner.png 849w\" sizes=\"(max-width: 1350px) 100vw, 1350px\" \/><\/a><\/p>\n<p>Je evidentn\u00ed, \u017ee st\u00e1tn\u00ed kasu tato vl\u00e1da jen tak nenapln\u00ed. Selh\u00e1v\u00e1 v\u00a0tolika sm\u011brech, \u017ee je s\u00a0podivem, jak dlouho se dr\u017e\u00ed u moci. Ekonomick\u00fd analfabetismus je zjevn\u00fd, \u0159e\u0161en\u00ed krize jsou kontraproduktivn\u00ed a slu\u017eba lidu v\u0161eobecn\u011b a z\u00e1m\u011brn\u011b omezov\u00e1na. O tom nelze pochybovat, jen ideologicky zpracovan\u00ed novin\u00e1\u0159i a ob\u010dan\u00e9 to odm\u00edtaj\u00ed p\u0159iznat. Ru\u0161en\u00ed \u00fa\u0159ednick\u00fdch post\u016f je v\u00a0po\u0159\u00e1dku. Ov\u0161em ne takov\u00e9to. Na prvn\u00edm m\u00edst\u011b by m\u011bla b\u00fdt zbyte\u010dn\u00e1 ministerstva, kter\u00e1 jsou zbyte\u010dn\u00e1 minim\u00e1ln\u011b t\u0159i, na zb\u00fdvaj\u00edc\u00edch je aktu\u00e1ln\u00ed otev\u0159\u00edt dve\u0159e a po\u0159\u00e1dn\u011b je prov\u011btrat. D\u00e1le by to cht\u011blo zredukovat po\u010dty poslanc\u016f a sen\u00e1tor\u016f, jejich placen\u00fdch asistent\u016f, poradc\u016f ministr\u016f, ukon\u010dit \u010dinnost kancel\u00e1\u0159\u00ed zam\u011bstnan\u00fdch \u010dinnost\u00ed pro EU, ze\u0161t\u00edhlit p\u0159ebujel\u00e9 Finan\u010dn\u00ed \u00fa\u0159ady, zv\u00e1\u017eit po\u010dty lid\u00ed na m\u011bstsk\u00fdch \u00fa\u0159adech. Je tu v\u0161ak dal\u0161\u00ed sorta p\u0159\u00ed\u017eivn\u00edk\u016f nic produkuj\u00edc\u00edch. To je vysok\u00e9 procento lid\u00ed vytv\u00e1\u0159ej\u00edc\u00edch dojem pr\u00e1ce v\u00a0neziskov\u00fdch organizac\u00edch placen\u00fdch z\u00a0r\u016fzn\u00fdch zdroj\u016f, p\u0159edev\u0161\u00edm v\u0161ak z\u00a0pen\u011bz ukraden\u00fdch da\u0148ov\u00fdm poplatn\u00edk\u016fm. To sice nejsou v\u017edy jen klasi\u010dt\u00ed \u00fa\u0159edn\u00edci, ov\u0161em jde o solidn\u011b aktivn\u00ed kl\u00ed\u0161t\u011b pou\u0161t\u011bj\u00edc\u00ed \u017eilou st\u00e1tu a zam\u011bstn\u00e1vaj\u00edc\u00ed op\u011bt \u0159adu jeho pracovn\u00edk\u016f. Ale kdy\u017e \u0161et\u0159it, tak po\u0159\u00e1dn\u011b.<\/p>\n<p>Je spr\u00e1vn\u00e9, \u017ee chce vl\u00e1da omezit v\u00fddaje. Ale i to prost\u011b d\u011bl\u00e1 \u0161patn\u011b a tam, kde na to dopl\u00e1c\u00ed prost\u00ed lid\u00e9, kte\u0159\u00ed s\u00a0t\u00edm nic d\u011blat nemohou. Nejd\u0159\u00edve to byli senio\u0159i, pozd\u011bji p\u0159ich\u00e1z\u00ed na \u0159adu klienti \u00da\u0159ad\u016f pr\u00e1ce. Kdo bude dal\u0161\u00edm ter\u010dem, to netu\u0161\u00edme. Nicm\u00e9n\u011b je jist\u00e9, \u017ee Fialovi a jeho anc\u00e1blu te\u010de do bot. Kdy\u017e u\u017e zasahuj\u00ed do st\u00e1tn\u00edho apar\u00e1tu, a to v\u00a0tak citliv\u00e9m prost\u0159ed\u00ed, jsou na dn\u011b. A to p\u00e1d zdaleka neskon\u010dil. \u0160kody po nich budou obrovsk\u00e9.<\/p>\n<p><a href=\"https:\/\/www.inadhled.live\/zajimavosti\/oni-se-uz-fakt-zblaznili\/\">Jind\u0159ich Kulhav\u00fd<\/a><\/p>\n<\/div>\n<p><img decoding=\"async\" loading=\"lazy\" class=\"alignnone size-medium wp-image-22653\" src=\"http:\/\/www.infokuryr.cz\/n\/wp-content\/uploads\/2023\/02\/jindra-kulhavy-221x300.jpg\" alt=\"\" width=\"221\" height=\"300\" srcset=\"https:\/\/www.infokuryr.cz\/n\/wp-content\/uploads\/2023\/02\/jindra-kulhavy-221x300.jpg 221w, https:\/\/www.infokuryr.cz\/n\/wp-content\/uploads\/2023\/02\/jindra-kulhavy.jpg 311w\" sizes=\"(max-width: 221px) 100vw, 221px\" \/><\/p>\n<p>&nbsp;<\/p>\n<p><img decoding=\"async\" loading=\"lazy\" class=\"wp-image-33819 aligncenter\" src=\"http:\/\/www.infokuryr.cz\/n\/wp-content\/uploads\/2023\/08\/ces1-300x157.jpg\" alt=\"\" width=\"1355\" height=\"709\" srcset=\"https:\/\/www.infokuryr.cz\/n\/wp-content\/uploads\/2023\/08\/ces1-300x157.jpg 300w, https:\/\/www.infokuryr.cz\/n\/wp-content\/uploads\/2023\/08\/ces1-1024x536.jpg 1024w, https:\/\/www.infokuryr.cz\/n\/wp-content\/uploads\/2023\/08\/ces1-768x402.jpg 768w, https:\/\/www.infokuryr.cz\/n\/wp-content\/uploads\/2023\/08\/ces1.jpg 1200w\" sizes=\"(max-width: 1355px) 100vw, 1355px\" \/><\/p>\n<p>&nbsp;<\/p>\n<p>&nbsp;<\/p>\n<p>&nbsp;<\/p>\n","protected":false},"excerpt":{"rendered":"<p>Pr\u00e1zdniny se bl\u00ed\u017e\u00ed ke sv\u00e9mu z\u00e1v\u011bru, co\u017e je vskutku smutn\u00e9, proto\u017ee nejkr\u00e1sn\u011bj\u0161\u00ed m\u011bs\u00edce v\u00a0roce maj\u00ed&#8230;<\/p>\n","protected":false},"author":2,"featured_media":34163,"comment_status":"closed","ping_status":"closed","sticky":false,"template":"","format":"standard","meta":[],"categories":[6],"tags":[29,1538,5682,99],"_links":{"self":[{"href":"https:\/\/www.infokuryr.cz\/n\/wp-json\/wp\/v2\/posts\/34162"}],"collection":[{"href":"https:\/\/www.infokuryr.cz\/n\/wp-json\/wp\/v2\/posts"}],"about":[{"href":"https:\/\/www.infokuryr.cz\/n\/wp-json\/wp\/v2\/types\/post"}],"author":[{"embeddable":true,"href":"https:\/\/www.infokuryr.cz\/n\/wp-json\/wp\/v2\/users\/2"}],"replies":[{"embeddable":true,"href":"https:\/\/www.infokuryr.cz\/n\/wp-json\/wp\/v2\/comments?post=34162"}],"version-history":[{"count":0,"href":"https:\/\/www.infokuryr.cz\/n\/wp-json\/wp\/v2\/posts\/34162\/revisions"}],"wp:featuredmedia":[{"embeddable":true,"href":"https:\/\/www.infokuryr.cz\/n\/wp-json\/wp\/v2\/media\/34163"}],"wp:attachment":[{"href":"https:\/\/www.infokuryr.cz\/n\/wp-json\/wp\/v2\/media?parent=34162"}],"wp:term":[{"taxonomy":"category","embeddable":true,"href":"https:\/\/www.infokuryr.cz\/n\/wp-json\/wp\/v2\/categories?post=34162"},{"taxonomy":"post_tag","embeddable":true,"href":"https:\/\/www.infokuryr.cz\/n\/wp-json\/wp\/v2\/tags?post=34162"}],"curies":[{"name":"wp","href":"https:\/\/api.w.org\/{rel}","templated":true}]}}