{"id":3414,"date":"2021-07-19T03:18:31","date_gmt":"2021-07-19T01:18:31","guid":{"rendered":"http:\/\/www.infokuryr.cz\/n\/?p=3414"},"modified":"2021-07-19T03:18:31","modified_gmt":"2021-07-19T01:18:31","slug":"tusk-popsal-mozny-scenar-rozpadu-evropske-unie","status":"publish","type":"post","link":"https:\/\/www.infokuryr.cz\/n\/2021\/07\/19\/tusk-popsal-mozny-scenar-rozpadu-evropske-unie\/","title":{"rendered":"Tusk popsal mo\u017en\u00fd sc\u00e9n\u00e1\u0159 rozpadu Evropsk\u00e9 unie"},"content":{"rendered":"<div id=\"fb-root\"><\/div>\n<p><strong>B\u00fdval\u00fd p\u0159edseda Evropsk\u00e9 rady a b\u00fdval\u00fd polsk\u00fd premi\u00e9r Donald Tusk v rozhovoru pro TVN24 uvedl, \u017ee EU sl\u00e1bne n\u00e1sledkem \u010din\u016f \u0159ady \u010dlensk\u00fdch st\u00e1t\u016f.<\/strong><\/p>\n<p>\u201ePokud se objev\u00ed v\u00edce st\u00e1t\u016f, kter\u00e9 budou trvat na tom, aby n\u011bjak\u00fdm zp\u016fsobem po\u0161kodily\u00a0<strong>Evropskou unii<\/strong>, organizace m\u016f\u017ee skon\u010dit,\u201c\u00a0p\u0159ipustil.<\/p>\n<p>Podle Tuskova n\u00e1zoru zah\u00e1jilo Polsko a Ma\u010farsko proces \u201epodkop\u00e1v\u00e1n\u00ed\u201c EU.<\/p>\n<p>\u201eM\u016f\u017ee se st\u00e1t, \u017ee Polsko opust\u00ed Evropskou unii a t\u00edm ji oslab\u00ed,\u201c dodal Tusk.<\/p>\n<p>Up\u0159esnil, \u017ee krize ve vztaz\u00edch mezi n\u011bkter\u00fdmi st\u00e1ty a veden\u00edm EU m\u00e1 politickou povahu a trv\u00e1 ji\u017e dlouhou dobu.<\/p>\n<p>Tusk pouk\u00e1zal na to, \u017ee\u00a0Evropsk\u00e1 unie\u00a0se nerozpadne \u201epoz\u00edt\u0159\u00ed\u201c, ale vysv\u011btlil, pro\u010d tato mo\u017enost existuje.<\/p>\n<p>\u201ePamatuji si, jak jsem hovo\u0159il s Davidem Cameronem (b\u00fdval\u00fdm p\u0159edsedou vl\u00e1dy Velk\u00e9 Brit\u00e1nie, b\u011bhem jeho\u017e p\u016fsoben\u00ed ve funkci se konalo referendum o odchodu zem\u011b z Evropsk\u00e9 unie), a ten mi \u0159ekl: \u201eNeboj se, my z EU ur\u010dit\u011b neodejdeme.\u201c A najednou, o \u0161est m\u011bs\u00edc\u016f pozd\u011bji, se stalo n\u011bco, co vl\u00e1da nep\u0159edv\u00eddala,\u201c \u0159ekl\u00a0Tusk.<\/p>\n<p>Soud EU v Lucembursku ji\u017e d\u0159\u00edve upozornil\u00a0Polsko\u00a0na nesoulad ustanoven\u00ed soudn\u00ed reformy s evropsk\u00fdm pr\u00e1vem, zejm\u00e9na v tom, co se t\u00fdk\u00e1 nez\u00e1vislosti soudn\u00edho syst\u00e9mu zem\u011b. Uv\u00e1d\u011blo se, \u017ee ustanoven\u00ed o disciplin\u00e1rn\u00edm sen\u00e1tu Nejvy\u0161\u0161\u00edho soudu Polska nezaru\u010duj\u00ed nez\u00e1vislost a nestrannost soudc\u016f, proto\u017ee mohou b\u00fdt p\u0159\u00edmo nebo nep\u0159\u00edmo ovlivn\u011bni z\u00e1konod\u00e1rnou a v\u00fdkonnou moc\u00ed.<\/p>\n<p>Pokud Polsko neodstran\u00ed poru\u0161en\u00ed, m\u016f\u017ee b\u00fdt pokutov\u00e1no Evropskou uni\u00ed.<\/p>\n<p>Pot\u00e9 gener\u00e1ln\u00ed prokur\u00e1tor Polska, ministr spravedlnosti Zbigniew Ziobro obvinil Soudn\u00ed dv\u016fr Evropsk\u00e9 unie z pln\u011bn\u00ed politick\u00e9ho p\u0159\u00edkazu. Podle jeho n\u00e1zoru soud EU p\u0159edvedl \u201ekoloni\u00e1ln\u00ed my\u0161len\u00ed, kter\u00e9 umo\u017e\u0148uje rozd\u011blen\u00ed zem\u00ed EU na lep\u0161\u00ed a hor\u0161\u00ed\u201c.<\/p>\n<p><a href=\"https:\/\/cz.sputniknews.com\/20210718\/tusk-popsal-mozny-scenar-rozpadu-evropske-unie-15187602.html\">ZDROJ<\/a><\/p>\n<p>&nbsp;<\/p>\n","protected":false},"excerpt":{"rendered":"<p>B\u00fdval\u00fd p\u0159edseda Evropsk\u00e9 rady a b\u00fdval\u00fd polsk\u00fd premi\u00e9r Donald Tusk v rozhovoru pro TVN24 uvedl,&#8230;<\/p>\n","protected":false},"author":2,"featured_media":3415,"comment_status":"closed","ping_status":"closed","sticky":false,"template":"","format":"standard","meta":[],"categories":[7],"tags":[41,31,906],"_links":{"self":[{"href":"https:\/\/www.infokuryr.cz\/n\/wp-json\/wp\/v2\/posts\/3414"}],"collection":[{"href":"https:\/\/www.infokuryr.cz\/n\/wp-json\/wp\/v2\/posts"}],"about":[{"href":"https:\/\/www.infokuryr.cz\/n\/wp-json\/wp\/v2\/types\/post"}],"author":[{"embeddable":true,"href":"https:\/\/www.infokuryr.cz\/n\/wp-json\/wp\/v2\/users\/2"}],"replies":[{"embeddable":true,"href":"https:\/\/www.infokuryr.cz\/n\/wp-json\/wp\/v2\/comments?post=3414"}],"version-history":[{"count":0,"href":"https:\/\/www.infokuryr.cz\/n\/wp-json\/wp\/v2\/posts\/3414\/revisions"}],"wp:featuredmedia":[{"embeddable":true,"href":"https:\/\/www.infokuryr.cz\/n\/wp-json\/wp\/v2\/media\/3415"}],"wp:attachment":[{"href":"https:\/\/www.infokuryr.cz\/n\/wp-json\/wp\/v2\/media?parent=3414"}],"wp:term":[{"taxonomy":"category","embeddable":true,"href":"https:\/\/www.infokuryr.cz\/n\/wp-json\/wp\/v2\/categories?post=3414"},{"taxonomy":"post_tag","embeddable":true,"href":"https:\/\/www.infokuryr.cz\/n\/wp-json\/wp\/v2\/tags?post=3414"}],"curies":[{"name":"wp","href":"https:\/\/api.w.org\/{rel}","templated":true}]}}