{"id":34048,"date":"2023-08-14T06:17:00","date_gmt":"2023-08-14T04:17:00","guid":{"rendered":"http:\/\/www.infokuryr.cz\/n\/?p=34048"},"modified":"2023-08-14T06:17:00","modified_gmt":"2023-08-14T04:17:00","slug":"teprve-16-lety-ukrajinec-zautocil-v-praze-a-pokusil-se-o-znasilneni-38-lete-zeny","status":"publish","type":"post","link":"https:\/\/www.infokuryr.cz\/n\/2023\/08\/14\/teprve-16-lety-ukrajinec-zautocil-v-praze-a-pokusil-se-o-znasilneni-38-lete-zeny\/","title":{"rendered":"Teprve 16-let\u00fd Ukrajinec za\u00fato\u010dil v Praze a pokusil se o zn\u00e1siln\u011bn\u00ed 38-let\u00e9 \u017eeny!"},"content":{"rendered":"<div id=\"fb-root\"><\/div>\n<h4>Teprve 16-let\u00fd Ukrajinec za\u00fato\u010dil v Praze a pokusil se o zn\u00e1siln\u011bn\u00ed 38-let\u00e9 \u017eeny! Po brut\u00e1ln\u00edm pokusu o vra\u017edu 15-let\u00e9 zn\u00e1siln\u011bn\u00e9 a okraden\u00e9 \u010desk\u00e9 d\u00edvky v Plzni jde ji\u017e o druh\u00fd \u00fatok Ukrajince a je t\u0159eba \u0159\u00edct nahlas, \u017ee \u010das ukrajinsk\u00fdch uprchl\u00edk\u016f v \u010cR se naplnil! Kdy\u017e mohou jezdit na Ukrajinu na dovolenou, mohou se tam vr\u00e1tit natrvalo! Tureck\u00fd model a vybudov\u00e1n\u00ed uprchlick\u00fdch t\u00e1bor\u016f na z\u00e1padn\u00ed Ukrajin\u011b je cestou, jak vy\u0159e\u0161it ukrajinskou migra\u010dn\u00ed a bezpe\u010dnostn\u00ed ot\u00e1zku v Evrop\u011b!<\/h4>\n<p>V ned\u011bli nad r\u00e1nem v Praze v Hostiva\u0159i do\u0161lo k dal\u0161\u00edmu \u00fatoku Ukrajince. Teprve 16-let\u00fd ukrajinsk\u00fd mlad\u00edk se pokusil o zn\u00e1siln\u011bn\u00ed 38-let\u00e9 \u010desk\u00e9 \u017eeny. Zat\u00e1hl ji do k\u0159ov\u00ed, kde ji surov\u011b zbil a pokusil se ji zn\u00e1silnit. Ud\u00e1lost m\u011bla dramatickou dohru, proto\u017ee podle sv\u011bdectv\u00ed pr\u00fd policie za\u010dala po mlad\u00edkovi st\u0159\u00edlet, kdy\u017e ho nah\u00e1n\u011bla po pol\u00edch a sna\u017eila se ho zadr\u017eet. Informaci o tomto brut\u00e1ln\u00edm \u010dinu p\u0159inesl\u00a0<strong>[<a href=\"https:\/\/href.li\/?https:\/\/www.nasepraha.cz\/dalsi-brutalni-sexualni-prepadeni-zeny-od-16-leteho-ukrajince-v-hostivari-policiste-jej-honili-po-polich-a-strileli-po-nem\/\" target=\"_blank\" rel=\"nofollow noopener\">1<\/a>]<\/strong>\u00a0server Na\u0161e Praha s odvol\u00e1n\u00edm na policejn\u00ed zdroje. Ve tm\u011b se pr\u00fd mlad\u00e9mu Ukrajinci poda\u0159ilo policist\u016fm zmizet. Okam\u017eit\u011b se rozjela p\u00e1trac\u00ed akce, na jej\u00edm\u017e konci byl dopaden. \u017dena le\u017e\u00ed se zran\u011bn\u00edmi v nemocnici. P\u0159\u00edpad se stal u zast\u00e1vky MHD v ulici Doupovsk\u00e1 v Praze 10-Hostiva\u0159i (Slune\u010dn\u00fd vr\u0161ek).<\/p>\n<figure id=\"attachment_56628\" class=\"wp-caption aligncenter\" style=\"width: 693px;\"><a href=\"https:\/\/aeronet.news\/wp-content\/uploads\/Doupovska-Google-Maps.jpg\"><img decoding=\"async\" loading=\"lazy\" class=\"wp-image-56628 \" src=\"https:\/\/aeronet.news\/wp-content\/uploads\/Doupovska-Google-Maps-1024x610.jpg\" sizes=\"(max-width: 700px) 100vw, 700px\" srcset=\"https:\/\/aeronet.news\/wp-content\/uploads\/Doupovska-Google-Maps-1024x610.jpg 1024w, https:\/\/aeronet.news\/wp-content\/uploads\/Doupovska-Google-Maps-300x179.jpg 300w, https:\/\/aeronet.news\/wp-content\/uploads\/Doupovska-Google-Maps-768x457.jpg 768w, https:\/\/aeronet.news\/wp-content\/uploads\/Doupovska-Google-Maps-700x417.jpg 700w, https:\/\/aeronet.news\/wp-content\/uploads\/Doupovska-Google-Maps-600x357.jpg 600w, https:\/\/aeronet.news\/wp-content\/uploads\/Doupovska-Google-Maps-811x483.jpg 811w, https:\/\/aeronet.news\/wp-content\/uploads\/Doupovska-Google-Maps.jpg 1280w\" alt=\"\" width=\"693\" height=\"413\" \/><\/a><figcaption class=\"wp-caption-text\">\u00datok se odehr\u00e1l nedaleko t\u00e9to zast\u00e1vky<\/figcaption><\/figure>\n<p>\u201e<em>Od dne\u0161n\u00ed noci policist\u00e9 \u0159e\u0161\u00ed p\u0159\u00edpad fyzick\u00e9ho napaden\u00ed \u017eeny s mo\u017en\u00fdm sexu\u00e1ln\u00edm podtextem, kdy podez\u0159el\u00fd za\u00fato\u010dil na po\u0161kozenou a odt\u00e1hl ji do k\u0159ov\u00ed. Policist\u00e9, kte\u0159\u00ed p\u0159ijeli na m\u00edsto, za\u010dali podez\u0159el\u00e9ho z m\u00edsta \u010dinu pron\u00e1sledovat a pou\u017eili i varovn\u00fd v\u00fdst\u0159el. Mu\u017ei se v dan\u00fd okam\u017eik poda\u0159ilo zmizet, ale ne na dlouho. Okam\u017eit\u011b se rozjela p\u00e1trac\u00ed akce, na jej\u00edm\u017e konci byl dopaden. Jedn\u00e1 se o \u0161estn\u00e1ctilet\u00e9ho mu\u017ee, se kter\u00fdm nyn\u00ed prob\u00edhaj\u00ed \u00fakony trestn\u00edho \u0159\u00edzen\u00ed. Po\u0161kozen\u00e1 skon\u010dila se zran\u011bn\u00edmi v nemocnici. Nyn\u00ed zji\u0161\u0165ujeme v\u0161echny okolnosti p\u0159\u00edpadu,<\/em>\u201c sd\u011blil na dotaz serveru Na\u0161e Praha tiskov\u00fd d\u016fstojn\u00edk Policie Praha Jan Dan\u011bk.<\/p>\n<p>Na p\u0159\u00edm\u00fd dotaz, zda-li se jednalo o Ukrajince Dan\u011bk odm\u00edtl odpov\u011bd\u011bt s\u00a0odkazem na nezletilost pachatele. Podle sv\u011bdk\u016f se ale opravdu jedn\u00e1 o Ukrajince. Nen\u00ed jasn\u00e9, zda-li jde o uprchl\u00edka, anebo poch\u00e1z\u00ed z rodiny, kter\u00e1 ji\u017e v \u017eije \u010cR del\u0161\u00ed dobu. Je to p\u0159itom ji\u017e druh\u00fd brut\u00e1ln\u00ed \u00fatok Ukrajince na \u010deskou \u017eenu b\u011bhem n\u011bkolika posledn\u00edch dn\u016f.<\/p>\n<h6><span style=\"font-size: 18pt;\">Ukrajinec zn\u00e1silnil v Plzni 15-letou d\u00edvku, potom ji polil benz\u00ednem, zabalil do pytle a shodil ze sr\u00e1zu. Zn\u00e1me podrobnosti<\/span><\/h6>\n<p>V noci z \u00fater\u00fd na st\u0159edu do\u0161lo v Plzni k \u00fatoku Ukrajince na nezletilou \u010deskou d\u00edvku\u00a0<strong>[<a href=\"https:\/\/href.li\/?https:\/\/www.krimi-plzen.cz\/a\/znasilneni-2023-08-09-111657\/\" target=\"_blank\" rel=\"nofollow noopener\">2<\/a>]<\/strong>. V lesn\u00edm porostu mezi st\u0159elnic\u00ed v Lobz\u00edch, Rolnick\u00fdm n\u00e1m\u011bst\u00edm a ulic\u00ed Na Hran\u011b byla velice brut\u00e1ln\u011b zn\u00e1siln\u011bna teprve patn\u00e1ctilet\u00e1 d\u00edvka. Podle informac\u00ed se m\u011bla krv\u00e1cej\u00edc\u00ed d\u00edvka s v\u00e1\u017en\u00fdm bodn\u00fdm zran\u011bn\u00edm dopot\u00e1cet ke kamar\u00e1dce dom\u016f, odkud j\u00ed byla p\u0159ivol\u00e1na pomoc. Na m\u00edsto samoz\u0159ejm\u011b vyjeli z\u00e1chran\u00e1\u0159i i policist\u00e9 a n\u00e1sledn\u011b bylo zji\u0161t\u011bno, \u017ee \u00fato\u010dn\u00edk d\u00edvku nejen zn\u00e1silnil, ale i okradl. Pot\u00e9, z\u0159ejm\u011b v p\u0159esv\u011bd\u010den\u00ed, \u017ee je mrtv\u00e1, zabalil pachatel t\u011blo d\u00edvky do igelitov\u00e9ho pytle a shodil ze sr\u00e1zu.<\/p>\n<p>Podle informac\u00ed pachatel, kter\u00fd byl identifikovan\u00fd jako Viktor Veselskij (jinde uv\u00e1d\u011bno Veselskyy), dokonce d\u00edvku pr\u00fd polil jakousi kapalinou, z\u0159ejm\u011b benz\u00ednem, ale nezap\u00e1lil ji. Po polit\u00ed ji zabalil do igelitov\u00e9ho pytle.\u00a0<strong>Podle zdroje z \u0159ad vy\u0161et\u0159ov\u00e1n\u00ed se nejednalo o pokus o zap\u00e1len\u00ed t\u011bla, ale o chemickou neutralizaci pachov\u00fdch stop, aby policejn\u00ed pes nemohl pachatele vystopovat.<\/strong>\u00a0Ukrajinec byl toti\u017e p\u0159esv\u011bd\u010den, \u017ee ob\u011b\u0165 je mrtv\u00e1 a po jej\u00edm nalezen\u00ed za\u010dne policie zaji\u0161\u0165ovat pachov\u00e9 stopy. Z t\u011bchto informac\u00ed podle na\u0161eho zdroje vypl\u00fdv\u00e1, \u017ee mu\u017e nen\u00ed za\u010d\u00e1te\u010dn\u00edk a je sezn\u00e1men s policejn\u00edmi postupy, p\u0159i\u010dem\u017e p\u0159ipraven\u00fd igelitov\u00fd pytel a benz\u00edn nazna\u010duj\u00ed, \u017ee se t\u011bla cht\u011bl zbavit a zam\u00e9st po sob\u011b minim\u00e1ln\u011b pachov\u00e9 stopy.<\/p>\n<p><iframe loading=\"lazy\" title=\"Viktor Veselskyy obvin\u011bn\u00fd ze zn\u00e1siln\u011bn\u00ed a pokusu o vra\u017edu patn\u00e1ctilet\u00e9 d\u00edvky byl vzat do vazby\" src=\"https:\/\/www.youtube.com\/embed\/9hKzaJeY7d0?feature=oembed\" width=\"100%\" height=\"394\" frameborder=\"0\" allowfullscreen=\"allowfullscreen\" data-mce-fragment=\"1\"><\/iframe><\/p>\n<p>Zat\u00edmco z\u00e1chran\u00e1\u0159i d\u00edvku transportovali do nemocnice, policist\u00e9 uzav\u0159eli prostor kolem m\u00edsta \u010dinu a byl povol\u00e1n technik k zaji\u0161t\u011bn\u00ed maxim\u00e1ln\u00edho mo\u017en\u00e9ho mno\u017estv\u00ed kriminalistick\u00fdch stop. \u201c<em>Podle zat\u00edm zji\u0161t\u011bn\u00fdch informac\u00ed mlad\u00fd mu\u017e d\u00edvku vyl\u00e1kal na proch\u00e1zku kolem \u0159eky s t\u00edm, \u017ee cestou odnese v\u011bci zn\u00e1m\u00e9mu. Jeliko\u017e se d\u00edvka s mlad\u00edkem n\u011bjakou dobu znala, souhlasila. Po chv\u00edli mu\u017e ne\u010dekan\u011b zm\u011bnil sm\u011br a zabo\u010dil do nedalek\u00e9ho les\u00edku. Tam d\u00edvce sv\u00e1zal ruce, p\u0159elepil \u00fasta a zn\u00e1silnil ji. N\u00e1sledn\u011b j\u00ed zp\u016fsobil je\u0161t\u011b \u0159ezn\u00e9 zran\u011bn\u00ed a vyhro\u017eoval j\u00ed smrt\u00ed. Pot\u00e9 ji zabalil do pytle, shodil ze sr\u00e1zu do lesa a ode\u0161el<\/em>,\u201d popsala d\u011bsiv\u00e9 okam\u017eiky tiskov\u00e1 mluv\u010d\u00ed policie a pokra\u010dovala: \u201c<em>D\u00edvce, kter\u00e1 p\u0159edst\u00edrala smrt, \u010d\u00edm\u017e si z\u0159ejm\u011b zachr\u00e1nila \u017eivot, se poda\u0159ilo z m\u00edsta dostat a zavolat Zdravotnickou z\u00e1chrannou slu\u017ebu, kter\u00e1 o situaci ihned vyrozum\u011bla policii.<\/em>\u201c<\/p>\n<h6><span style=\"font-size: 18pt;\">\u010cesk\u00fd ministr vnitra vystartoval na Okamuru, \u017ee pr\u00fd se nesm\u00ed vina h\u00e1zet na v\u0161echny Ukrajince. Je zaj\u00edmav\u00e9, \u017ee v p\u0159\u00edpad\u011b rusk\u00fdch ob\u010dan\u016f ale Fialova vl\u00e1da h\u00e1z\u00ed vinu za v\u00e1lku na v\u0161echny Rusy<\/span><\/h6>\n<p>Naprosto skand\u00e1ln\u00ed je potom p\u0159\u00edstup, kter\u00fd zvolil ministr vnitra V\u00edt Raku\u0161an. Ten se toti\u017e na Twitteru naprosto nepochopiteln\u011b op\u0159el do Tomia Okamury, kter\u00fd m.j. vyj\u00e1d\u0159il nad\u011bji, \u017ee pachatel bude po v\u00fdkonu trestu z \u010cR deportovan\u00fd pry\u010d z republiky, ale to podle v\u0161eho nebude.\u00a0<strong>Rychetsk\u00e9ho \u00fastavn\u00ed soud toti\u017e p\u0159ijal skand\u00e1ln\u00ed rozhodnut\u00ed s odvol\u00e1n\u00edm na Lisabonskou smlouvu a s n\u00ed spojenou Evropskou listinu ob\u010dansk\u00fdch pr\u00e1v a svobod.<\/strong><\/p>\n<p><em>SPD prosazuje, aby cizinc\u016fm, kte\u0159\u00ed jsou odsouzeni za trestn\u00fd \u010din, bylo ukon\u010deno povolen\u00ed k pobytu v \u010cR. Bohu\u017eel tomu tak v sou\u010dasnosti nen\u00ed, jeliko\u017e to neumo\u017e\u0148uj\u00ed pravidla EU. A Fialova vl\u00e1da pln\u011b tuto politiku EU podporuje. Tak\u017ee pachatel\u00e9 odporn\u00fdch trestn\u00fdch \u010din\u016f jako je brut\u00e1ln\u00ed zn\u00e1siln\u011bn\u00ed a pokus o vra\u017edu \u010desk\u00e9 15let\u00e9 d\u00edvky v Plzni, kter\u00e9 tento t\u00fdden sp\u00e1chal 18let\u00fd Ukrajinec, mohou i po uplynut\u00ed trestu nad\u00e1le z\u016fstat leg\u00e1ln\u011b v \u010cR. To je pro SPD nep\u0159ijateln\u00e9<\/em>,\u201c uvedl Okamura.<\/p>\n<p>&nbsp;<\/p>\n<div class=\"twitter-tweet twitter-tweet-rendered\"><iframe id=\"twitter-widget-0\" class=\"\" title=\"Twitter Tweet\" src=\"https:\/\/platform.twitter.com\/embed\/Tweet.html?dnt=true&amp;embedId=twitter-widget-0&amp;features=eyJ0ZndfdGltZWxpbmVfbGlzdCI6eyJidWNrZXQiOltdLCJ2ZXJzaW9uIjpudWxsfSwidGZ3X2ZvbGxvd2VyX2NvdW50X3N1bnNldCI6eyJidWNrZXQiOnRydWUsInZlcnNpb24iOm51bGx9LCJ0ZndfdHdlZXRfZWRpdF9iYWNrZW5kIjp7ImJ1Y2tldCI6Im9uIiwidmVyc2lvbiI6bnVsbH0sInRmd19yZWZzcmNfc2Vzc2lvbiI6eyJidWNrZXQiOiJvbiIsInZlcnNpb24iOm51bGx9LCJ0ZndfZm9zbnJfc29mdF9pbnRlcnZlbnRpb25zX2VuYWJsZWQiOnsiYnVja2V0Ijoib24iLCJ2ZXJzaW9uIjpudWxsfSwidGZ3X21peGVkX21lZGlhXzE1ODk3Ijp7ImJ1Y2tldCI6InRyZWF0bWVudCIsInZlcnNpb24iOm51bGx9LCJ0ZndfZXhwZXJpbWVudHNfY29va2llX2V4cGlyYXRpb24iOnsiYnVja2V0IjoxMjA5NjAwLCJ2ZXJzaW9uIjpudWxsfSwidGZ3X3Nob3dfYmlyZHdhdGNoX3Bpdm90c19lbmFibGVkIjp7ImJ1Y2tldCI6Im9uIiwidmVyc2lvbiI6bnVsbH0sInRmd19kdXBsaWNhdGVfc2NyaWJlc190b19zZXR0aW5ncyI6eyJidWNrZXQiOiJvbiIsInZlcnNpb24iOm51bGx9LCJ0ZndfdXNlX3Byb2ZpbGVfaW1hZ2Vfc2hhcGVfZW5hYmxlZCI6eyJidWNrZXQiOiJvbiIsInZlcnNpb24iOm51bGx9LCJ0ZndfdmlkZW9faGxzX2R5bmFtaWNfbWFuaWZlc3RzXzE1MDgyIjp7ImJ1Y2tldCI6InRydWVfYml0cmF0ZSIsInZlcnNpb24iOm51bGx9LCJ0ZndfbGVnYWN5X3RpbWVsaW5lX3N1bnNldCI6eyJidWNrZXQiOnRydWUsInZlcnNpb24iOm51bGx9LCJ0ZndfdHdlZXRfZWRpdF9mcm9udGVuZCI6eyJidWNrZXQiOiJvbiIsInZlcnNpb24iOm51bGx9fQ%3D%3D&amp;frame=false&amp;hideCard=false&amp;hideThread=false&amp;id=1690261104373485568&amp;lang=cs&amp;origin=https%3A%2F%2Faeronet.news%2Fteprve-16-lety-ukrajinec-zautocil-v-praze-a-pokusil-se-o-znasilneni-38-lete-zeny-po-brutalnim-pokusu-o-vrazdu-15-lete-znasilnene-a-okradene-ceske-divky-v-plzni-jde-jiz-o-druhy-utok-ukrajince%2F&amp;sessionId=89984832efd501bc041e4243ddc14938cafb2d87&amp;theme=light&amp;widgetsVersion=aaf4084522e3a%3A1674595607486&amp;width=550px\" frameborder=\"0\" scrolling=\"no\" allowfullscreen=\"allowfullscreen\" data-tweet-id=\"1690261104373485568\" data-mce-fragment=\"1\"><\/iframe><\/div>\n<p>&nbsp;<\/p>\n<p>Podle Okamury mohou cizinci po odpyk\u00e1n\u00ed trestu v\u00a0\u010cR i nad\u00e1le z\u016fstat a pokra\u010dovat v\u00a0trestn\u00e9 \u010dinnosti. \u00dastavn\u00ed soud v roce 2020 nap\u0159\u00edklad vyhov\u011bl st\u00ed\u017enosti Vietnamce odsouzen\u00e9ho za drogovou trestnou \u010dinnost. V roce 2016 Vietnamec dostal dvoulet\u00fd nepodm\u00edn\u011bn\u00fd trest v\u011bzen\u00ed za v\u00fdrobu a distribuci drog. Ministerstvo vnitra v roce 2018 zru\u0161ilo Vietnamcovi povolen\u00ed k trval\u00e9mu pobytu. Trestnou \u010dinnost, kter\u00e9 se dopustil, \u00fa\u0159ady ozna\u010dily za trvaj\u00edc\u00ed ohro\u017een\u00ed ve\u0159ejn\u00e9ho po\u0159\u00e1dku. Mu\u017e neusp\u011bl ani se spr\u00e1vn\u00ed \u017ealobou. Jeho st\u00ed\u017enosti ale vyhov\u011bl \u00dastavn\u00ed soud, kter\u00fd ve sv\u00e9m n\u00e1lezu p\u0159edest\u0159el v\u00fdklad sm\u011brnice EU o svobodn\u00e9m pohybu a pobytu na \u00fazem\u00ed \u010dlensk\u00fdch st\u00e1t\u016f.<\/p>\n<h6><span style=\"font-size: 18pt;\">Po odpyk\u00e1n\u00ed trestu bude moci Ukrajinec na z\u00e1klad\u011b Rychetsk\u00e9ho judik\u00e1tu \u00daS z\u016fstat v \u010cR<\/span><\/h6>\n<p>Svobodn\u00fd pohyb na \u00fazem\u00ed EU je podle Lisabonsk\u00e9 smlouvy lidsk\u00fdm pr\u00e1vem, kter\u00e9 se nem\u016f\u017ee pou\u017e\u00edvat jako p\u0159edm\u011bt sankc\u00ed v\u016f\u010di jedinci. Je mo\u017en\u00e9 zav\u0159\u00edt cizince za distribuci drog, ale nen\u00ed mo\u017en\u00e9 ho zbavit pr\u00e1va na pobyt v EU, nebo\u0165 to je p\u0159edm\u011btem lidsk\u00e9ho pr\u00e1va garantovan\u00e9ho v Evropsk\u00e9 listin\u011b. Pane\u010dku, tomu se \u0159\u00edk\u00e1 \u201cvyjebat\u201d s vlastn\u00edm n\u00e1rodem. A na Okamurovu v\u00fdzvu k deportaci Ukrajince zareagoval ministr vnitra t\u011bmito slovy:<\/p>\n<p><em>Obchodoval v\u017edycky se v\u0161\u00edm. Dokud to byly z\u00e1jezdy pro ply\u0161\u00e1ky, byl to jen sm\u011b\u0161n\u00fd podiv\u00edn. Kdy\u017e za\u010dal rozprod\u00e1vat politick\u00e9 strany, pov\u00fd\u0161il na \u0161ejd\u00ed\u0159e n\u00e1rodn\u00edho form\u00e1tu. Kdy\u017e ale p\u0159i\u0161el na to, \u017ee nejlep\u0161\u00edm zbo\u017e\u00edm je strach, stal se v\u016fdcem parlamentn\u00edho fa\u0161istick\u00e9ho hnut\u00ed. Motat n\u00e1rodoveckou notu do odporn\u00e9ho zlo\u010dinu, to je skute\u010dn\u00fd projev lidsk\u00e9 zr\u016fdy a hyeny.<\/em><\/p>\n<p>Tohle prohl\u00e1sil ministr vnitra o Okamurovi za to, \u017ee si dovolil navrhnout deportaci ukrajinsk\u00e9ho zlo\u010dince po odpyk\u00e1n\u00ed trestu zp\u00e1tky na Ukrajinu. Pane\u010dku, to je ukrajinizace vnitra jako \u0159emen! Je zaj\u00edmav\u00e9, \u017ee o obchodov\u00e1n\u00ed se strachem p\u00ed\u0161e zrovna V\u00edt Raku\u0161an, kter\u00fd na budovu vlastn\u00edho \u00fa\u0159adu vyv\u011bsil vlajku s rusk\u00fdm prezidentem v pytli na mrtvoly\u00a0<strong>[<a href=\"https:\/\/aeronet.news\/advokat-a-obhajce-tomase-cermaka-sdelil-redakci-aeronetu-sokujici-informace-patrik-tusl-jako-politicky-vezen-fialova-rezimu-zahajil-hladovku-a-byl-prevezen-do-vezenske-nemocnice\/\">3<\/a>]<\/strong>\u00a0a jeho\u017e nad\u0159\u00edzen\u00fd premi\u00e9r Petr Fiala neust\u00e1le stra\u0161\u00ed, \u017ee jsme ve v\u00e1lce a \u017ee v\u0161ude je p\u0159\u00edtomn\u00e1 rusk\u00e1 hrozba. Ukrajinci se prost\u011b v \u010cR za\u010d\u00ednaj\u00ed projevovat jako u sebe doma na Ukrajin\u011b.<\/p>\n<p><strong>Fialova vl\u00e1da nezvl\u00e1dla migra\u010dn\u00ed krizi z Ukrajiny a dokonce aktivn\u011b ji podporuje formou ukrajinizace \u010cR, vyv\u011b\u0161ov\u00e1n\u00edm ukrajinsk\u00fdch vlajek na st\u00e1tn\u00ed a \u00fa\u0159edn\u00ed budovy a dal\u0161\u00edmi procesy.<\/strong>\u00a0V\u00fdsledkem jsou statis\u00edce ukrajinsk\u00fdch migrant\u016f, kte\u0159\u00ed p\u0159ekresluj\u00ed demografii \u010desk\u00fdch m\u011bst a indukuj\u00ed do \u010desk\u00e9 spole\u010dnosti projevy spojen\u00e9 s vysokou kriminalitou z\u00e1va\u017en\u00e9ho charakteru, proto\u017ee do \u010cR p\u0159i\u0161ly statis\u00edce neprov\u011b\u0159en\u00fdch osob z cel\u00e9 Ukrajiny. Konflikty s ukrajinsk\u00fdmi uprchl\u00edky se za\u010d\u00ednaj\u00ed navy\u0161ovat, a to nejen v \u010cR, ale v cel\u00e9 Evrop\u011b.<\/p>\n<h6><span style=\"font-size: 18pt;\">Kdy\u017e mohou Ukrajinky s mal\u00fdmi d\u011btmi trajdat na dovolenou a na pr\u00e1zdniny na Ukrajinu, mohou se tam vr\u00e1tit natrvalo do ute\u010deneck\u00fdch t\u00e1bor\u016f<\/span><\/h6>\n<p>P\u0159itom pro ukrajinskou emigraci pominuly d\u016fvody. Na z\u00e1padn\u00ed Ukrajin\u011b, resp. na z\u00e1pad od prostoru Novoruska a Dn\u011bpru je relativn\u011b bezpe\u010dno a jak p\u0159inesla informaci \u010desk\u00e1 m\u00e9dia\u00a0<strong>[<a href=\"https:\/\/href.li\/?https:\/\/www.seznamzpravy.cz\/clanek\/domaci-zivot-v-cesku-jizdenka-na-ukrajinu-spoje-jsou-vyprodane-na-tydny-dopredu-233554\" target=\"_blank\" rel=\"nofollow noopener\">4<\/a>]<\/strong>\u00a0po\u010d\u00e1tkem pr\u00e1zdnin, des\u00edtky tis\u00edc Ukrajinc\u016f vyrazily na dovolenou do sv\u00e9 zem\u011b, a to za pomoci \u010cesk\u00fdch drah, RegioJetu a dal\u0161\u00edch dopravc\u016f. Maminy s d\u011btmi, ale i ukrajin\u0161t\u00ed mu\u017ei, vyu\u017eili nab\u00eddek dopravc\u016f a vyrazili vlaky do m\u011bst na z\u00e1padn\u00ed Ukrajin\u011b, ale dokonce a\u017e do Kyjeva.<\/p>\n<p>Zamyslete se sami:\u00a0<strong>Kdyby na Ukrajin\u011b bylo nebezpe\u010dno, jezdily by tam v\u00fdletn\u00ed vlaky \u010desk\u00fdch drah? A jezdily by tam ukrajinsk\u00e9 matky se sv\u00fdmi d\u011btmi?<\/strong>\u00a0Odpov\u011b\u010f je logick\u00e1 a jasn\u00e1. Samoz\u0159ejm\u011b, \u017ee ani omylem a ani n\u00e1hodou. Pokud by na z\u00e1padn\u00ed Ukrajin\u011b byl stav podobn\u00fd v\u00e1lce, tedy nebezpe\u010dn\u00e1 z\u00f3na, nejezdily by tam ani \u010desk\u00e9 vlaky, ani ukrajinsk\u00e9 maminy s d\u011btmi. Jin\u00fdmi slovy, je na\u010dase, aby Ukrajinci opustili Evropskou unii a vr\u00e1tili se zp\u00e1tky na Ukrajinu, minim\u00e1ln\u011b do z\u00e1padn\u00ed \u010d\u00e1sti.<\/p>\n<figure id=\"attachment_56626\" class=\"wp-caption aligncenter\" style=\"width: 691px;\"><a href=\"https:\/\/aeronet.news\/wp-content\/uploads\/AFAD_Kilis_kamp.jpg\"><img decoding=\"async\" loading=\"lazy\" class=\"wp-image-56626 \" src=\"https:\/\/aeronet.news\/wp-content\/uploads\/AFAD_Kilis_kamp-1024x680.jpg\" sizes=\"(max-width: 700px) 100vw, 700px\" srcset=\"https:\/\/aeronet.news\/wp-content\/uploads\/AFAD_Kilis_kamp-1024x680.jpg 1024w, https:\/\/aeronet.news\/wp-content\/uploads\/AFAD_Kilis_kamp-300x199.jpg 300w, https:\/\/aeronet.news\/wp-content\/uploads\/AFAD_Kilis_kamp-768x510.jpg 768w, https:\/\/aeronet.news\/wp-content\/uploads\/AFAD_Kilis_kamp-700x465.jpg 700w, https:\/\/aeronet.news\/wp-content\/uploads\/AFAD_Kilis_kamp-100x65.jpg 100w, https:\/\/aeronet.news\/wp-content\/uploads\/AFAD_Kilis_kamp-538x357.jpg 538w, https:\/\/aeronet.news\/wp-content\/uploads\/AFAD_Kilis_kamp-727x483.jpg 727w, https:\/\/aeronet.news\/wp-content\/uploads\/AFAD_Kilis_kamp.jpg 1280w\" alt=\"\" width=\"691\" height=\"459\" \/><\/a><figcaption class=\"wp-caption-text\">Uprchlick\u00fd t\u00e1bor v Turecku vybudovan\u00fd z pen\u011bz EU pro syrsk\u00e9 migranty<\/figcaption><\/figure>\n<p>Ubytovac\u00ed kapacity by mohly zajistit uprchlick\u00e9 t\u00e1bory pod mand\u00e1tem EU, p\u0159\u00edpadn\u011b OSN, kter\u00e9 by byly vybudov\u00e1ny na z\u00e1padn\u00ed Ukrajin\u011b a finan\u010dn\u011b by je mohla subvencovat Evropsk\u00e1 komise stejn\u011b, jako to d\u011bl\u00e1 v p\u0159\u00edpad\u011b uprchlick\u00fdch t\u00e1bor\u016f v Turecku, kter\u00e9 zadr\u017euj\u00ed migranty p\u0159ed cestou do EU. Brusel za to plat\u00ed miliardy EUR, konkr\u00e9tn\u011b v roce 2020 byla dohoda mezi EU a Ankarou prodlou\u017eena a Brusel poskytl Turecku alokaci 6 miliard EUR na uprchl\u00edky v Turecku. Erdoganova vl\u00e1da tak inkasuje tu\u010dn\u00e9 pen\u00edze za to, \u017ee se star\u00e1 o migranty, kte\u0159\u00ed si to nam\u00ed\u0159ili do Evropy.<\/p>\n<h6><span style=\"font-size: 18pt;\">Evropsk\u00e1 unie strk\u00e1 Erdoganovi 6 miliard EUR za provoz uprchlick\u00fdch t\u00e1bor\u016f v Turecku, tak by Brusel mohl klidn\u011b zafinancovat i tyt\u00e9\u017e t\u00e1bory pro Ukrajince na z\u00e1padn\u00ed Ukrajin\u011b<\/span><\/h6>\n<p>A proto\u017ee 6 miliard EUR nebylo dost, tak v roce 2021 nav\u00fd\u0161ila EU finan\u010dn\u00ed r\u00e1mec o dal\u0161\u00ed 3 miliardy EUR nav\u00edc. Kdy\u017e tedy Evropsk\u00e1 unie m\u016f\u017ee financovat\u00a0<strong>[<a href=\"https:\/\/href.li\/?https:\/\/neighbourhood-enlargement.ec.europa.eu\/enlargement-policy\/turkiye\/eu-support-refugees-turkiye_en\" target=\"_blank\" rel=\"nofollow noopener\">5<\/a>]<\/strong>\u00a0uprchlick\u00e9 t\u00e1bory v Turecku na to, aby se arab\u0161t\u00ed migranti nedostali do EU, tak by mohla zafinancovat i ukrajinsk\u00e9 uprchlick\u00e9 t\u00e1bory vybudovan\u00e9 na Hali\u010di, kde je bezpe\u010dno a bylo by mo\u017en\u00e9 tam zadr\u017eovat miliony Ukrajinc\u016f p\u0159ed migrac\u00ed do EU, kde jejich nezvl\u00e1dnut\u00e1 migra\u010dn\u00ed krize vyvol\u00e1v\u00e1 ji\u017e dnes bezpe\u010dnostn\u00ed hrozby.<\/p>\n<p>A to jak z\u00e1va\u017enou kriminalitu, tak i vzestup po\u010dtu konflikt\u016f mezi m\u00edstn\u00edm obyvatelstvem a nezvl\u00e1dnutou z\u00e1plavou ukrajinsk\u00fdch uprchl\u00edk\u016f. Je na\u010dase p\u0159edat Ukrajince do p\u00e9\u010de Zelensk\u00e9ho vl\u00e1d\u011b.\u00a0<strong>Pokud nedojde k odsunu ukrajinsk\u00fdch migrant\u016f z EU, tyto brut\u00e1ln\u00ed a n\u00e1siln\u00e9 \u00fatoky se budou kumulovat a zesilovat stejn\u011b, jako to vid\u00edme v\u0161ude v z\u00e1padn\u00ed Evrop\u011b ve velk\u00fdch metropol\u00edch<\/strong>, kde kriminalita v \u0159ad\u00e1ch pro zm\u011bnu arabsk\u00fdch migrant\u016f mnohon\u00e1sobn\u011b p\u0159ekra\u010duje kriminalitu m\u00edstn\u00edho z\u00e1padn\u00edho obyvatelstva.<\/p>\n<figure id=\"attachment_53448\" class=\"wp-caption aligncenter\" style=\"width: 659px;\"><a href=\"https:\/\/aeronet.news\/wp-content\/uploads\/VitRakusanUAsupport.jpg\"><img decoding=\"async\" loading=\"lazy\" class=\"wp-image-53448 \" src=\"https:\/\/aeronet.news\/wp-content\/uploads\/VitRakusanUAsupport-1024x768.jpg\" sizes=\"(max-width: 700px) 100vw, 700px\" srcset=\"https:\/\/aeronet.news\/wp-content\/uploads\/VitRakusanUAsupport-1024x768.jpg 1024w, https:\/\/aeronet.news\/wp-content\/uploads\/VitRakusanUAsupport-300x225.jpg 300w, https:\/\/aeronet.news\/wp-content\/uploads\/VitRakusanUAsupport-768x576.jpg 768w, https:\/\/aeronet.news\/wp-content\/uploads\/VitRakusanUAsupport-700x525.jpg 700w, https:\/\/aeronet.news\/wp-content\/uploads\/VitRakusanUAsupport-476x357.jpg 476w, https:\/\/aeronet.news\/wp-content\/uploads\/VitRakusanUAsupport-644x483.jpg 644w, https:\/\/aeronet.news\/wp-content\/uploads\/VitRakusanUAsupport.jpg 1280w\" alt=\"\" width=\"659\" height=\"494\" \/><\/a><figcaption class=\"wp-caption-text\">Meme \u2013 V\u00edt Raku\u0161an: Jsem ministr vnitra tohoto st\u00e1tu, je ti to jasn\u00fd? Slava Ukraini!<\/figcaption><\/figure>\n<p>Tato kriminalita je p\u0159itom \u00fazce nav\u00e1z\u00e1na na nezvl\u00e1dnutou migra\u010dn\u00ed politiku hostitelsk\u00e9 zem\u011b, na soci\u00e1ln\u00ed in\u017een\u00fdrstv\u00ed neomarxistick\u00e9 EU, na nadm\u011brnou migraci, n\u00edzkou adaptabilitu a integraci uprchl\u00edk\u016f do m\u00edstn\u00ed kultury a p\u0159edev\u0161\u00edm prvky\u00a0<em>ghettizace<\/em>, kdy migranti se nam\u00edsto inkluze naopak vymezuj\u00ed proti m\u00edstn\u00ed populaci a proti m\u00edstn\u00edmu spole\u010densk\u00e9mu syst\u00e9mu, kter\u00fdm opovrhuj\u00ed. Migraci v takov\u00fdch po\u010dtech nezvl\u00e1dla ani Francie, ani N\u011bmecko, ani \u0160v\u00e9dsko, co\u017e jsou zem\u011b s diametr\u00e1ln\u011b siln\u011bj\u0161\u00edmi ekonomikami, ne\u017e jakou m\u00e1 \u010cR. Pravd\u011bpodobnost, \u017ee v \u010cR bude m\u00edt Fialovou vl\u00e1dou zcela nezvl\u00e1dnut\u00e1 migrace lep\u0161\u00ed v\u00fdsledky ne\u017e v t\u011bchto z\u00e1padn\u00edch zem\u00edch, je tud\u00ed\u017e naprosto iluzorn\u00ed. Jedinou cestou je navr\u00e1cen\u00ed Ukrajinc\u016f dom\u016f, a to do\u010dasn\u011b do uprchlick\u00fdch t\u00e1bor\u016f na z\u00e1padn\u00ed Ukrajin\u011b s asistenc\u00ed EU a OSN, ne\u017e dojde k ukon\u010den\u00ed v\u00e1lky.<\/p>\n<p><a href=\"https:\/\/aeronet.news\/teprve-16-lety-ukrajinec-zautocil-v-praze-a-pokusil-se-o-znasilneni-38-lete-zeny-po-brutalnim-pokusu-o-vrazdu-15-lete-znasilnene-a-okradene-ceske-divky-v-plzni-jde-jiz-o-druhy-utok-ukrajince\/\">-VK- \u0160\u00e9fredaktor AE News<\/a><\/p>\n<p>&nbsp;<\/p>\n<p><img decoding=\"async\" loading=\"lazy\" class=\"wp-image-33819 aligncenter\" src=\"http:\/\/www.infokuryr.cz\/n\/wp-content\/uploads\/2023\/08\/ces1-300x157.jpg\" alt=\"\" width=\"1338\" height=\"700\" srcset=\"https:\/\/www.infokuryr.cz\/n\/wp-content\/uploads\/2023\/08\/ces1-300x157.jpg 300w, https:\/\/www.infokuryr.cz\/n\/wp-content\/uploads\/2023\/08\/ces1-1024x536.jpg 1024w, https:\/\/www.infokuryr.cz\/n\/wp-content\/uploads\/2023\/08\/ces1-768x402.jpg 768w, https:\/\/www.infokuryr.cz\/n\/wp-content\/uploads\/2023\/08\/ces1.jpg 1200w\" sizes=\"(max-width: 1338px) 100vw, 1338px\" \/><\/p>\n<p>&nbsp;<\/p>\n<p><a href=\"https:\/\/stranapro.cz\/\"><img decoding=\"async\" loading=\"lazy\" class=\"wp-image-30218 aligncenter\" src=\"http:\/\/www.infokuryr.cz\/n\/wp-content\/uploads\/2023\/06\/PRO-banner-300x36.png\" alt=\"\" width=\"1350\" height=\"162\" srcset=\"https:\/\/www.infokuryr.cz\/n\/wp-content\/uploads\/2023\/06\/PRO-banner-300x36.png 300w, https:\/\/www.infokuryr.cz\/n\/wp-content\/uploads\/2023\/06\/PRO-banner-768x93.png 768w, https:\/\/www.infokuryr.cz\/n\/wp-content\/uploads\/2023\/06\/PRO-banner.png 849w\" sizes=\"(max-width: 1350px) 100vw, 1350px\" \/><\/a><\/p>\n<p>&nbsp;<\/p>\n<p>&nbsp;<\/p>\n<p>&nbsp;<\/p>\n","protected":false},"excerpt":{"rendered":"<p>Teprve 16-let\u00fd Ukrajinec za\u00fato\u010dil v Praze a pokusil se o zn\u00e1siln\u011bn\u00ed 38-let\u00e9 \u017eeny! Po brut\u00e1ln\u00edm&#8230;<\/p>\n","protected":false},"author":2,"featured_media":34049,"comment_status":"closed","ping_status":"closed","sticky":false,"template":"","format":"standard","meta":[],"categories":[6],"tags":[369,1032,5667,99,366],"_links":{"self":[{"href":"https:\/\/www.infokuryr.cz\/n\/wp-json\/wp\/v2\/posts\/34048"}],"collection":[{"href":"https:\/\/www.infokuryr.cz\/n\/wp-json\/wp\/v2\/posts"}],"about":[{"href":"https:\/\/www.infokuryr.cz\/n\/wp-json\/wp\/v2\/types\/post"}],"author":[{"embeddable":true,"href":"https:\/\/www.infokuryr.cz\/n\/wp-json\/wp\/v2\/users\/2"}],"replies":[{"embeddable":true,"href":"https:\/\/www.infokuryr.cz\/n\/wp-json\/wp\/v2\/comments?post=34048"}],"version-history":[{"count":0,"href":"https:\/\/www.infokuryr.cz\/n\/wp-json\/wp\/v2\/posts\/34048\/revisions"}],"wp:featuredmedia":[{"embeddable":true,"href":"https:\/\/www.infokuryr.cz\/n\/wp-json\/wp\/v2\/media\/34049"}],"wp:attachment":[{"href":"https:\/\/www.infokuryr.cz\/n\/wp-json\/wp\/v2\/media?parent=34048"}],"wp:term":[{"taxonomy":"category","embeddable":true,"href":"https:\/\/www.infokuryr.cz\/n\/wp-json\/wp\/v2\/categories?post=34048"},{"taxonomy":"post_tag","embeddable":true,"href":"https:\/\/www.infokuryr.cz\/n\/wp-json\/wp\/v2\/tags?post=34048"}],"curies":[{"name":"wp","href":"https:\/\/api.w.org\/{rel}","templated":true}]}}