{"id":34025,"date":"2023-08-14T01:05:22","date_gmt":"2023-08-13T23:05:22","guid":{"rendered":"http:\/\/www.infokuryr.cz\/n\/?p=34025"},"modified":"2023-08-13T17:10:38","modified_gmt":"2023-08-13T15:10:38","slug":"rusti-vojaci-zastavili-plavidlo-v-cernem-mori-ktere-mirilo-na-ukrajinu-a-nereagovalo-na-varovani","status":"publish","type":"post","link":"https:\/\/www.infokuryr.cz\/n\/2023\/08\/14\/rusti-vojaci-zastavili-plavidlo-v-cernem-mori-ktere-mirilo-na-ukrajinu-a-nereagovalo-na-varovani\/","title":{"rendered":"Ru\u0161t\u00ed voj\u00e1ci zastavili plavidlo v \u010cern\u00e9m mo\u0159i, kter\u00e9 m\u00ed\u0159ilo na Ukrajinu a nereagovalo na varov\u00e1n\u00ed"},"content":{"rendered":"<div id=\"fb-root\"><\/div>\n<p><strong>MInisterstvo obrany RF informovalo o tom, \u017ee rusk\u00e9 ozbrojen\u00e9 s\u00edly zastavily plavidlo v jihoz\u00e1padn\u00ed \u010d\u00e1st\u00ed \u010cern\u00e9ho mo\u0159e, kter\u00e9 m\u00ed\u0159ilo na Ukrajinu a nereagovalo na varov\u00e1n\u00ed<\/strong><\/p>\n<p>Obrann\u00fd resort uvedl, \u017ee 13. srpna p\u0159ibli\u017en\u011b v 06:40 moskevsk\u00e9ho \u010dasu (05:40 SEL\u010c) v jihoz\u00e1padn\u00ed \u010d\u00e1sti \u010cern\u00e9ho mo\u0159e hl\u00eddkov\u00e1 lo\u010f \u010cernomo\u0159sk\u00e9ho lo\u010fstva Vasilij Bykov objevila suchou n\u00e1kladn\u00ed lo\u010f Sukra Okan pod vlajkou Palau, kter\u00e1 m\u00ed\u0159ila do ukrajinsk\u00e9ho p\u0159\u00edstavu Izmail.<\/p>\n<p>Kapit\u00e1n lodi nereagoval na v\u00fdzvu zastavit lo\u010f za \u00fa\u010delem kontroly p\u0159epravovan\u00e9ho zbo\u017e\u00ed, proto z rusk\u00e9 v\u00e1le\u010dn\u00e9 lodi byla zah\u00e1jena varovn\u00e1 palba z automatick\u00fdch ru\u010dn\u00edch zbran\u00ed.<\/p>\n<p>N\u00e1sledn\u011b za \u00fa\u010delem prohl\u00eddky n\u00e1kladn\u00ed lodi byl vysl\u00e1n vrtuln\u00edk Ka-2 se skupinou rusk\u00fdch voj\u00e1k\u016f. Po nav\u00e1z\u00e1n\u00ed komunikace radiokomunika\u010dn\u00edmi prost\u0159edky se n\u00e1kladn\u00ed lo\u010f nakonec zastavila a inspek\u010dn\u00ed t\u00fdm p\u0159ist\u00e1l na palub\u011b.<\/p>\n<p>Podot\u00fdk\u00e1 se, \u017ee po dokon\u010den\u00ed kontroly lo\u010f Sukra Okan pokra\u010dovala v plavb\u011b do p\u0159\u00edstavu Izmail.<\/p>\n<p><img decoding=\"async\" loading=\"lazy\" class=\"alignnone size-full wp-image-1185\" src=\"http:\/\/www.infokuryr.cz\/n\/wp-content\/uploads\/2021\/04\/kuryr-podpis.png\" alt=\"\" width=\"84\" height=\"24\" \/><\/p>\n<p>&nbsp;<\/p>\n<p><img decoding=\"async\" loading=\"lazy\" class=\"wp-image-33819 aligncenter\" src=\"http:\/\/www.infokuryr.cz\/n\/wp-content\/uploads\/2023\/08\/ces1-300x157.jpg\" alt=\"\" width=\"1347\" height=\"705\" srcset=\"https:\/\/www.infokuryr.cz\/n\/wp-content\/uploads\/2023\/08\/ces1-300x157.jpg 300w, https:\/\/www.infokuryr.cz\/n\/wp-content\/uploads\/2023\/08\/ces1-1024x536.jpg 1024w, https:\/\/www.infokuryr.cz\/n\/wp-content\/uploads\/2023\/08\/ces1-768x402.jpg 768w, https:\/\/www.infokuryr.cz\/n\/wp-content\/uploads\/2023\/08\/ces1.jpg 1200w\" sizes=\"(max-width: 1347px) 100vw, 1347px\" \/><\/p>\n<p>&nbsp;<\/p>\n<p><a href=\"https:\/\/stranapro.cz\/\"><img decoding=\"async\" loading=\"lazy\" class=\"wp-image-30218 aligncenter\" src=\"http:\/\/www.infokuryr.cz\/n\/wp-content\/uploads\/2023\/06\/PRO-banner-300x36.png\" alt=\"\" width=\"1350\" height=\"162\" srcset=\"https:\/\/www.infokuryr.cz\/n\/wp-content\/uploads\/2023\/06\/PRO-banner-300x36.png 300w, https:\/\/www.infokuryr.cz\/n\/wp-content\/uploads\/2023\/06\/PRO-banner-768x93.png 768w, https:\/\/www.infokuryr.cz\/n\/wp-content\/uploads\/2023\/06\/PRO-banner.png 849w\" sizes=\"(max-width: 1350px) 100vw, 1350px\" \/><\/a><\/p>\n<p>&nbsp;<\/p>\n<p>&nbsp;<\/p>\n<p>&nbsp;<\/p>\n","protected":false},"excerpt":{"rendered":"<p>MInisterstvo obrany RF informovalo o tom, \u017ee rusk\u00e9 ozbrojen\u00e9 s\u00edly zastavily plavidlo v jihoz\u00e1padn\u00ed \u010d\u00e1st\u00ed&#8230;<\/p>\n","protected":false},"author":2,"featured_media":33547,"comment_status":"closed","ping_status":"closed","sticky":false,"template":"","format":"standard","meta":[],"categories":[7],"tags":[628,2320,697,22],"_links":{"self":[{"href":"https:\/\/www.infokuryr.cz\/n\/wp-json\/wp\/v2\/posts\/34025"}],"collection":[{"href":"https:\/\/www.infokuryr.cz\/n\/wp-json\/wp\/v2\/posts"}],"about":[{"href":"https:\/\/www.infokuryr.cz\/n\/wp-json\/wp\/v2\/types\/post"}],"author":[{"embeddable":true,"href":"https:\/\/www.infokuryr.cz\/n\/wp-json\/wp\/v2\/users\/2"}],"replies":[{"embeddable":true,"href":"https:\/\/www.infokuryr.cz\/n\/wp-json\/wp\/v2\/comments?post=34025"}],"version-history":[{"count":0,"href":"https:\/\/www.infokuryr.cz\/n\/wp-json\/wp\/v2\/posts\/34025\/revisions"}],"wp:featuredmedia":[{"embeddable":true,"href":"https:\/\/www.infokuryr.cz\/n\/wp-json\/wp\/v2\/media\/33547"}],"wp:attachment":[{"href":"https:\/\/www.infokuryr.cz\/n\/wp-json\/wp\/v2\/media?parent=34025"}],"wp:term":[{"taxonomy":"category","embeddable":true,"href":"https:\/\/www.infokuryr.cz\/n\/wp-json\/wp\/v2\/categories?post=34025"},{"taxonomy":"post_tag","embeddable":true,"href":"https:\/\/www.infokuryr.cz\/n\/wp-json\/wp\/v2\/tags?post=34025"}],"curies":[{"name":"wp","href":"https:\/\/api.w.org\/{rel}","templated":true}]}}