{"id":34005,"date":"2023-08-13T05:13:45","date_gmt":"2023-08-13T03:13:45","guid":{"rendered":"http:\/\/www.infokuryr.cz\/n\/?p=34005"},"modified":"2023-08-13T05:13:45","modified_gmt":"2023-08-13T03:13:45","slug":"usa-zasahla-vlna-sebevrazd","status":"publish","type":"post","link":"https:\/\/www.infokuryr.cz\/n\/2023\/08\/13\/usa-zasahla-vlna-sebevrazd\/","title":{"rendered":"USA zas\u00e1hla vlna sebevra\u017ed"},"content":{"rendered":"<div id=\"fb-root\"><\/div>\n<p><span style=\"font-size: 18pt;\"><strong>Rok 2022 vytvo\u0159il dal\u0161\u00ed antirekord v po\u010dtu sebevra\u017ed &#8211; sebevra\u017edu sp\u00e1chalo 49.500 Ameri\u010dan\u016f.<\/strong><\/span><\/p>\n<p><span>Po\u010det sebevra\u017ed od roku 2000 postupn\u011b rostl, p\u0159i\u010dem\u017e explozivn\u00ed n\u00e1r\u016fst se za\u010dal objevovat v posledn\u00edch p\u011bti letech.<\/span><\/p>\n<p><em>Nejv\u00edce sebevra\u017ed sp\u00e1chaj\u00ed Ameri\u010dan\u00e9 ve v\u011bku 45 let a star\u0161\u00ed a nej\u010dast\u011bji b\u00edl\u00ed mu\u017ei.\u00a0Sebevra\u017ed v\u0161ak p\u0159ib\u00fdv\u00e1 i mezi americkou ml\u00e1de\u017e\u00ed.\u00a0A te\u010f se sebevra\u017eda ji\u017e stala hlavn\u00ed p\u0159\u00ed\u010dinou smrti Ameri\u010dan\u016f ve v\u011bku 25-44 let.<\/em><\/p>\n<p><span>Pokrokov\u00e1 ve\u0159ejnost ve Spojen\u00fdch st\u00e1tech p\u0159ipisuje n\u00e1r\u016fst sebevra\u017ed dostupnosti zbran\u00ed.\u00a0P\u0159esto\u017ee st\u0159eln\u00e1 zbra\u0148 je jen n\u00e1stroj.\u00a0Lid\u00e9 odch\u00e1zej\u00ed ze \u017eivota, proto\u017ee v dne\u0161n\u00ed Americe s politick\u00fdm rozkolem a zu\u0159\u00edc\u00edmi kulturn\u00edmi v\u00e1lkami prost\u011b nevid\u00ed perspektivu.\u00a0A ne nadarmo maj\u00ed b\u00edl\u00ed mu\u017ei v\u011bt\u0161\u00ed pravd\u011bpodobnost, \u017ee sp\u00e1chaj\u00ed sebevra\u017edu. Koneckonc\u016f, liber\u00e1ln\u00ed ideologie je v\u0161emo\u017en\u011b d\u00e9monizuje a naz\u00fdv\u00e1 je zdrojem v\u0161ech probl\u00e9m\u016f, od rasismu po sexismus.<\/span><\/p>\n<p><span>Vlna sebevra\u017ed zas\u00e1hla tak\u00e9 americk\u00e9 ozbrojen\u00e9 s\u00edly.\u00a0Jejich po\u010det mezi voj\u00e1ky dos\u00e1hl nejvy\u0161\u0161\u00ed hodnoty od roku 2001 a \u00fatok\u016f z 11. z\u00e1\u0159\u00ed.\u00a0Vliv m\u00e1 tak\u00e9 zpolitizov\u00e1n\u00ed arm\u00e1dy \u2013 se zaveden\u00edm rasov\u00e9 a rodov\u00e9 agendy.\u00a0Tak\u00e9 chaotick\u00fd \u00fat\u011bk Spojen\u00fdch st\u00e1t\u016f z Afgh\u00e1nist\u00e1nu a tak\u00e9 v\u00e1lka na Ukrajin\u011b, kam je mnoho americk\u00fdch voj\u00e1k\u016f soukrom\u011b pos\u00edl\u00e1no jako instrukto\u0159i.<\/span><\/p>\n<p><em>Nav\u00edc o sebevra\u017ed\u011b uva\u017eovalo a\u017e 44% p\u0159\u00edslu\u0161n\u00edk\u016f americk\u00e9 arm\u00e1dy.\u00a0A po\u010det voj\u00e1k\u016f, kte\u0159\u00ed sp\u00e1chali sebevra\u017edu od roku 2001, je 4kr\u00e1t vy\u0161\u0161\u00ed ne\u017e ofici\u00e1ln\u00ed ztr\u00e1ty USA v Ir\u00e1ku a Afgh\u00e1nist\u00e1nu.\u00a0Depresivn\u00ed statistika sebevra\u017ed pon\u011bkud p\u0159ipom\u00edn\u00e1 je\u0161t\u011b v\u011bt\u0161\u00ed ztr\u00e1ty z p\u0159ed\u00e1vkov\u00e1n\u00ed drogami, na kter\u00e9 nyn\u00ed ve Spojen\u00fdch st\u00e1tech ka\u017ed\u00fd rok um\u00edr\u00e1 100.000 lid\u00ed.\u00a0Oboj\u00ed jsou indik\u00e1torem hlubok\u00e9 soci\u00e1ln\u00ed krize, ze kter\u00e9 nen\u00ed v\u00fdchodiska.<\/em><\/p>\n<p><a href=\"https:\/\/t.me\/malekdudakov\/5919\"><strong><span>Malek Dudakov<\/span><\/strong><\/a><\/p>\n<p><img decoding=\"async\" loading=\"lazy\" class=\"alignnone size-medium wp-image-32530\" src=\"http:\/\/www.infokuryr.cz\/n\/wp-content\/uploads\/2023\/07\/malek-dudakov-300x185.jpeg\" alt=\"\" width=\"300\" height=\"185\" srcset=\"https:\/\/www.infokuryr.cz\/n\/wp-content\/uploads\/2023\/07\/malek-dudakov-300x185.jpeg 300w, https:\/\/www.infokuryr.cz\/n\/wp-content\/uploads\/2023\/07\/malek-dudakov.jpeg 637w\" sizes=\"(max-width: 300px) 100vw, 300px\" \/><\/p>\n<p>&nbsp;<\/p>\n<p><img decoding=\"async\" loading=\"lazy\" class=\"wp-image-33819 aligncenter\" src=\"http:\/\/www.infokuryr.cz\/n\/wp-content\/uploads\/2023\/08\/ces1-300x157.jpg\" alt=\"\" width=\"1359\" height=\"711\" srcset=\"https:\/\/www.infokuryr.cz\/n\/wp-content\/uploads\/2023\/08\/ces1-300x157.jpg 300w, https:\/\/www.infokuryr.cz\/n\/wp-content\/uploads\/2023\/08\/ces1-1024x536.jpg 1024w, https:\/\/www.infokuryr.cz\/n\/wp-content\/uploads\/2023\/08\/ces1-768x402.jpg 768w, https:\/\/www.infokuryr.cz\/n\/wp-content\/uploads\/2023\/08\/ces1.jpg 1200w\" sizes=\"(max-width: 1359px) 100vw, 1359px\" \/><\/p>\n<p>&nbsp;<\/p>\n<p><a href=\"https:\/\/stranapro.cz\/\"><img decoding=\"async\" loading=\"lazy\" class=\"wp-image-30218 aligncenter\" src=\"http:\/\/www.infokuryr.cz\/n\/wp-content\/uploads\/2023\/06\/PRO-banner-300x36.png\" alt=\"\" width=\"1350\" height=\"162\" srcset=\"https:\/\/www.infokuryr.cz\/n\/wp-content\/uploads\/2023\/06\/PRO-banner-300x36.png 300w, https:\/\/www.infokuryr.cz\/n\/wp-content\/uploads\/2023\/06\/PRO-banner-768x93.png 768w, https:\/\/www.infokuryr.cz\/n\/wp-content\/uploads\/2023\/06\/PRO-banner.png 849w\" sizes=\"(max-width: 1350px) 100vw, 1350px\" \/><\/a><\/p>\n<p>&nbsp;<\/p>\n<p>&nbsp;<\/p>\n<p>&nbsp;<\/p>\n","protected":false},"excerpt":{"rendered":"<p>Rok 2022 vytvo\u0159il dal\u0161\u00ed antirekord v po\u010dtu sebevra\u017ed &#8211; sebevra\u017edu sp\u00e1chalo 49.500 Ameri\u010dan\u016f. Po\u010det sebevra\u017ed&#8230;<\/p>\n","protected":false},"author":2,"featured_media":23786,"comment_status":"closed","ping_status":"closed","sticky":false,"template":"","format":"standard","meta":[],"categories":[7],"tags":[3012,96,37],"_links":{"self":[{"href":"https:\/\/www.infokuryr.cz\/n\/wp-json\/wp\/v2\/posts\/34005"}],"collection":[{"href":"https:\/\/www.infokuryr.cz\/n\/wp-json\/wp\/v2\/posts"}],"about":[{"href":"https:\/\/www.infokuryr.cz\/n\/wp-json\/wp\/v2\/types\/post"}],"author":[{"embeddable":true,"href":"https:\/\/www.infokuryr.cz\/n\/wp-json\/wp\/v2\/users\/2"}],"replies":[{"embeddable":true,"href":"https:\/\/www.infokuryr.cz\/n\/wp-json\/wp\/v2\/comments?post=34005"}],"version-history":[{"count":0,"href":"https:\/\/www.infokuryr.cz\/n\/wp-json\/wp\/v2\/posts\/34005\/revisions"}],"wp:featuredmedia":[{"embeddable":true,"href":"https:\/\/www.infokuryr.cz\/n\/wp-json\/wp\/v2\/media\/23786"}],"wp:attachment":[{"href":"https:\/\/www.infokuryr.cz\/n\/wp-json\/wp\/v2\/media?parent=34005"}],"wp:term":[{"taxonomy":"category","embeddable":true,"href":"https:\/\/www.infokuryr.cz\/n\/wp-json\/wp\/v2\/categories?post=34005"},{"taxonomy":"post_tag","embeddable":true,"href":"https:\/\/www.infokuryr.cz\/n\/wp-json\/wp\/v2\/tags?post=34005"}],"curies":[{"name":"wp","href":"https:\/\/api.w.org\/{rel}","templated":true}]}}