{"id":34003,"date":"2023-08-13T05:10:27","date_gmt":"2023-08-13T03:10:27","guid":{"rendered":"http:\/\/www.infokuryr.cz\/n\/?p=34003"},"modified":"2023-08-13T05:10:27","modified_gmt":"2023-08-13T03:10:27","slug":"cina-muze-vyhladovet-svet-tim-ze-znici-jinym-narodum-rybolov-a-schopnost-uzivit-se","status":"publish","type":"post","link":"https:\/\/www.infokuryr.cz\/n\/2023\/08\/13\/cina-muze-vyhladovet-svet-tim-ze-znici-jinym-narodum-rybolov-a-schopnost-uzivit-se\/","title":{"rendered":"\u010c\u00edna m\u016f\u017ee vyhladov\u011bt sv\u011bt t\u00edm, \u017ee zni\u010d\u00ed jin\u00fdm n\u00e1rod\u016fm rybolov a schopnost u\u017eivit se"},"content":{"rendered":"<div id=\"fb-root\"><\/div>\n<p><span>Jeden z nejpodlej\u0161\u00edch pl\u00e1n\u016f komunistick\u00e9 \u010c\u00edny na ovl\u00e1dnut\u00ed sv\u011bta se naplnil, jeliko\u017e nejv\u011bt\u0161\u00ed sv\u011btov\u00e1 diktatura m\u00e1 nyn\u00ed do zna\u010dn\u00e9 m\u00edry pod kontrolou oce\u00e1ny a glob\u00e1ln\u00ed z\u00e1soby mo\u0159sk\u00fdch plod\u016f.<\/span><\/p>\n<p><span>Koluj\u00edc\u00ed satelitn\u00ed fotografie ukazuj\u00ed obrovsk\u00e9 \u201eplovouc\u00ed m\u011bsto\u201c v \u010d\u00ednsk\u00e9m vlastnictv\u00ed ve vod\u00e1ch u pob\u0159e\u017e\u00ed Argentiny.\u00a0Toto plovouc\u00ed m\u011bsto je v\u011bt\u0161\u00ed ne\u017e cel\u00fd Washington, DC a jeliko\u017e le\u017e\u00ed za hranic\u00ed 200 n\u00e1mo\u0159n\u00edch mil od pob\u0159e\u017e\u00ed Argentiny, technicky je v mezin\u00e1rodn\u00edch vod\u00e1ch.<\/span><\/p>\n<p><span>\u00da\u010delem \u010d\u00ednsk\u00e9ho plovouc\u00edho m\u011bsta je leg\u00e1ln\u011b lovit v argentinsk\u00fdch vod\u00e1ch ryby a mo\u0159sk\u00e9 plody, kter\u00e9 pak pos\u00edlaj\u00ed zp\u011bt do \u010c\u00edny.\u00a0No a Argentina s t\u00edm nem\u016f\u017ee nic ud\u011blat, proto\u017ee um\u00edst\u011bn\u00ed plovouc\u00edho m\u011bsta je technicky leg\u00e1ln\u00ed.<\/span><\/p>\n<p><span>Podle zpr\u00e1v lod\u011b zakotv\u00ed v \u010d\u00ednsk\u00e9m plovouc\u00edm m\u011bst\u011b a z\u016fstanou tam n\u011bkdy i roky.\u00a0Kdy\u017e se tyto lod\u011b nalo\u017e\u00ed produkty z mo\u0159sk\u00fdch plod\u016f, vr\u00e1t\u00ed se do \u010c\u00edny, aby vylo\u017eily ko\u0159ist.<\/span><\/p>\n<p><em><span>\u201eNeplat\u00ed zde \u017e\u00e1dn\u00e9 dan\u011b a nekupuj\u00ed \u017e\u00e1dn\u00e9 z\u00e1soby ani palivo,\u201c<\/span><\/em><span>\u00a0uv\u00e1d\u00ed jedna zpr\u00e1va z Argentiny.<\/span><\/p>\n<p><em><span>\u201eV\u016fbec s n\u00e1mi nekomunikuj\u00ed navzdory tomu, \u017ee jsou hned vedle n\u00e1s, ale obsazuj\u00ed v\u0161echna ryb\u00e1\u0159sk\u00e1 m\u00edsta na cel\u00e1 l\u00e9ta, dokud v\u0161echny ryby nevylov\u00ed, a pak se p\u0159esunou d\u00e1l.\u201c<\/span><\/em><\/p>\n<h2><span>Za n\u011bkolik let v ji\u017en\u00edm Atlantiku vyhynou ryby kv\u016fli p\u0159\u00edtomnosti plovouc\u00edho m\u011bsta \u010c\u00edny<\/span><\/h2>\n<p><span>Bezohledn\u00fd zp\u016fsob, jak\u00fdm \u010c\u00edna lov\u00ed ryby v argentinsk\u00fdch vod\u00e1ch, znamen\u00e1, \u017ee u\u017e za p\u00e1r let bude cel\u00e1 oblast \u2013 a mo\u017en\u00e1 i cel\u00fd ji\u017en\u00ed Atlantik \u2013 zcela bez ryb.<\/span><\/p>\n<p><em><span>\u201eNejsou to \u201ena\u0161e\u201c ryby, proto\u017ee jsou za hranic\u00ed 200 mil,\u201c<\/span><\/em><span>\u00a0\u0159\u00edkaj\u00ed zdroje z Argentiny.\u00a0<\/span><em><span>&#8222;Ale na\u0161i ryb\u00e1\u0159i tam chod\u00ed ve snaze vyd\u011blat si na \u017eivobyt\u00ed, ale je to rok od roku t\u011b\u017e\u0161\u00ed.&#8220;<\/span><\/em><\/p>\n<p><span>Podobn\u011b jako ve Spojen\u00fdch st\u00e1tech americk\u00fdch, i Argentina a dal\u0161\u00ed jihoamerick\u00e9 zem\u011b se ve snaze chr\u00e1nit oce\u00e1ny p\u0159ed odpadem ub\u00edraj\u00ed sm\u011brem k z\u00e1kazu plastov\u00fdch br\u010dek a ta\u0161ek.\u00a0Mezit\u00edm \u010c\u00edna vylovuje vody oce\u00e1nu a nikdo o tom nic ne\u0159\u00edk\u00e1.<\/span><\/p>\n<p><span>Podle argentinsk\u00fdch zdroj\u016f u\u017e \u010c\u00edna nap\u00e1chala nen\u00e1vratn\u00e9 \u0161kody na oce\u00e1nsk\u00e9 ekologii.\u00a0To zahrnuje i Tich\u00fd oce\u00e1n, kter\u00fd se moment\u00e1ln\u011b nach\u00e1z\u00ed ve spir\u00e1le smrti kv\u016fli chyb\u011bj\u00edc\u00edm \u010dl\u00e1nk\u016fm v potravinov\u00e9m \u0159et\u011bzci.<\/span><\/p>\n<div class=\"code-block code-block-9\">\n<div id=\"badat-79366859\">\n<p><img decoding=\"async\" loading=\"lazy\" class=\"wp-image-33819 aligncenter\" src=\"http:\/\/www.infokuryr.cz\/n\/wp-content\/uploads\/2023\/08\/ces1-300x157.jpg\" alt=\"\" width=\"1353\" height=\"708\" srcset=\"https:\/\/www.infokuryr.cz\/n\/wp-content\/uploads\/2023\/08\/ces1-300x157.jpg 300w, https:\/\/www.infokuryr.cz\/n\/wp-content\/uploads\/2023\/08\/ces1-1024x536.jpg 1024w, https:\/\/www.infokuryr.cz\/n\/wp-content\/uploads\/2023\/08\/ces1-768x402.jpg 768w, https:\/\/www.infokuryr.cz\/n\/wp-content\/uploads\/2023\/08\/ces1.jpg 1200w\" sizes=\"(max-width: 1353px) 100vw, 1353px\" \/><\/p>\n<\/div>\n<\/div>\n<p><span>V n\u00e1sleduj\u00edc\u00edch p\u011bti letech se o\u010dek\u00e1v\u00e1, \u017ee Tich\u00fd oce\u00e1n ztrat\u00ed 80 % sv\u00e9 biologick\u00e9 rozmanitosti.\u00a0V Atlantiku ka\u017ed\u00fd rok vyhyne 25 a\u017e 100 r\u016fzn\u00fdch druh\u016f mo\u0159sk\u00fdch \u017eivo\u010dich\u016f.<\/span><\/p>\n<p><em><span>\u201ePopulace alja\u0161sk\u00fdch krab\u016f jsou pry\u010d,\u201c<\/span><\/em><span>\u00a0\u0159\u00edkaj\u00ed argentinsk\u00e9 zdroje.\u00a0<\/span><em><span>\u201eM\u00e1me p\u0159ed sebou mo\u017en\u00e1 je\u0161t\u011b 2-3 roky rybolovu, ne\u017e zmiz\u00ed nav\u017edy.\u201c<\/span><\/em><\/p>\n<p><span>Existuj\u00ed tak\u00e9 zpr\u00e1vy, \u017ee \u010c\u00edna pou\u017e\u00edv\u00e1 v severn\u00edm Atlantiku \u201emaskovan\u00e9 lod\u011b\u201c k bagrov\u00e1n\u00ed humr\u016f nam\u00edsto jejich chyt\u00e1n\u00ed do \u017eiv\u00fdch past\u00ed, jak je to b\u011b\u017en\u011b zvykem.\u00a0To znamen\u00e1, \u017ee lovu neuniknou ani \u017e\u00e1dn\u00e9 humry, kter\u00e9 se pr\u00e1v\u011b mno\u017e\u00ed nebo nesou vaj\u00ed\u010dka, proto\u017ee \u010c\u00edna je v\u0161echny sb\u00edr\u00e1 bez ohledu na jejich budouc\u00ed p\u0159e\u017eit\u00ed.<\/span><\/p>\n<p><em><span>\u201eZa dva roky \u010c\u00edna zru\u0161ila v\u00edce ne\u017e 100let\u00e9 snahy o regulaci lovu humr\u016f,\u201c<\/span><\/em><span>\u00a0\u0159\u00edkaj\u00ed zdroje.<\/span><\/p>\n<p><em><span>\u201eJejich ryb\u00e1\u0159sk\u00e9 flotily m\u011bly b\u00fdt potopeny p\u0159ed p\u011bti lety.\u00a0Te\u010f u\u017e je pozd\u011b s t\u00edm n\u011bco d\u011blat.\u00a0Oce\u00e1ny zem\u0159ou, dokud nezavedeme plo\u0161n\u00fd z\u00e1kaz rybolovu na p\u0159\u00ed\u0161t\u00edch 40 let.\u201c<\/span><\/em><\/p>\n<h2><span>Z\u00e1v\u011br<\/span><\/h2>\n<p><span>\u0158\u00edk\u00e1 se, \u017ee \u00fapln\u00e9 zni\u010den\u00ed na\u0161ich oce\u00e1n\u016f je z\u00e1m\u011brn\u00e9 a \u017ee komunistick\u00e1 \u010c\u00edna to d\u011bl\u00e1 schv\u00e1ln\u011b, aby zni\u010dila schopnost jin\u00fdch n\u00e1rod\u016f u\u017eivit se.<\/span><\/p>\n<p><span>Jak tedy vid\u00edme, drama se odehr\u00e1v\u00e1 nejen na sou\u0161i s\u00a0\u00a0<\/span><a href=\"https:\/\/www.badatel.net\/rodiny-holandskych-farmarov-kvoli-klimatickej-tyranii-kazdy-den-placu-a-mnohi-uvazuju-o-samovrazde\/\"><span>demolic\u00ed zem\u011bd\u011blstv\u00ed<\/span><\/a><span>\u00a0, ale tak\u00e9 v na\u0161ich oce\u00e1nech, co\u017e m\u016f\u017ee brzy v\u00e9st ke kolapsu sv\u011btov\u00e9 produkce potravin a vyvol\u00e1n\u00ed hladomoru.<\/span><\/p>\n<p><span>V\u0161echny sv\u011btov\u00e9 supervelmoci bojuj\u00ed o glob\u00e1ln\u00ed nadvl\u00e1du.\u00a0V\u00edce se dozv\u00edte na str\u00e1nce\u00a0<\/span><a href=\"https:\/\/tyranny.news\/\" target=\"_blank\" rel=\"noopener\"><span>Tyranny.news<\/span><\/a><span> .<\/span><\/p>\n<p><span>Autor: Ethan Huff, Zdroj:\u00a0<\/span><a href=\"https:\/\/www.naturalnews.com\/2023-07-21-china-starve-world-destroy-fishing.html\" target=\"_blank\" rel=\"noopener\"><span>naturalnews.com<\/span><\/a><\/p>\n<p>&nbsp;<\/p>\n<p><a href=\"https:\/\/stranapro.cz\/\"><img decoding=\"async\" loading=\"lazy\" class=\"wp-image-30218 aligncenter\" src=\"http:\/\/www.infokuryr.cz\/n\/wp-content\/uploads\/2023\/06\/PRO-banner-300x36.png\" alt=\"\" width=\"1358\" height=\"163\" srcset=\"https:\/\/www.infokuryr.cz\/n\/wp-content\/uploads\/2023\/06\/PRO-banner-300x36.png 300w, https:\/\/www.infokuryr.cz\/n\/wp-content\/uploads\/2023\/06\/PRO-banner-768x93.png 768w, https:\/\/www.infokuryr.cz\/n\/wp-content\/uploads\/2023\/06\/PRO-banner.png 849w\" sizes=\"(max-width: 1358px) 100vw, 1358px\" \/><\/a><\/p>\n<p>&nbsp;<\/p>\n<p>&nbsp;<\/p>\n<p>&nbsp;<\/p>\n","protected":false},"excerpt":{"rendered":"<p>Jeden z nejpodlej\u0161\u00edch pl\u00e1n\u016f komunistick\u00e9 \u010c\u00edny na ovl\u00e1dnut\u00ed sv\u011bta se naplnil, jeliko\u017e nejv\u011bt\u0161\u00ed sv\u011btov\u00e1 diktatura&#8230;<\/p>\n","protected":false},"author":2,"featured_media":34004,"comment_status":"closed","ping_status":"closed","sticky":false,"template":"","format":"standard","meta":[],"categories":[7],"tags":[30,5660,4650,276],"_links":{"self":[{"href":"https:\/\/www.infokuryr.cz\/n\/wp-json\/wp\/v2\/posts\/34003"}],"collection":[{"href":"https:\/\/www.infokuryr.cz\/n\/wp-json\/wp\/v2\/posts"}],"about":[{"href":"https:\/\/www.infokuryr.cz\/n\/wp-json\/wp\/v2\/types\/post"}],"author":[{"embeddable":true,"href":"https:\/\/www.infokuryr.cz\/n\/wp-json\/wp\/v2\/users\/2"}],"replies":[{"embeddable":true,"href":"https:\/\/www.infokuryr.cz\/n\/wp-json\/wp\/v2\/comments?post=34003"}],"version-history":[{"count":0,"href":"https:\/\/www.infokuryr.cz\/n\/wp-json\/wp\/v2\/posts\/34003\/revisions"}],"wp:featuredmedia":[{"embeddable":true,"href":"https:\/\/www.infokuryr.cz\/n\/wp-json\/wp\/v2\/media\/34004"}],"wp:attachment":[{"href":"https:\/\/www.infokuryr.cz\/n\/wp-json\/wp\/v2\/media?parent=34003"}],"wp:term":[{"taxonomy":"category","embeddable":true,"href":"https:\/\/www.infokuryr.cz\/n\/wp-json\/wp\/v2\/categories?post=34003"},{"taxonomy":"post_tag","embeddable":true,"href":"https:\/\/www.infokuryr.cz\/n\/wp-json\/wp\/v2\/tags?post=34003"}],"curies":[{"name":"wp","href":"https:\/\/api.w.org\/{rel}","templated":true}]}}