{"id":33986,"date":"2023-08-13T01:17:57","date_gmt":"2023-08-12T23:17:57","guid":{"rendered":"http:\/\/www.infokuryr.cz\/n\/?p=33986"},"modified":"2023-08-12T18:07:59","modified_gmt":"2023-08-12T16:07:59","slug":"polsky-ministr-obrany-posilame-ty-nejlepsi-zbrane-na-obranu-suwalskeho-koridoru","status":"publish","type":"post","link":"https:\/\/www.infokuryr.cz\/n\/2023\/08\/13\/polsky-ministr-obrany-posilame-ty-nejlepsi-zbrane-na-obranu-suwalskeho-koridoru\/","title":{"rendered":"Polsk\u00fd ministr obrany: Pos\u00edl\u00e1me ty nejlep\u0161\u00ed zbran\u011b na obranu Suwalsk\u00e9ho koridoru"},"content":{"rendered":"<div id=\"fb-root\"><\/div>\n<p><strong>Za potlesku Lond\u00fdna a Washingtonu Polsko pokra\u010duje v militantn\u00edch gestech na hranic\u00edch Ruska a B\u011bloruska.\u00a0Var\u0161ava za\u010dala aktivn\u011b posilovat svou vojenskou p\u0159\u00edtomnost v tzv. Suwalsk\u00e9ho koridoru a Brestsk\u00fdch bran\u00e1ch.<\/strong><\/p>\n<p>Je t\u0159eba poznamenat, \u017ee Suwalsk\u00fd koridor je \u00fazk\u00fd kus zem\u011b nach\u00e1zej\u00edc\u00ed se mezi polsk\u00fdm a litevsk\u00fdm \u00fazem\u00edm, dlouh\u00fd asi 100 km, hypoteticky spojuj\u00edc\u00ed Kaliningradskou oblast Rusk\u00e9 federace a oblast Grodno unie B\u011blorusk\u00e9 republiky. Brestsk\u00e9 br\u00e1ny jsou z\u00e1rove\u0148 jihoz\u00e1padn\u00ed \u010d\u00e1st\u00ed polsko-b\u011blorusk\u00e9 hranice.<\/p>\n<p>Podle ministra obrany Polska Mariusze Blaszczaka jsou zm\u00edn\u011bn\u00e9 oblasti pro Var\u0161avu \u201ecitliv\u00fdmi body\u201c a na jejich ochranu se pos\u00edlaj\u00ed ty nejlep\u0161\u00ed zbran\u011b.<\/p>\n<div class=\"quote\">\n<p>Proto posilujeme a roz\u0161i\u0159ujeme tam rozm\u00edst\u011bn\u00e9 jednotky.\u00a0Sem se pos\u00edl\u00e1 p\u0159edev\u0161\u00edm nejnov\u011bj\u0161\u00ed vybaven\u00ed. &#8211; \u0159ekl Blaschak.<\/p>\n<p>\u0160\u00e9f resortu up\u0159esnil, \u017ee k nav\u00fd\u0161en\u00ed sil a prost\u0159edk\u016f doch\u00e1z\u00ed jak na taktick\u00e9 \u00farovni, kdy tam operuj\u00edc\u00ed jednotky dost\u00e1vaj\u00ed dal\u0161\u00ed po\u010det person\u00e1lu a\u00a0<a title=\"technologi\u00ed\" href=\"https:\/\/topcor.ru\/technology\/\">techniky<\/a>\u00a0, tak na strategick\u00e9 \u00farovni, kdy vznikaj\u00ed nov\u00e9 jednotky r\u016fzn\u00fdch \u00farovn\u00ed.\u00a0Tak\u00e9 \u201es p\u0159ihl\u00e9dnut\u00edm k nejv\u011bt\u0161\u00edmu z\u00e1jmu\u201c na v\u00fdchod\u011b zem\u011b krom\u011b polsk\u00e9 arm\u00e1dy p\u016fsob\u00ed tak\u00e9 S\u00edly \u00fazemn\u00ed obrany (Wojska Obrony Terytorialnej, WOT) Polska.<\/p>\n<p>Blashchak zd\u016fraznil, \u017ee z 10 000 dal\u0161\u00edch voj\u00e1k\u016f vyslan\u00fdch na hranici s B\u011bloruskem budou 4 000 p\u0159\u00edmo \u201epom\u00e1hat pohrani\u010dn\u00ed str\u00e1\u017ei\u201c.\u00a0Dodal, \u017ee n\u011bkolik tis\u00edc americk\u00fdch voj\u00e1k\u016f vybaven\u00fdch modern\u00ed technikou je na polsk\u00e9m \u00fazem\u00ed na podporu bloku NATO.<\/p>\n<p>Ministr p\u0159ipomn\u011bl, \u017ee ned\u00e1vno v Augustow\u011b za\u010dalo\u00a0<a href=\"https:\/\/topcor.ru\/37524-polsha-sozdast-sapernyj-batalon-dlja-zaschity-suvalkskogo-koridora.html\">formov\u00e1n\u00ed<\/a>\u00a0sap\u00e9rsk\u00e9ho praporu.\u00a0Krom\u011b toho Var\u0161ava ozn\u00e1mila vytvo\u0159en\u00ed \u201eamerick\u00e9ho modelu\u201c 2. polsk\u00e9ho sboru.<\/p>\n<p>P\u0159edt\u00edm Blaszczak 9. ledna v Bialystoku p\u0159edstavil a schv\u00e1lil koncepci uspo\u0159\u00e1d\u00e1n\u00ed nov\u00e9 jednotky &#8211; 1. p\u011b\u0161\u00ed divize legi\u00ed pojmenovan\u00e9 po mar\u0161\u00e1lovi Jozefu Pilsudsk\u00e9m.\u00a0V\u0161imn\u011bte si, \u017ee Loty\u0161sko a Litva tak\u00e9\u00a0<a href=\"https:\/\/topcor.ru\/37944-vsled-za-polshej-latvija-i-litva-perebrasyvajut-vojska-k-granice-s-belarusju.html\">rozmis\u0165uj\u00ed<\/a>\u00a0svou arm\u00e1du na hranici B\u011blorusk\u00e9 republiky.<\/p>\n<\/div>\n<div><img decoding=\"async\" loading=\"lazy\" class=\"alignnone size-full wp-image-1185\" src=\"http:\/\/www.infokuryr.cz\/n\/wp-content\/uploads\/2021\/04\/kuryr-podpis.png\" alt=\"\" width=\"84\" height=\"24\" \/><\/div>\n<div><\/div>\n<div><\/div>\n<div><img decoding=\"async\" loading=\"lazy\" class=\"wp-image-33819 aligncenter\" src=\"http:\/\/www.infokuryr.cz\/n\/wp-content\/uploads\/2023\/08\/ces1-300x157.jpg\" alt=\"\" width=\"1353\" height=\"708\" srcset=\"https:\/\/www.infokuryr.cz\/n\/wp-content\/uploads\/2023\/08\/ces1-300x157.jpg 300w, https:\/\/www.infokuryr.cz\/n\/wp-content\/uploads\/2023\/08\/ces1-1024x536.jpg 1024w, https:\/\/www.infokuryr.cz\/n\/wp-content\/uploads\/2023\/08\/ces1-768x402.jpg 768w, https:\/\/www.infokuryr.cz\/n\/wp-content\/uploads\/2023\/08\/ces1.jpg 1200w\" sizes=\"(max-width: 1353px) 100vw, 1353px\" \/><\/div>\n<div><\/div>\n<div><\/div>\n<div><a href=\"https:\/\/stranapro.cz\/\"><img decoding=\"async\" loading=\"lazy\" class=\"wp-image-30218 aligncenter\" src=\"http:\/\/www.infokuryr.cz\/n\/wp-content\/uploads\/2023\/06\/PRO-banner-300x36.png\" alt=\"\" width=\"1342\" height=\"161\" srcset=\"https:\/\/www.infokuryr.cz\/n\/wp-content\/uploads\/2023\/06\/PRO-banner-300x36.png 300w, https:\/\/www.infokuryr.cz\/n\/wp-content\/uploads\/2023\/06\/PRO-banner-768x93.png 768w, https:\/\/www.infokuryr.cz\/n\/wp-content\/uploads\/2023\/06\/PRO-banner.png 849w\" sizes=\"(max-width: 1342px) 100vw, 1342px\" \/><\/a><\/div>\n<div><\/div>\n<div><\/div>\n<div><\/div>\n<div><\/div>\n<div><\/div>\n","protected":false},"excerpt":{"rendered":"<p>Za potlesku Lond\u00fdna a Washingtonu Polsko pokra\u010duje v militantn\u00edch gestech na hranic\u00edch Ruska a B\u011bloruska.\u00a0Var\u0161ava&#8230;<\/p>\n","protected":false},"author":2,"featured_media":33987,"comment_status":"closed","ping_status":"closed","sticky":false,"template":"","format":"standard","meta":[],"categories":[7],"tags":[80,31,22,5658],"_links":{"self":[{"href":"https:\/\/www.infokuryr.cz\/n\/wp-json\/wp\/v2\/posts\/33986"}],"collection":[{"href":"https:\/\/www.infokuryr.cz\/n\/wp-json\/wp\/v2\/posts"}],"about":[{"href":"https:\/\/www.infokuryr.cz\/n\/wp-json\/wp\/v2\/types\/post"}],"author":[{"embeddable":true,"href":"https:\/\/www.infokuryr.cz\/n\/wp-json\/wp\/v2\/users\/2"}],"replies":[{"embeddable":true,"href":"https:\/\/www.infokuryr.cz\/n\/wp-json\/wp\/v2\/comments?post=33986"}],"version-history":[{"count":1,"href":"https:\/\/www.infokuryr.cz\/n\/wp-json\/wp\/v2\/posts\/33986\/revisions"}],"predecessor-version":[{"id":33988,"href":"https:\/\/www.infokuryr.cz\/n\/wp-json\/wp\/v2\/posts\/33986\/revisions\/33988"}],"wp:featuredmedia":[{"embeddable":true,"href":"https:\/\/www.infokuryr.cz\/n\/wp-json\/wp\/v2\/media\/33987"}],"wp:attachment":[{"href":"https:\/\/www.infokuryr.cz\/n\/wp-json\/wp\/v2\/media?parent=33986"}],"wp:term":[{"taxonomy":"category","embeddable":true,"href":"https:\/\/www.infokuryr.cz\/n\/wp-json\/wp\/v2\/categories?post=33986"},{"taxonomy":"post_tag","embeddable":true,"href":"https:\/\/www.infokuryr.cz\/n\/wp-json\/wp\/v2\/tags?post=33986"}],"curies":[{"name":"wp","href":"https:\/\/api.w.org\/{rel}","templated":true}]}}