{"id":33927,"date":"2023-08-12T01:12:58","date_gmt":"2023-08-11T23:12:58","guid":{"rendered":"http:\/\/www.infokuryr.cz\/n\/?p=33927"},"modified":"2023-08-11T12:25:39","modified_gmt":"2023-08-11T10:25:39","slug":"pocet-obeti-v-havajskem-pekle-stoupl-na-53","status":"publish","type":"post","link":"https:\/\/www.infokuryr.cz\/n\/2023\/08\/12\/pocet-obeti-v-havajskem-pekle-stoupl-na-53\/","title":{"rendered":"Po\u010det ob\u011bt\u00ed v havajsk\u00e9m pekle stoupl na 53"},"content":{"rendered":"<div id=\"fb-root\"><\/div>\n<p><span style=\"font-size: 18pt;\"><strong>Guvern\u00e9r Josh Green uvedl, \u017ee ostrovn\u00ed st\u00e1t \u201ebude i nad\u00e1le zaznamen\u00e1vat ztr\u00e1ty na \u017eivotech\u201c, proto\u017ee se hasi\u010di sna\u017e\u00ed dostat pod kontrolu lesn\u00edch po\u017e\u00e1r\u016f<\/strong><\/span><\/p>\n<p><span>Policie v americk\u00e9m st\u00e1t\u011b Havaj potvrdila smrt nejm\u00e9n\u011b 53 lid\u00ed kv\u016fli masivn\u00edm lesn\u00edm po\u017e\u00e1r\u016fm, kter\u00e9 od \u00fater\u00fd zu\u0159\u00ed na ostrov\u011b Maui.\u00a0Guvern\u00e9r Josh Green p\u0159edpov\u011bd\u011bl, \u017ee p\u0159\u00edrodn\u00ed katastrofa by mohla b\u00fdt nejv\u011bt\u0161\u00ed sv\u00e9ho druhu v historii souostrov\u00ed.<\/span><\/p>\n<p><span>Ve \u010dtvrtek policejn\u00ed n\u00e1\u010deln\u00edk okresu Maui John Pelletier prozradil, \u017ee po\u010det ob\u011bt\u00ed vzrostl z 36 na 53. Kdy\u017e se ho novin\u00e1\u0159i zeptali na po\u010det poh\u0159e\u0161ovan\u00fdch, \u00fa\u0159edn\u00edk \u0159ekl: \u201eUp\u0159\u00edmn\u011b, nev\u00edme\u00a0<\/span><em><span>.\u00a0<\/span><\/em><span>\u201c<\/span><\/p>\n<div class=\"rtcode\">\n<div class=\"twitter-tweet twitter-tweet-rendered\"><iframe id=\"twitter-widget-0\" class=\"\" title=\"Twitter Tweet\" src=\"https:\/\/platform.twitter.com\/embed\/Tweet.html?creatorScreenName=RT_com&amp;dnt=false&amp;embedId=twitter-widget-0&amp;features=eyJ0ZndfdGltZWxpbmVfbGlzdCI6eyJidWNrZXQiOltdLCJ2ZXJzaW9uIjpudWxsfSwidGZ3X2ZvbGxvd2VyX2NvdW50X3N1bnNldCI6eyJidWNrZXQiOnRydWUsInZlcnNpb24iOm51bGx9LCJ0ZndfdHdlZXRfZWRpdF9iYWNrZW5kIjp7ImJ1Y2tldCI6Im9uIiwidmVyc2lvbiI6bnVsbH0sInRmd19yZWZzcmNfc2Vzc2lvbiI6eyJidWNrZXQiOiJvbiIsInZlcnNpb24iOm51bGx9LCJ0ZndfZm9zbnJfc29mdF9pbnRlcnZlbnRpb25zX2VuYWJsZWQiOnsiYnVja2V0Ijoib24iLCJ2ZXJzaW9uIjpudWxsfSwidGZ3X21peGVkX21lZGlhXzE1ODk3Ijp7ImJ1Y2tldCI6InRyZWF0bWVudCIsInZlcnNpb24iOm51bGx9LCJ0ZndfZXhwZXJpbWVudHNfY29va2llX2V4cGlyYXRpb24iOnsiYnVja2V0IjoxMjA5NjAwLCJ2ZXJzaW9uIjpudWxsfSwidGZ3X3Nob3dfYmlyZHdhdGNoX3Bpdm90c19lbmFibGVkIjp7ImJ1Y2tldCI6Im9uIiwidmVyc2lvbiI6bnVsbH0sInRmd19kdXBsaWNhdGVfc2NyaWJlc190b19zZXR0aW5ncyI6eyJidWNrZXQiOiJvbiIsInZlcnNpb24iOm51bGx9LCJ0ZndfdXNlX3Byb2ZpbGVfaW1hZ2Vfc2hhcGVfZW5hYmxlZCI6eyJidWNrZXQiOiJvbiIsInZlcnNpb24iOm51bGx9LCJ0ZndfdmlkZW9faGxzX2R5bmFtaWNfbWFuaWZlc3RzXzE1MDgyIjp7ImJ1Y2tldCI6InRydWVfYml0cmF0ZSIsInZlcnNpb24iOm51bGx9LCJ0ZndfbGVnYWN5X3RpbWVsaW5lX3N1bnNldCI6eyJidWNrZXQiOnRydWUsInZlcnNpb24iOm51bGx9LCJ0ZndfdHdlZXRfZWRpdF9mcm9udGVuZCI6eyJidWNrZXQiOiJvbiIsInZlcnNpb24iOm51bGx9fQ%3D%3D&amp;frame=false&amp;hideCard=false&amp;hideThread=false&amp;id=1689870307329499136&amp;lang=cs&amp;origin=https%3A%2F%2Fwww.rt.com%2Fnews%2F581139-hawaii-wildfires-death-toll-rises%2F&amp;sessionId=3046da360ee3e15b4a96f7ae3152038649ec38c6&amp;siteScreenName=RT_com&amp;theme=light&amp;widgetsVersion=aaf4084522e3a%3A1674595607486&amp;width=550px\" frameborder=\"0\" scrolling=\"no\" allowfullscreen=\"allowfullscreen\" data-tweet-id=\"1689870307329499136\" data-mce-fragment=\"1\"><\/iframe><\/div>\n<\/div>\n<p><span>Guvern\u00e9r Green na tiskov\u00e9 konferenci t\u00e9ho\u017e dne varoval, \u017ee ostrov \u201e\u00a0<\/span><em><span>bude i nad\u00e1le sv\u011bdkem ztr\u00e1t na \u017eivotech<\/span><\/em><span>\u00a0\u201c, p\u0159i\u010dem\u017e obnova ostatk\u016f ob\u011bt\u00ed bude pravd\u011bpodobn\u011b trvat dny, ne-li t\u00fddny.\u00a0\u00a0<\/span><\/p>\n<div class=\"rtcode\">\n<div class=\"twitter-tweet twitter-tweet-rendered\"><iframe id=\"twitter-widget-1\" class=\"\" title=\"Twitter Tweet\" src=\"https:\/\/platform.twitter.com\/embed\/Tweet.html?creatorScreenName=RT_com&amp;dnt=false&amp;embedId=twitter-widget-1&amp;features=eyJ0ZndfdGltZWxpbmVfbGlzdCI6eyJidWNrZXQiOltdLCJ2ZXJzaW9uIjpudWxsfSwidGZ3X2ZvbGxvd2VyX2NvdW50X3N1bnNldCI6eyJidWNrZXQiOnRydWUsInZlcnNpb24iOm51bGx9LCJ0ZndfdHdlZXRfZWRpdF9iYWNrZW5kIjp7ImJ1Y2tldCI6Im9uIiwidmVyc2lvbiI6bnVsbH0sInRmd19yZWZzcmNfc2Vzc2lvbiI6eyJidWNrZXQiOiJvbiIsInZlcnNpb24iOm51bGx9LCJ0ZndfZm9zbnJfc29mdF9pbnRlcnZlbnRpb25zX2VuYWJsZWQiOnsiYnVja2V0Ijoib24iLCJ2ZXJzaW9uIjpudWxsfSwidGZ3X21peGVkX21lZGlhXzE1ODk3Ijp7ImJ1Y2tldCI6InRyZWF0bWVudCIsInZlcnNpb24iOm51bGx9LCJ0ZndfZXhwZXJpbWVudHNfY29va2llX2V4cGlyYXRpb24iOnsiYnVja2V0IjoxMjA5NjAwLCJ2ZXJzaW9uIjpudWxsfSwidGZ3X3Nob3dfYmlyZHdhdGNoX3Bpdm90c19lbmFibGVkIjp7ImJ1Y2tldCI6Im9uIiwidmVyc2lvbiI6bnVsbH0sInRmd19kdXBsaWNhdGVfc2NyaWJlc190b19zZXR0aW5ncyI6eyJidWNrZXQiOiJvbiIsInZlcnNpb24iOm51bGx9LCJ0ZndfdXNlX3Byb2ZpbGVfaW1hZ2Vfc2hhcGVfZW5hYmxlZCI6eyJidWNrZXQiOiJvbiIsInZlcnNpb24iOm51bGx9LCJ0ZndfdmlkZW9faGxzX2R5bmFtaWNfbWFuaWZlc3RzXzE1MDgyIjp7ImJ1Y2tldCI6InRydWVfYml0cmF0ZSIsInZlcnNpb24iOm51bGx9LCJ0ZndfbGVnYWN5X3RpbWVsaW5lX3N1bnNldCI6eyJidWNrZXQiOnRydWUsInZlcnNpb24iOm51bGx9LCJ0ZndfdHdlZXRfZWRpdF9mcm9udGVuZCI6eyJidWNrZXQiOiJvbiIsInZlcnNpb24iOm51bGx9fQ%3D%3D&amp;frame=false&amp;hideCard=false&amp;hideThread=false&amp;id=1689876835939532802&amp;lang=cs&amp;origin=https%3A%2F%2Fwww.rt.com%2Fnews%2F581139-hawaii-wildfires-death-toll-rises%2F&amp;sessionId=3046da360ee3e15b4a96f7ae3152038649ec38c6&amp;siteScreenName=RT_com&amp;theme=light&amp;widgetsVersion=aaf4084522e3a%3A1674595607486&amp;width=550px\" frameborder=\"0\" scrolling=\"no\" allowfullscreen=\"allowfullscreen\" data-tweet-id=\"1689876835939532802\" data-mce-fragment=\"1\"><\/iframe><\/div>\n<\/div>\n<p><span>Velitel hasi\u010d\u016f okresu Maui Brad Ventura poznamenal, \u017ee zat\u00edmco nejv\u011bt\u0161\u00ed a nejsmrteln\u011bj\u0161\u00ed po\u017e\u00e1r, po\u017e\u00e1r v Lahain\u011b, byl z 80 % pod kontrolou, hasi\u010di ve \u010dtvrtek st\u00e1le bojovali, aby plameny \u00fapln\u011b uhasili.<\/span><\/p>\n<div class=\"rtcode\">\n<div class=\"twitter-tweet twitter-tweet-rendered\"><iframe id=\"twitter-widget-2\" class=\"\" title=\"Twitter Tweet\" src=\"https:\/\/platform.twitter.com\/embed\/Tweet.html?creatorScreenName=RT_com&amp;dnt=false&amp;embedId=twitter-widget-2&amp;features=eyJ0ZndfdGltZWxpbmVfbGlzdCI6eyJidWNrZXQiOltdLCJ2ZXJzaW9uIjpudWxsfSwidGZ3X2ZvbGxvd2VyX2NvdW50X3N1bnNldCI6eyJidWNrZXQiOnRydWUsInZlcnNpb24iOm51bGx9LCJ0ZndfdHdlZXRfZWRpdF9iYWNrZW5kIjp7ImJ1Y2tldCI6Im9uIiwidmVyc2lvbiI6bnVsbH0sInRmd19yZWZzcmNfc2Vzc2lvbiI6eyJidWNrZXQiOiJvbiIsInZlcnNpb24iOm51bGx9LCJ0ZndfZm9zbnJfc29mdF9pbnRlcnZlbnRpb25zX2VuYWJsZWQiOnsiYnVja2V0Ijoib24iLCJ2ZXJzaW9uIjpudWxsfSwidGZ3X21peGVkX21lZGlhXzE1ODk3Ijp7ImJ1Y2tldCI6InRyZWF0bWVudCIsInZlcnNpb24iOm51bGx9LCJ0ZndfZXhwZXJpbWVudHNfY29va2llX2V4cGlyYXRpb24iOnsiYnVja2V0IjoxMjA5NjAwLCJ2ZXJzaW9uIjpudWxsfSwidGZ3X3Nob3dfYmlyZHdhdGNoX3Bpdm90c19lbmFibGVkIjp7ImJ1Y2tldCI6Im9uIiwidmVyc2lvbiI6bnVsbH0sInRmd19kdXBsaWNhdGVfc2NyaWJlc190b19zZXR0aW5ncyI6eyJidWNrZXQiOiJvbiIsInZlcnNpb24iOm51bGx9LCJ0ZndfdXNlX3Byb2ZpbGVfaW1hZ2Vfc2hhcGVfZW5hYmxlZCI6eyJidWNrZXQiOiJvbiIsInZlcnNpb24iOm51bGx9LCJ0ZndfdmlkZW9faGxzX2R5bmFtaWNfbWFuaWZlc3RzXzE1MDgyIjp7ImJ1Y2tldCI6InRydWVfYml0cmF0ZSIsInZlcnNpb24iOm51bGx9LCJ0ZndfbGVnYWN5X3RpbWVsaW5lX3N1bnNldCI6eyJidWNrZXQiOnRydWUsInZlcnNpb24iOm51bGx9LCJ0ZndfdHdlZXRfZWRpdF9mcm9udGVuZCI6eyJidWNrZXQiOiJvbiIsInZlcnNpb24iOm51bGx9fQ%3D%3D&amp;frame=false&amp;hideCard=false&amp;hideThread=false&amp;id=1689875599647502336&amp;lang=cs&amp;origin=https%3A%2F%2Fwww.rt.com%2Fnews%2F581139-hawaii-wildfires-death-toll-rises%2F&amp;sessionId=3046da360ee3e15b4a96f7ae3152038649ec38c6&amp;siteScreenName=RT_com&amp;theme=light&amp;widgetsVersion=aaf4084522e3a%3A1674595607486&amp;width=550px\" frameborder=\"0\" scrolling=\"no\" allowfullscreen=\"allowfullscreen\" data-tweet-id=\"1689875599647502336\" data-mce-fragment=\"1\"><\/iframe><\/div>\n<\/div>\n<p><span>Poznamenal, \u017ee situaci d\u00e1le zhor\u0161ovaly \u201e\u00a0<\/span><em><span>mal\u00e9 po\u017e\u00e1ry mezi t\u011bmito velk\u00fdmi po\u017e\u00e1ry<\/span><\/em><span>\u00a0\u201c, kter\u00e9 nad\u00e1le propukaly.<\/span><\/p>\n<p><span>Podle guvern\u00e9ra Greena se n\u00e1klady na p\u0159estavbu historick\u00e9ho m\u011bsta Lahaina, kter\u00e9 po\u017e\u00e1ry zni\u010dily, pravd\u011bpodobn\u011b vy\u0161plhaj\u00ed na miliardy dolar\u016f a jejich dokon\u010den\u00ed bude trvat roky.<\/span><\/p>\n<p><span>\u201e\u00a0<\/span><em><span>Kdy\u017e uvid\u00edte pln\u00fd rozsah ni\u010den\u00ed Lahainy, bude v\u00e1s to \u0161okovat,<\/span><\/em><span>\u00a0\u201c \u0159ekl b\u011bhem tiskov\u00e9 konference a dodal, \u017ee \u201e\u00a0<\/span><em><span>vypad\u00e1 to jako bomba a vybuchl ohe\u0148.\u00a0<\/span><\/em><span>\u201c<\/span><\/p>\n<p><span>\u00da\u0159edn\u00edk d\u00e1le nazna\u010dil, \u017ee sou\u010dasn\u00e9 po\u017e\u00e1ry se pravd\u011bpodobn\u011b uk\u00e1\u017e\u00ed jako \u201enejv\u011bt\u0161\u00ed\u00a0<\/span><em><span>p\u0159\u00edrodn\u00ed katastrofa v historii st\u00e1tu Havaj<\/span><\/em><span>\u00a0\u201c, kter\u00e1 z hlediska devastace p\u0159ed\u010d\u00ed smrt\u00edc\u00ed tsunami z roku 1960.<\/span><\/p>\n<p><span>Americk\u00fd prezident Joe Biden ve \u010dtvrtek podepsal feder\u00e1ln\u00ed prohl\u00e1\u0161en\u00ed o katastrof\u011b, kter\u00e9 zp\u0159\u00edstupn\u00ed feder\u00e1ln\u00ed finan\u010dn\u00ed prost\u0159edky t\u011bm, kte\u0159\u00ed jsou zasa\u017eeni po\u017e\u00e1ry.<\/span><\/p>\n<p><span>Od \u00fater\u00fd bylo z oblasti katastrofy evakuov\u00e1no v\u00edce ne\u017e 10 000 lid\u00ed.\u00a0Plameny se v\u0161ak \u0161\u00ed\u0159ily tak rychle, \u017ee n\u011bkte\u0159\u00ed lid\u00e9 byli na za\u010d\u00e1tku tohoto t\u00fddne nuceni pono\u0159it se do vod Tich\u00e9ho oce\u00e1nu, aby si zachr\u00e1nili \u017eivot.\u00a0Pozd\u011bji je sebrala americk\u00e1 pob\u0159e\u017en\u00ed str\u00e1\u017e.<\/span><\/p>\n<p><span>Zat\u00edmco lesn\u00ed po\u017e\u00e1ry nejsou na Havaji v l\u00e9t\u011b \u017e\u00e1dnou novinkou, letos nabyly nezvykle velk\u00fdch rozm\u011br\u016f, plameny rozdm\u00fdch\u00e1valy v\u011btry od hurik\u00e1nu Dora stovky kilometr\u016f na jih.<\/span><\/p>\n<p><img decoding=\"async\" loading=\"lazy\" class=\"alignnone size-full wp-image-1185\" src=\"http:\/\/www.infokuryr.cz\/n\/wp-content\/uploads\/2021\/04\/kuryr-podpis.png\" alt=\"\" width=\"84\" height=\"24\" \/><\/p>\n<p>&nbsp;<\/p>\n<p><img decoding=\"async\" loading=\"lazy\" class=\"wp-image-33819 aligncenter\" src=\"http:\/\/www.infokuryr.cz\/n\/wp-content\/uploads\/2023\/08\/ces1-300x157.jpg\" alt=\"\" width=\"1313\" height=\"687\" srcset=\"https:\/\/www.infokuryr.cz\/n\/wp-content\/uploads\/2023\/08\/ces1-300x157.jpg 300w, https:\/\/www.infokuryr.cz\/n\/wp-content\/uploads\/2023\/08\/ces1-1024x536.jpg 1024w, https:\/\/www.infokuryr.cz\/n\/wp-content\/uploads\/2023\/08\/ces1-768x402.jpg 768w, https:\/\/www.infokuryr.cz\/n\/wp-content\/uploads\/2023\/08\/ces1.jpg 1200w\" sizes=\"(max-width: 1313px) 100vw, 1313px\" \/><\/p>\n<p>&nbsp;<\/p>\n<p><a href=\"https:\/\/stranapro.cz\/\"><img decoding=\"async\" loading=\"lazy\" class=\"wp-image-30218 aligncenter\" src=\"http:\/\/www.infokuryr.cz\/n\/wp-content\/uploads\/2023\/06\/PRO-banner-300x36.png\" alt=\"\" width=\"1367\" height=\"164\" srcset=\"https:\/\/www.infokuryr.cz\/n\/wp-content\/uploads\/2023\/06\/PRO-banner-300x36.png 300w, https:\/\/www.infokuryr.cz\/n\/wp-content\/uploads\/2023\/06\/PRO-banner-768x93.png 768w, https:\/\/www.infokuryr.cz\/n\/wp-content\/uploads\/2023\/06\/PRO-banner.png 849w\" sizes=\"(max-width: 1367px) 100vw, 1367px\" \/><\/a><\/p>\n<p>&nbsp;<\/p>\n<p>&nbsp;<\/p>\n<p>&nbsp;<\/p>\n","protected":false},"excerpt":{"rendered":"<p>Guvern\u00e9r Josh Green uvedl, \u017ee ostrovn\u00ed st\u00e1t \u201ebude i nad\u00e1le zaznamen\u00e1vat ztr\u00e1ty na \u017eivotech\u201c, proto\u017ee&#8230;<\/p>\n","protected":false},"author":2,"featured_media":33928,"comment_status":"closed","ping_status":"closed","sticky":false,"template":"","format":"standard","meta":[],"categories":[7],"tags":[5653,871,624],"_links":{"self":[{"href":"https:\/\/www.infokuryr.cz\/n\/wp-json\/wp\/v2\/posts\/33927"}],"collection":[{"href":"https:\/\/www.infokuryr.cz\/n\/wp-json\/wp\/v2\/posts"}],"about":[{"href":"https:\/\/www.infokuryr.cz\/n\/wp-json\/wp\/v2\/types\/post"}],"author":[{"embeddable":true,"href":"https:\/\/www.infokuryr.cz\/n\/wp-json\/wp\/v2\/users\/2"}],"replies":[{"embeddable":true,"href":"https:\/\/www.infokuryr.cz\/n\/wp-json\/wp\/v2\/comments?post=33927"}],"version-history":[{"count":0,"href":"https:\/\/www.infokuryr.cz\/n\/wp-json\/wp\/v2\/posts\/33927\/revisions"}],"wp:featuredmedia":[{"embeddable":true,"href":"https:\/\/www.infokuryr.cz\/n\/wp-json\/wp\/v2\/media\/33928"}],"wp:attachment":[{"href":"https:\/\/www.infokuryr.cz\/n\/wp-json\/wp\/v2\/media?parent=33927"}],"wp:term":[{"taxonomy":"category","embeddable":true,"href":"https:\/\/www.infokuryr.cz\/n\/wp-json\/wp\/v2\/categories?post=33927"},{"taxonomy":"post_tag","embeddable":true,"href":"https:\/\/www.infokuryr.cz\/n\/wp-json\/wp\/v2\/tags?post=33927"}],"curies":[{"name":"wp","href":"https:\/\/api.w.org\/{rel}","templated":true}]}}