{"id":33925,"date":"2023-08-12T01:11:31","date_gmt":"2023-08-11T23:11:31","guid":{"rendered":"http:\/\/www.infokuryr.cz\/n\/?p=33925"},"modified":"2023-08-11T12:22:06","modified_gmt":"2023-08-11T10:22:06","slug":"cina-odsuzuje-americke-kyberneticke-kradeze","status":"publish","type":"post","link":"https:\/\/www.infokuryr.cz\/n\/2023\/08\/12\/cina-odsuzuje-americke-kyberneticke-kradeze\/","title":{"rendered":"\u010c\u00edna odsuzuje americk\u00e9 \u201ekybernetick\u00e9 kr\u00e1de\u017ee\u201c"},"content":{"rendered":"<div id=\"fb-root\"><\/div>\n<p><span style=\"font-size: 18pt;\"><strong>Vyj\u00e1d\u0159en\u00ed Pekingu p\u0159i\u0161lo n\u011bkolik dn\u00ed pot\u00e9, co b\u00fdval\u00ed ameri\u010dt\u00ed p\u0159edstavitel\u00e9 obvinili lidovou republiku z velk\u00e9ho \u00fatoku na Tokio<\/strong><\/span><\/p>\n<p><span>Americk\u00e1 vl\u00e1da se dopustila rozs\u00e1hl\u00e9\u00a0<\/span><em><span>\u201ekybernetick\u00e9 kr\u00e1de\u017ee\u201c<\/span><\/em><span>\u00a0proti Japonsku a dal\u0161\u00edm zem\u00edm v Asii, uvedlo \u010d\u00ednsk\u00e9 ministerstvo zahrani\u010d\u00ed a vyzvalo Washington, aby zastavil rozmis\u0165ov\u00e1n\u00ed\u00a0<\/span><em><span>\u201ekybernetick\u00fdch sil\u201c<\/span><\/em><span>\u00a0po cel\u00e9m sv\u011bt\u011b.<\/span><\/p>\n<p><span>Ve \u010dtvrtek ministerstvo uvedlo, \u017ee americk\u00e9 vojensk\u00e9 a zpravodajsk\u00e9 agentury vybudovaly hackersk\u00e9 schopnosti ve spojeneck\u00fdch zem\u00edch pod rou\u0161kou\u00a0<\/span><em><span>\u201espolupr\u00e1ce p\u0159i budov\u00e1n\u00ed kapacit\u201c,<\/span><\/em><span>\u00a0ale m\u00edsto toho vyu\u017eily tuto p\u0159\u00edtomnost k\u00a0<\/span><em><span>\u201einfiltraci kybernetick\u00fdch syst\u00e9m\u016f t\u011bchto zem\u00ed\u201c.<\/span><\/em><\/p>\n<p><span>Washington provedl\u00a0<\/span><em><span>\u201erozs\u00e1hl\u00e9, systematick\u00e9 a nevyb\u00edrav\u00e9 kybernetick\u00e9 kr\u00e1de\u017ee proti jin\u00fdm zem\u00edm sv\u011bta,\u201c\u00a0<\/span><\/em><a href=\"https:\/\/www.fmprc.gov.cn\/eng\/xwfw_665399\/s2510_665401\/2535_665405\/202308\/t20230810_11125180.html\" target=\"_blank\" rel=\"noopener noreferrer\"><span>uvedl<\/span><\/a><span>\u00a0mluv\u010d\u00ed ministerstva zahrani\u010d\u00ed Mao Ning\u00a0.\u00a0Dodala, \u017ee Pentagon se sna\u017e\u00ed vyu\u017e\u00edt sousedy Pekingu jako\u00a0<\/span><em><span>\u201eodrazov\u00fd m\u016fstek pro kybernetick\u00e9 \u00fatoky americk\u00e9 vl\u00e1dy proti \u010c\u00edn\u011b bez jejich v\u011bdom\u00ed\u201c.<\/span><\/em><\/p>\n<p><img decoding=\"async\" loading=\"lazy\" class=\"wp-image-33819 aligncenter\" src=\"http:\/\/www.infokuryr.cz\/n\/wp-content\/uploads\/2023\/08\/ces1-300x157.jpg\" alt=\"\" width=\"1341\" height=\"702\" srcset=\"https:\/\/www.infokuryr.cz\/n\/wp-content\/uploads\/2023\/08\/ces1-300x157.jpg 300w, https:\/\/www.infokuryr.cz\/n\/wp-content\/uploads\/2023\/08\/ces1-1024x536.jpg 1024w, https:\/\/www.infokuryr.cz\/n\/wp-content\/uploads\/2023\/08\/ces1-768x402.jpg 768w, https:\/\/www.infokuryr.cz\/n\/wp-content\/uploads\/2023\/08\/ces1.jpg 1200w\" sizes=\"(max-width: 1341px) 100vw, 1341px\" \/><\/p>\n<p><span>Mluv\u010d\u00ed d\u00e1le citoval\u00a0<\/span><a href=\"https:\/\/wikileaks.org\/nsa-japan\/\" target=\"_blank\" rel=\"noopener noreferrer\"><span>publikaci WikiLeaks<\/span><\/a><span>\u00a0z roku 2015 zalo\u017eenou na unikl\u00fdch zpravodajsk\u00fdch dokumentech, kter\u00e9 odhalily, \u017ee americk\u00e1 N\u00e1rodn\u00ed bezpe\u010dnostn\u00ed agentura (NSA) se zam\u011b\u0159ila na 35 japonsk\u00fdch jednotlivc\u016f a subjekt\u016f, v\u010detn\u011b vysok\u00fdch vl\u00e1dn\u00edch \u00fa\u0159edn\u00edk\u016f a velk\u00fdch korporac\u00ed, jako je Mitsubishi.\u00a0Vniknut\u00ed bylo kontroverzn\u00ed, tehdej\u0161\u00ed viceprezident Joe Biden byl pozd\u011bji\u00a0<\/span><a href=\"https:\/\/archive.is\/Rwh8P\" target=\"_blank\" rel=\"noopener noreferrer\"><span>nucen omluvit<\/span><\/a><span>\u00a0se \u00fa\u0159edn\u00edk\u016fm v Tokiu.<\/span><\/p>\n<p><span>Prohl\u00e1\u0161en\u00ed ministerstva navazuje na\u00a0<\/span><a href=\"https:\/\/archive.ph\/cHYB3\" target=\"_blank\" rel=\"noopener noreferrer\"><span>zpr\u00e1vu<\/span><\/a><span>\u00a0ve Washington Post z po\u010d\u00e1tku tohoto t\u00fddne, kter\u00e1 obvinila \u010d\u00ednskou arm\u00e1du z nabour\u00e1n\u00ed se do japonsk\u00fdch\u00a0<\/span><em><span>\u201ecitliv\u00fdch obrann\u00fdch s\u00edt\u00ed\u201c<\/span><\/em><span>\u00a0\u00a0na podzim roku 2020. D\u0159\u00edve nezve\u0159ejn\u011bn\u00fd p\u0159\u00edb\u011bh se op\u00edral o n\u011bkolik nejmenovan\u00fdch b\u00fdval\u00fdch americk\u00fdch \u00fa\u0159edn\u00edk\u016f, kte\u0159\u00ed popsali \u00fadajn\u00fd kybernetick\u00fd \u00fatok jako\u00a0<\/span><em><span>\u201ejeden z nej\u0161kodliv\u011bj\u0161\u00edch hack\u016f\u201c<\/span><\/em><span>\u00a0v japonsk\u00e9 historii.\u00a0<\/span><\/p>\n<p><span>\u0160\u00e9f japonsk\u00e9ho kabinetu Hirokazu Matsuno\u00a0\u00a0<\/span><a href=\"https:\/\/archive.ph\/GqvXM\" target=\"_blank\" rel=\"noopener noreferrer\"><span>odm\u00edtl tuto z\u00e1le\u017eitost komentovat<\/span><\/a><span>\u00a0, kdy\u017e na to byl po\u010d\u00e1tkem t\u00fddne tla\u010den, a \u0159ekl:\u00a0<\/span><em><span>\u201eNepotvrdili jsme skute\u010dnost, \u017ee kv\u016fli kybernetick\u00fdm \u00fatok\u016fm do\u0161lo k \u00faniku bezpe\u010dnostn\u00edch informac\u00ed.\u00a0<\/span><\/em><span>Dodal, \u017ee kybernetick\u00e1 bezpe\u010dnost je hlavn\u00edm zam\u011b\u0159en\u00edm americko-japonsk\u00e9 spolupr\u00e1ce s t\u00edm, \u017ee pr\u00e1ce bude pokra\u010dovat.<\/span><\/p>\n<p><span>A\u010dkoli Peking na obvin\u011bn\u00ed je\u0161t\u011b neodpov\u011bd\u011bl p\u0159\u00edmo,\u00a0<\/span><a href=\"https:\/\/www.globaltimes.cn\/page\/202308\/1295987.shtml\" target=\"_blank\" rel=\"noopener noreferrer\"><span>koment\u00e1\u0159<\/span><\/a><span>\u00a0zve\u0159ejn\u011bn\u00fd \u010d\u00ednskou st\u00e1tn\u00ed tiskovou agenturou Global Times popsal nejnov\u011bj\u0161\u00ed obvin\u011bn\u00ed jako\u00a0<\/span><em><span>\u201edal\u0161\u00ed inscenovan\u00e9 drama organizovan\u00e9 USA\u201c.\u00a0<\/span><\/em><em><span>Nazna\u010dovalo , \u017ee \u201eskute\u010dn\u00fdm \u00fa\u010delem\u201c<\/span><\/em><span>\u00a0p\u0159\u00edb\u011bhu\u00a0bylo po\u0161pinit obraz \u010c\u00edny, podn\u00edtit region\u00e1ln\u00ed nap\u011bt\u00ed a po\u0161kodit vztahy s Japonskem.<\/span><\/p>\n<p><span>V dubnu \u010d\u00ednsk\u00e1 vl\u00e1da zve\u0159ejnila p\u0159ehled o \u00fadajn\u00fdch kybernetick\u00fdch \u00fatoc\u00edch americk\u00e9 vl\u00e1dy a tvrdila, \u017ee americk\u00e9 zpravodajsk\u00e9 agentury\u00a0<\/span><em><span>\u201ezasahovaly do zahrani\u010dn\u00edch prodejc\u016f kybernetick\u00e9 bezpe\u010dnosti, rozd\u011blovaly je a potla\u010dovaly\u201c<\/span><\/em><span>\u00a0po cel\u00e1 l\u00e9ta.\u00a0Zpr\u00e1va nast\u00ednila n\u011bkolik hlavn\u00edch hackersk\u00fdch incident\u016f, v\u010detn\u011b \u00fatoku na \u00edr\u00e1nsk\u00e1 jadern\u00e1 za\u0159\u00edzen\u00ed v roce 2010 pomoc\u00ed viru Stuxnet vyvinut\u00e9ho v USA a Izraeli, a tak\u00e9 pouk\u00e1zala na washingtonsk\u00fd sledovac\u00ed program hromadn\u00e9ho shroma\u017e\u010fov\u00e1n\u00ed v r\u00e1mci NSA.<\/span><\/p>\n<p><img decoding=\"async\" loading=\"lazy\" class=\"alignnone size-full wp-image-1185\" src=\"http:\/\/www.infokuryr.cz\/n\/wp-content\/uploads\/2021\/04\/kuryr-podpis.png\" alt=\"\" width=\"84\" height=\"24\" \/><\/p>\n<p>&nbsp;<\/p>\n<p><a href=\"https:\/\/stranapro.cz\/\"><img decoding=\"async\" loading=\"lazy\" class=\"wp-image-30218 aligncenter\" src=\"http:\/\/www.infokuryr.cz\/n\/wp-content\/uploads\/2023\/06\/PRO-banner-300x36.png\" alt=\"\" width=\"1350\" height=\"162\" srcset=\"https:\/\/www.infokuryr.cz\/n\/wp-content\/uploads\/2023\/06\/PRO-banner-300x36.png 300w, https:\/\/www.infokuryr.cz\/n\/wp-content\/uploads\/2023\/06\/PRO-banner-768x93.png 768w, https:\/\/www.infokuryr.cz\/n\/wp-content\/uploads\/2023\/06\/PRO-banner.png 849w\" sizes=\"(max-width: 1350px) 100vw, 1350px\" \/><\/a><\/p>\n<p>&nbsp;<\/p>\n<p>&nbsp;<\/p>\n<p>&nbsp;<\/p>\n","protected":false},"excerpt":{"rendered":"<p>Vyj\u00e1d\u0159en\u00ed Pekingu p\u0159i\u0161lo n\u011bkolik dn\u00ed pot\u00e9, co b\u00fdval\u00ed ameri\u010dt\u00ed p\u0159edstavitel\u00e9 obvinili lidovou republiku z velk\u00e9ho&#8230;<\/p>\n","protected":false},"author":2,"featured_media":17799,"comment_status":"closed","ping_status":"closed","sticky":false,"template":"","format":"standard","meta":[],"categories":[7],"tags":[30,5652,37],"_links":{"self":[{"href":"https:\/\/www.infokuryr.cz\/n\/wp-json\/wp\/v2\/posts\/33925"}],"collection":[{"href":"https:\/\/www.infokuryr.cz\/n\/wp-json\/wp\/v2\/posts"}],"about":[{"href":"https:\/\/www.infokuryr.cz\/n\/wp-json\/wp\/v2\/types\/post"}],"author":[{"embeddable":true,"href":"https:\/\/www.infokuryr.cz\/n\/wp-json\/wp\/v2\/users\/2"}],"replies":[{"embeddable":true,"href":"https:\/\/www.infokuryr.cz\/n\/wp-json\/wp\/v2\/comments?post=33925"}],"version-history":[{"count":1,"href":"https:\/\/www.infokuryr.cz\/n\/wp-json\/wp\/v2\/posts\/33925\/revisions"}],"predecessor-version":[{"id":33926,"href":"https:\/\/www.infokuryr.cz\/n\/wp-json\/wp\/v2\/posts\/33925\/revisions\/33926"}],"wp:featuredmedia":[{"embeddable":true,"href":"https:\/\/www.infokuryr.cz\/n\/wp-json\/wp\/v2\/media\/17799"}],"wp:attachment":[{"href":"https:\/\/www.infokuryr.cz\/n\/wp-json\/wp\/v2\/media?parent=33925"}],"wp:term":[{"taxonomy":"category","embeddable":true,"href":"https:\/\/www.infokuryr.cz\/n\/wp-json\/wp\/v2\/categories?post=33925"},{"taxonomy":"post_tag","embeddable":true,"href":"https:\/\/www.infokuryr.cz\/n\/wp-json\/wp\/v2\/tags?post=33925"}],"curies":[{"name":"wp","href":"https:\/\/api.w.org\/{rel}","templated":true}]}}