{"id":33880,"date":"2023-08-11T01:16:47","date_gmt":"2023-08-10T23:16:47","guid":{"rendered":"http:\/\/www.infokuryr.cz\/n\/?p=33880"},"modified":"2023-08-10T18:17:20","modified_gmt":"2023-08-10T16:17:20","slug":"zelenskij-se-zavazuje-ocistit-sve-vlastni-poslance","status":"publish","type":"post","link":"https:\/\/www.infokuryr.cz\/n\/2023\/08\/11\/zelenskij-se-zavazuje-ocistit-sve-vlastni-poslance\/","title":{"rendered":"Zelenskij se zavazuje o\u010distit sv\u00e9 vlastn\u00ed poslance"},"content":{"rendered":"<div id=\"fb-root\"><\/div>\n<p><span style=\"font-size: 18pt;\"><strong>\u201eStar\u00e9 zvyky\u201c pok\u0159iven\u00fdch \u00fa\u0159edn\u00edk\u016f oslabuj\u00ed zemi na cel\u00e1 desetilet\u00ed, \u0159ekl ukrajinsk\u00fd prezident<\/strong><\/span><\/p>\n<p><span>Ukrajinsk\u00fd prezident Vladimir Zelenskij signalizoval, \u017ee se chyst\u00e1 zah\u00e1jit k\u0159\u00ed\u017eovou v\u00fdpravu proti zkorumpovan\u00fdm z\u00e1konod\u00e1rc\u016fm a \u00fa\u0159edn\u00edk\u016fm v zemi po \u0159ad\u011b \u00faplatn\u00fdch skand\u00e1l\u016f.<\/span><\/p>\n<p><span>V \u00fatern\u00edm video projevu Zelenskyj \u0159ekl, \u017ee chce\u00a0<\/span><em><span>\u201evy\u010distit\u201c<\/span><\/em><span>\u00a0Ukrajinu, kter\u00e1 podle n\u011bj pot\u0159ebuje proj\u00edt transformac\u00ed.\u00a0<\/span><em><span>&#8222;To znamen\u00e1, \u017ee ti, kte\u0159\u00ed pracuj\u00ed pro sv\u016fj vlastn\u00ed prosp\u011bch, ne pro dobro Ukrajiny, nebudou zast\u00e1vat ve\u0159ejn\u00e9 funkce ani nebudou ukrajinsk\u00fdmi poslanci,&#8220; uvedl a<\/span><\/em><span>\u00a0dodal, \u017ee\u00a0<\/span><em><span>&#8222;ka\u017ed\u00fd takov\u00fd obchodn\u00edk bude p\u0159inejmen\u0161\u00edm stanout p\u0159ed soudem.&#8220;<\/span><\/em><\/p>\n<p><span>Ukrajinsk\u00fd prezident tak\u00e9 minul\u00fd t\u00fdden nastolil probl\u00e9m korupce, kdy\u017e sl\u00edbil, \u017ee bude pokra\u010dovat ve snaze vykopnout \u00fa\u0159edn\u00edky z ve\u0159ejn\u00fdch instituc\u00ed, kte\u0159\u00ed se\u00a0<\/span><em><span>\u201epokou\u0161eli st\u00e1hnout z minul\u00fdch star\u00fdch zvyk\u016f, star\u00fdch sch\u00e9mat, kter\u00e9 oslabuj\u00ed Ukrajinu\u2026 po cel\u00e1 desetilet\u00ed\u201c.<\/span><\/em><\/p>\n<p><em><span>\u201eBez ohledu na to, kdo je tato osoba \u2013 a\u0165 u\u017e je to \u201avojensk\u00fd komisa\u0159\u2018, n\u00e1m\u011bstek nebo \u00fa\u0159edn\u00edk \u2013 ka\u017ed\u00fd mus\u00ed pracovat jen pro dobro st\u00e1tu,\u201c zd\u016fraznil Zelenskyj s t\u00edm, \u017ee<\/span><\/em><span> \u00fasil\u00ed o dosa\u017een\u00ed tohoto c\u00edle za\u010dnou ji\u017e co nejd\u0159\u00edve.<\/span><\/p>\n<p><span>Zm\u00ednkou o komisa\u0159\u00edch ukrajinsk\u00fd v\u016fdce zjevn\u011b nar\u00e1\u017eel na ned\u00e1vn\u00fd spor, ve kter\u00e9m \u00fa\u0159ady provedly razie v 11 ukrajinsk\u00fdch regionech a odhalily masivn\u00ed pl\u00e1n spiknut\u00ed, kter\u00fd se \u00fadajn\u011b zam\u011b\u0159oval na vyd\u00e1v\u00e1n\u00ed fale\u0161n\u00fdch l\u00e9ka\u0159sk\u00fdch potvrzen\u00ed za cenu kolem 6 000 dolar\u016f t\u011bm, kdo se sna\u017e\u00ed vyhnout odvodu.<\/span><\/p>\n<p><span>K prohl\u00eddk\u00e1m do\u0161lo pot\u00e9, co ukrajin\u0161t\u00ed agenti zatkli Jevgenije Borisova, b\u00fdval\u00e9ho vysok\u00e9ho odvodov\u00e9ho d\u016fstojn\u00edka v Od\u011bsk\u00e9 oblasti, kter\u00fd byl obvin\u011bn z nez\u00e1konn\u00e9ho obohacov\u00e1n\u00ed v hodnot\u011b milion\u016f dolar\u016f.<\/span><\/p>\n<p><span>Ukrajinu roky su\u017euje nekontrolovateln\u00e1 korupce navzdory opakovan\u00fdm snah\u00e1m tamn\u00edch \u00fa\u0159ad\u016f proti n\u00ed bojovat.\u00a0Podle indexu vn\u00edm\u00e1n\u00ed korupce Transparency International se zem\u011b k roku 2022 um\u00edstila na 116. m\u00edst\u011b ze 180. Mezit\u00edm pr\u016fzkum Centra pro statistiky v pr\u016fzkumu proveden\u00fd v roce 2021, p\u0159ed za\u010d\u00e1tkem nep\u0159\u00e1telsk\u00fdch akc\u00ed mezi Moskvou a Kyjevem, zjistil, \u017ee Ukrajinci pova\u017euj\u00ed \u00fad\u011bl ve st\u00e1tn\u00edch instituc\u00edch za nejpal\u010div\u011bj\u0161\u00ed probl\u00e9m, kter\u00e9mu zem\u011b \u010del\u00ed.<\/span><\/p>\n<p><span>Tato ot\u00e1zka je tak\u00e9 znepokojena z\u00e1padn\u00edmi zem\u011bmi, kter\u00e9 poskytuj\u00ed Kyjevu ekonomickou a vojenskou pomoc.\u00a0Koncem \u010dervence vydalo americk\u00e9 ministerstvo zahrani\u010d\u00ed zpr\u00e1vu, v n\u00ed\u017e se uv\u00e1d\u00ed, \u017ee\u00a0<\/span><em><span>\u201ekorupce v ukrajinsk\u00e9 vl\u00e1d\u011b a soukrom\u00e9m sektoru p\u0159edstavuje z dlouhodob\u00e9ho hlediska rizika pro efektivitu zahrani\u010dn\u00ed pomoci USA\u201c.<\/span><\/em><\/p>\n<p><img decoding=\"async\" loading=\"lazy\" class=\"alignnone size-full wp-image-1185\" src=\"http:\/\/www.infokuryr.cz\/n\/wp-content\/uploads\/2021\/04\/kuryr-podpis.png\" alt=\"\" width=\"84\" height=\"24\" \/><\/p>\n<p>&nbsp;<\/p>\n<p><img decoding=\"async\" loading=\"lazy\" class=\"wp-image-33819 aligncenter\" src=\"http:\/\/www.infokuryr.cz\/n\/wp-content\/uploads\/2023\/08\/ces1-300x157.jpg\" alt=\"\" width=\"1324\" height=\"693\" srcset=\"https:\/\/www.infokuryr.cz\/n\/wp-content\/uploads\/2023\/08\/ces1-300x157.jpg 300w, https:\/\/www.infokuryr.cz\/n\/wp-content\/uploads\/2023\/08\/ces1-1024x536.jpg 1024w, https:\/\/www.infokuryr.cz\/n\/wp-content\/uploads\/2023\/08\/ces1-768x402.jpg 768w, https:\/\/www.infokuryr.cz\/n\/wp-content\/uploads\/2023\/08\/ces1.jpg 1200w\" sizes=\"(max-width: 1324px) 100vw, 1324px\" \/><\/p>\n<p>&nbsp;<\/p>\n<p><a href=\"https:\/\/stranapro.cz\/\"><img decoding=\"async\" loading=\"lazy\" class=\"wp-image-30218 aligncenter\" src=\"http:\/\/www.infokuryr.cz\/n\/wp-content\/uploads\/2023\/06\/PRO-banner-300x36.png\" alt=\"\" width=\"1350\" height=\"162\" srcset=\"https:\/\/www.infokuryr.cz\/n\/wp-content\/uploads\/2023\/06\/PRO-banner-300x36.png 300w, https:\/\/www.infokuryr.cz\/n\/wp-content\/uploads\/2023\/06\/PRO-banner-768x93.png 768w, https:\/\/www.infokuryr.cz\/n\/wp-content\/uploads\/2023\/06\/PRO-banner.png 849w\" sizes=\"(max-width: 1350px) 100vw, 1350px\" \/><\/a><\/p>\n<p>&nbsp;<\/p>\n<p>&nbsp;<\/p>\n<p>&nbsp;<\/p>\n","protected":false},"excerpt":{"rendered":"<p>\u201eStar\u00e9 zvyky\u201c pok\u0159iven\u00fdch \u00fa\u0159edn\u00edk\u016f oslabuj\u00ed zemi na cel\u00e1 desetilet\u00ed, \u0159ekl ukrajinsk\u00fd prezident Ukrajinsk\u00fd prezident Vladimir&#8230;<\/p>\n","protected":false},"author":2,"featured_media":27179,"comment_status":"closed","ping_status":"closed","sticky":false,"template":"","format":"standard","meta":[],"categories":[7],"tags":[2221,207,269,26,1000],"_links":{"self":[{"href":"https:\/\/www.infokuryr.cz\/n\/wp-json\/wp\/v2\/posts\/33880"}],"collection":[{"href":"https:\/\/www.infokuryr.cz\/n\/wp-json\/wp\/v2\/posts"}],"about":[{"href":"https:\/\/www.infokuryr.cz\/n\/wp-json\/wp\/v2\/types\/post"}],"author":[{"embeddable":true,"href":"https:\/\/www.infokuryr.cz\/n\/wp-json\/wp\/v2\/users\/2"}],"replies":[{"embeddable":true,"href":"https:\/\/www.infokuryr.cz\/n\/wp-json\/wp\/v2\/comments?post=33880"}],"version-history":[{"count":0,"href":"https:\/\/www.infokuryr.cz\/n\/wp-json\/wp\/v2\/posts\/33880\/revisions"}],"wp:featuredmedia":[{"embeddable":true,"href":"https:\/\/www.infokuryr.cz\/n\/wp-json\/wp\/v2\/media\/27179"}],"wp:attachment":[{"href":"https:\/\/www.infokuryr.cz\/n\/wp-json\/wp\/v2\/media?parent=33880"}],"wp:term":[{"taxonomy":"category","embeddable":true,"href":"https:\/\/www.infokuryr.cz\/n\/wp-json\/wp\/v2\/categories?post=33880"},{"taxonomy":"post_tag","embeddable":true,"href":"https:\/\/www.infokuryr.cz\/n\/wp-json\/wp\/v2\/tags?post=33880"}],"curies":[{"name":"wp","href":"https:\/\/api.w.org\/{rel}","templated":true}]}}