{"id":33868,"date":"2023-08-11T01:09:37","date_gmt":"2023-08-10T23:09:37","guid":{"rendered":"http:\/\/www.infokuryr.cz\/n\/?p=33868"},"modified":"2023-08-10T17:29:09","modified_gmt":"2023-08-10T15:29:09","slug":"japonsko-prichazi-kvuli-sankcim-na-auta-o-priblizne-700-000-dolaru-denne","status":"publish","type":"post","link":"https:\/\/www.infokuryr.cz\/n\/2023\/08\/11\/japonsko-prichazi-kvuli-sankcim-na-auta-o-priblizne-700-000-dolaru-denne\/","title":{"rendered":"Japonsko p\u0159ich\u00e1z\u00ed kv\u016fli sankc\u00edm na auta o p\u0159ibli\u017en\u011b 700.000 dolar\u016f denn\u011b"},"content":{"rendered":"<div id=\"fb-root\"><\/div>\n<p><strong><span>9. srpna vstoupila v platnost dal\u0161\u00ed omezen\u00ed na export aut do Ruska z Japonska, t\u00fdkala se model\u016f s motory od 1,9 litru, ale i minivan\u016f, elektromobil\u016f a hybrid\u016f.\u00a0Kv\u016fli t\u011bmto sankc\u00edm by japonsk\u00e1 ekonomika mohla utrp\u011bt zna\u010dn\u00e9 ztr\u00e1ty.<\/span><\/strong><\/p>\n<p><em>Podle prodejce aut \u017eij\u00edc\u00edho v Japonsku Alexandra Kolevinsk\u00e9ho, se kter\u00fdm mluvila agentura \u201eRIA Novosti\u201c, odhadl, \u017ee Japonsko p\u0159ijde denn\u011b a\u017e o 100 milion\u016f jen\u016f (asi 700.000 dolar\u016f).<\/em><\/p>\n<p><span>D\u016fvodem je, \u017ee trh se propad\u00e1 v segmentu model\u016f, kter\u00e9 kupovali Rusov\u00e9: auta s vysok\u00fdm po\u010dtem najet\u00fdch kilometr\u016f na japonsk\u00e9 pom\u011bry, \u0159ekn\u011bme kolem 80.000.\u00a0Udr\u017eovat takov\u00e1 auta v Japonsku je ekonomicky nerentabiln\u00ed \u2013 jsou vysok\u00e9 ceny za poji\u0161t\u011bn\u00ed a \u00fadr\u017ebu.\u00a0Rusov\u00e9 se takov\u00fdch \u010d\u00edsel na po\u010d\u00edtadle kilometr\u016f neboj\u00ed a kupuj\u00edc\u00ed u n\u00e1s ch\u00e1pou, jak\u00fd vztah maj\u00ed \u201esoused\u00e9\u201c k aut\u016fm.\u00a0Tak\u00e9 nen\u00ed t\u0159eba zapom\u00ednat, \u017ee modely pro japonsk\u00fd trh maj\u00ed vy\u0161\u0161\u00ed kvalitu proveden\u00ed.<\/span><\/p>\n<p><span>V d\u016fsledku zav\u0159en\u00ed prodejn\u00edho kan\u00e1lu japonsk\u00e1 auta na dom\u00e1c\u00edm trhu zlevn\u00ed p\u0159ibli\u017en\u011b o polovinu.<\/span><\/p>\n<p><em>\u201eTyto sankce po\u0161kod\u00ed samoz\u0159ejm\u011b i samotn\u00e9 Japonce.\u00a0T\u00fddn\u011b se na v\u0161ech aukc\u00edch v Japonsku prod\u00e1 200.000 aut.\u00a0Pokud Rusko minul\u00fd rok koupilo ka\u017ed\u00e9 10. auto, tak za t\u00fdden jelo do Ruska 20.000 aut. A te\u010f koup\u00ed ka\u017ed\u00e9 t\u0159\u00edst\u00e9.\u00a0To znamen\u00e1, \u017ee je to 1500 aut.\u00a0Tak\u017ee si dovedete p\u0159edstavit ten rozd\u00edl,\u201c \u0159ekl Kolevinskij, p\u0159i\u010dem\u017e dal\u0161\u00ed d\u016fsledky pro japonskou ekonomiku popsal jako domino efekt.<\/em><\/p>\n<p><span>Japonci prod\u00e1vali auta, platili dan\u011b, ale nyn\u00ed budou d\u00edky ni\u017e\u0161\u00ed popt\u00e1vce tr\u017eby men\u0161\u00ed.\u00a0N\u00e1sledovat bude pokles prodeje nov\u00fdch aut (prodejci nab\u00eddnou nap\u0159\u00edklad ni\u017e\u0161\u00ed protihodnotu), co\u017e ovlivn\u00ed situaci v cel\u00e9 ekonomice zem\u011b jako celku.\u00a0Porostou i ceny n\u00e1hradn\u00edch d\u00edl\u016f, domn\u00edv\u00e1 se odborn\u00edk.<\/span><\/p>\n<p><strong><span>Jevgenij Kostin<\/span><\/strong><\/p>\n<p>&nbsp;<\/p>\n<p><img decoding=\"async\" loading=\"lazy\" class=\"wp-image-33819 aligncenter\" src=\"http:\/\/www.infokuryr.cz\/n\/wp-content\/uploads\/2023\/08\/ces1-300x157.jpg\" alt=\"\" width=\"1334\" height=\"698\" srcset=\"https:\/\/www.infokuryr.cz\/n\/wp-content\/uploads\/2023\/08\/ces1-300x157.jpg 300w, https:\/\/www.infokuryr.cz\/n\/wp-content\/uploads\/2023\/08\/ces1-1024x536.jpg 1024w, https:\/\/www.infokuryr.cz\/n\/wp-content\/uploads\/2023\/08\/ces1-768x402.jpg 768w, https:\/\/www.infokuryr.cz\/n\/wp-content\/uploads\/2023\/08\/ces1.jpg 1200w\" sizes=\"(max-width: 1334px) 100vw, 1334px\" \/><\/p>\n<p>&nbsp;<\/p>\n<p><a href=\"https:\/\/stranapro.cz\/\"><img decoding=\"async\" loading=\"lazy\" class=\"wp-image-30218 aligncenter\" src=\"http:\/\/www.infokuryr.cz\/n\/wp-content\/uploads\/2023\/06\/PRO-banner-300x36.png\" alt=\"\" width=\"1325\" height=\"159\" srcset=\"https:\/\/www.infokuryr.cz\/n\/wp-content\/uploads\/2023\/06\/PRO-banner-300x36.png 300w, https:\/\/www.infokuryr.cz\/n\/wp-content\/uploads\/2023\/06\/PRO-banner-768x93.png 768w, https:\/\/www.infokuryr.cz\/n\/wp-content\/uploads\/2023\/06\/PRO-banner.png 849w\" sizes=\"(max-width: 1325px) 100vw, 1325px\" \/><\/a><\/p>\n<p>&nbsp;<\/p>\n<p>&nbsp;<\/p>\n<p>&nbsp;<\/p>\n","protected":false},"excerpt":{"rendered":"<p>9. srpna vstoupila v platnost dal\u0161\u00ed omezen\u00ed na export aut do Ruska z Japonska, t\u00fdkala&#8230;<\/p>\n","protected":false},"author":2,"featured_media":28340,"comment_status":"closed","ping_status":"closed","sticky":false,"template":"","format":"standard","meta":[],"categories":[7],"tags":[604,105,22,125],"_links":{"self":[{"href":"https:\/\/www.infokuryr.cz\/n\/wp-json\/wp\/v2\/posts\/33868"}],"collection":[{"href":"https:\/\/www.infokuryr.cz\/n\/wp-json\/wp\/v2\/posts"}],"about":[{"href":"https:\/\/www.infokuryr.cz\/n\/wp-json\/wp\/v2\/types\/post"}],"author":[{"embeddable":true,"href":"https:\/\/www.infokuryr.cz\/n\/wp-json\/wp\/v2\/users\/2"}],"replies":[{"embeddable":true,"href":"https:\/\/www.infokuryr.cz\/n\/wp-json\/wp\/v2\/comments?post=33868"}],"version-history":[{"count":0,"href":"https:\/\/www.infokuryr.cz\/n\/wp-json\/wp\/v2\/posts\/33868\/revisions"}],"wp:featuredmedia":[{"embeddable":true,"href":"https:\/\/www.infokuryr.cz\/n\/wp-json\/wp\/v2\/media\/28340"}],"wp:attachment":[{"href":"https:\/\/www.infokuryr.cz\/n\/wp-json\/wp\/v2\/media?parent=33868"}],"wp:term":[{"taxonomy":"category","embeddable":true,"href":"https:\/\/www.infokuryr.cz\/n\/wp-json\/wp\/v2\/categories?post=33868"},{"taxonomy":"post_tag","embeddable":true,"href":"https:\/\/www.infokuryr.cz\/n\/wp-json\/wp\/v2\/tags?post=33868"}],"curies":[{"name":"wp","href":"https:\/\/api.w.org\/{rel}","templated":true}]}}