{"id":33854,"date":"2023-08-11T01:01:19","date_gmt":"2023-08-10T23:01:19","guid":{"rendered":"http:\/\/www.infokuryr.cz\/n\/?p=33854"},"modified":"2023-08-10T16:40:48","modified_gmt":"2023-08-10T14:40:48","slug":"92-umrti-na-covid-v-roce-2022-bylo-trikrat-a-vice-ockovano","status":"publish","type":"post","link":"https:\/\/www.infokuryr.cz\/n\/2023\/08\/11\/92-umrti-na-covid-v-roce-2022-bylo-trikrat-a-vice-ockovano\/","title":{"rendered":"92 % \u00famrt\u00ed na covid v roce 2022 bylo t\u0159ikr\u00e1t a v\u00edce o\u010dkov\u00e1no"},"content":{"rendered":"<div id=\"fb-root\"><\/div>\n<div class=\"elementor-element elementor-element-1fb4c2c elementor-widget elementor-widget-theme-post-content\" data-id=\"1fb4c2c\" data-element_type=\"widget\" data-widget_type=\"theme-post-content.default\">\n<div class=\"elementor-widget-container\">\n<p><strong>Byly zve\u0159ejn\u011bny nov\u00e9 ofici\u00e1ln\u00ed \u00fadaje, kter\u00e9 ukazuj\u00ed, \u017ee drtiv\u00fd po\u010det lid\u00ed, kte\u0159\u00ed zem\u0159eli na Covid, obdr\u017eel t\u0159i nebo v\u00edce injekc\u00ed mRNA vakc\u00edn proti viru.<\/strong><\/p>\n<p><span>Britsk\u00e1 vl\u00e1da v tichosti zve\u0159ejnila ofici\u00e1ln\u00ed \u010d\u00edsla \u00famrt\u00ed na Covid v roce 2022.<\/span><\/p>\n<p><span>Data ukazuj\u00ed, \u017ee trojn\u00e1sobn\u011b o\u010dkovan\u00e1 populace p\u0159edstavovala 92 % \u00famrt\u00ed na Covid-19 v roce 2022.<\/span><\/p>\n<p><span>\u010c\u00edsla tak\u00e9 ukazuj\u00ed, \u017ee 9 z 10 \u00famrt\u00ed na Covid v Anglii bylo za posledn\u00ed dva roky o\u010dkov\u00e1no t\u0159emi nebo v\u00edce.<\/span><\/p>\n<p><span>21. \u00fanora 2023 \u00da\u0159ad pro n\u00e1rodn\u00ed statistiku (ONS), vl\u00e1dn\u00ed agentura Spojen\u00e9ho kr\u00e1lovstv\u00ed, v tichosti zve\u0159ejnil \u00fadaje o \u00famrt\u00edch podle stavu o\u010dkov\u00e1n\u00ed v Anglii do 31. prosince 2022.<\/span><\/p>\n<p><span>Z\u00e1znam ONS po splatnosti je nazv\u00e1n \u201e\u00a0<\/span><a href=\"https:\/\/www.ons.gov.uk\/file?uri=\/peoplepopulationandcommunity\/birthsdeathsandmarriages\/deaths\/datasets\/deathsbyvaccinationstatusengland\/deathsoccurringbetween1april2021and31december2022\/referencetable.xlsx\" target=\"_blank\" rel=\"noreferrer noopener\"><span>\u00damrt\u00ed podle stavu vakcinace, Anglie, 1. dubna 2021 a\u017e 31. prosince 2022<\/span><\/a><span>\u00a0\u201c.<\/span><\/p>\n<p><span>\u00dadaje jsou k nahl\u00e9dnut\u00ed na webu ONS\u00a0<\/span><a href=\"https:\/\/www.ons.gov.uk\/peoplepopulationandcommunity\/birthsdeathsandmarriages\/deaths\/datasets\/deathsbyvaccinationstatusengland\" target=\"_blank\" rel=\"noreferrer noopener\"><span>zde<\/span><\/a><span>\u00a0a ke sta\u017een\u00ed\u00a0<\/span><a href=\"https:\/\/www.ons.gov.uk\/file?uri=\/peoplepopulationandcommunity\/birthsdeathsandmarriages\/deaths\/datasets\/deathsbyvaccinationstatusengland\/deathsoccurringbetween1january2021and31may2022\/referencetable06072022accessible.xlsx\" target=\"_blank\" rel=\"noreferrer noopener\"><span>zde<\/span><\/a><span>\u00a0.<\/span><\/p>\n<div class=\"wp-block-image\">\n<figure class=\"aligncenter size-large\"><img decoding=\"async\" loading=\"lazy\" class=\"jetpack-lazy-image jetpack-lazy-image--handled aligncenter\" src=\"https:\/\/i0.wp.com\/slaynews.com\/wp-content\/uploads\/2023\/07\/triple-vaxxed-covid-deaths-2.jpg?w=800&amp;ssl=1\" alt=\"\" width=\"794\" height=\"245\" data-recalc-dims=\"1\" data-lazy-loaded=\"1\" \/><figcaption class=\"wp-element-caption\"><span>Tabulka 1 nejnov\u011bj\u0161\u00edho souboru \u00fadaj\u016f poskytuje \u00fadaje o \u00famrtnosti podle stavu o\u010dkov\u00e1n\u00ed pro \u00famrt\u00ed v\u0161ech typ\u016f, \u00famrt\u00ed na COVID-19 a \u00famrt\u00ed bez COVID-19.<\/span><\/figcaption><\/figure>\n<\/div>\n<p><span>A zde m\u016f\u017eeme zjistit stav o\u010dkov\u00e1n\u00ed v\u0161ech, kte\u0159\u00ed zem\u0159eli na Covid od za\u010d\u00e1tku dubna 2021 do konce prosince 2022.<\/span><\/p>\n<p><span>Takto ONS prezentuje \u010d\u00edsla za m\u011bs\u00edc \u0159\u00edjen 2022:<\/span><\/p>\n<div class=\"wp-block-image\">\n<figure class=\"aligncenter size-large\"><img decoding=\"async\" class=\"jetpack-lazy-image jetpack-lazy-image--handled aligncenter\" src=\"https:\/\/i0.wp.com\/slaynews.com\/wp-content\/uploads\/2023\/07\/triple-vaxxed-covid-deaths-3.jpg?w=800&amp;ssl=1\" alt=\"\" data-recalc-dims=\"1\" data-lazy-loaded=\"1\" \/><figcaption class=\"wp-element-caption\"><span>Jak m\u016f\u017eete vid\u011bt z v\u00fd\u0161e uveden\u00e9 tabulky, k velk\u00e9 v\u011bt\u0161in\u011b \u00famrt\u00ed na Covid do\u0161lo mezi t\u011bmi, kte\u0159\u00ed ten m\u011bs\u00edc dostali t\u0159i nebo v\u00edce d\u00e1vek injekce Covid.<\/span><\/figcaption><\/figure>\n<\/div>\n<p><span>Nejde v\u0161ak o \u017e\u00e1dnou anom\u00e1lii.<\/span><\/p>\n<p><span>Obr\u00e1zek n\u00ed\u017ee ukazuje m\u011bs\u00ed\u010dn\u00ed po\u010det \u00famrt\u00ed na covid podle stavu o\u010dkov\u00e1n\u00ed ONS v Anglii mezi 1. dubnem 2021 a 31. prosincem 2022, tedy obdob\u00edm 21 m\u011bs\u00edc\u016f:<\/span><\/p>\n<div class=\"wp-block-image\">\n<figure class=\"aligncenter size-large\"><img decoding=\"async\" class=\"jetpack-lazy-image jetpack-lazy-image--handled aligncenter\" src=\"https:\/\/i0.wp.com\/slaynews.com\/wp-content\/uploads\/2023\/07\/triple-vaxxed-covid-deaths-4.jpg?w=800&amp;ssl=1\" alt=\"\" data-recalc-dims=\"1\" data-lazy-loaded=\"1\" \/><figcaption class=\"wp-element-caption\"><span>V\u00fd\u0161e uveden\u00e1 tabulka ukazuje, \u017ee injekce Covid nejsou \u00fa\u010dinn\u00e9.<\/span><\/figcaption><\/figure>\n<\/div>\n<p><span>V kv\u011btnu 2021 byl po\u010det \u00famrt\u00ed na covid nejni\u017e\u0161\u00ed u 205 u o\u010dkovan\u00e9 populace a pouh\u00fdch 84 u neo\u010dkovan\u00e9 populace.<\/span><\/p>\n<p><span>Ale o rok pozd\u011bji se po\u010det \u00famrt\u00ed na Covid zv\u00fd\u0161il o 450 %: 1 494 mezi o\u010dkovan\u00fdmi a pouh\u00fdch 96 mezi neo\u010dkovan\u00fdmi.<\/span><\/p>\n<p><span>Pokud by byly injekce Covid \u00fa\u010dinn\u00e9, o\u010dek\u00e1vali byste, \u017ee po\u010det \u00famrt\u00ed bude meziro\u010dn\u011b klesat, nikoli zvy\u0161ovat?<\/span><\/p>\n<p><span>M\u00edsto toho data ukazuj\u00ed, \u017ee \u00famrt\u00ed na covid v neo\u010dkovan\u00e9 populaci se stala t\u00e9m\u011b\u0159 zanedbatelnou.<\/span><\/p>\n<p><span>Po\u010det \u00famrt\u00ed v o\u010dkovan\u00e9 populaci se postupem \u010dasu stal d\u016fle\u017eit\u011bj\u0161\u00edm.<\/span><\/p>\n<p><span>Mezi 1. dubnem a 31. prosincem 2021 zem\u0159elo na covid 17 150, z toho 13 116 mezi o\u010dkovan\u00fdmi a 4 034 mezi neo\u010dkovan\u00fdmi.<\/span><\/p>\n<p><span>To znamen\u00e1, \u017ee 76,5 % \u00famrt\u00ed na COVID bylo mezi o\u010dkovan\u00fdmi a 23,5 % \u00famrt\u00ed mezi neo\u010dkovan\u00fdmi.<\/span><\/p>\n<p><span>Pot\u00e9, mezi 1. dubnem 2022 a 31. prosincem 2022, do\u0161lo k 17 161 \u00famrt\u00edm na covid, co\u017e je n\u00e1r\u016fst o pouh\u00fdch 11 \u00famrt\u00ed.<\/span><\/p>\n<p><span>Rozd\u00edl je v\u0161ak v tom, \u017ee pouze 970 t\u011bchto \u00famrt\u00ed nastalo mezi neo\u010dkovan\u00fdmi, zat\u00edmco 16 191 mezi pln\u011b o\u010dkovan\u00fdmi.<\/span><\/p>\n<div class=\"wp-block-image\">\n<figure class=\"aligncenter size-large\"><img decoding=\"async\" class=\"jetpack-lazy-image jetpack-lazy-image--handled aligncenter\" src=\"https:\/\/i0.wp.com\/slaynews.com\/wp-content\/uploads\/2023\/07\/triple-vaxxed-covid-deaths-5.jpg?w=800&amp;ssl=1\" alt=\"\" data-recalc-dims=\"1\" data-lazy-loaded=\"1\" \/><\/figure>\n<\/div>\n<p><span>To znamen\u00e1, \u017ee v roce 2021 bylo 76,5 % \u00famrt\u00ed na COVID u o\u010dkovan\u00fdch a 23,5 % \u00famrt\u00ed u neo\u010dkovan\u00fdch, zat\u00edmco v roce 2022 bylo 94 % \u00famrt\u00ed na COVID u o\u010dkovan\u00fdch a pouze 6 % \u00famrt\u00ed u neo\u010dkovan\u00fdch.<\/span><\/p>\n<p><span>N\u00ed\u017ee uveden\u00e1 tabulka ukazuje celkov\u00fd po\u010det \u00famrt\u00ed podle stavu o\u010dkov\u00e1n\u00ed mezi 1. dubnem 2021 a 31. prosincem 2022:<\/span><\/p>\n<div class=\"wp-block-image\">\n<figure class=\"aligncenter size-large\"><img decoding=\"async\" class=\"jetpack-lazy-image jetpack-lazy-image--handled aligncenter\" src=\"https:\/\/i0.wp.com\/slaynews.com\/wp-content\/uploads\/2023\/07\/triple-vaxxed-covid-deaths-6.jpg?w=800&amp;ssl=1\" alt=\"\" data-recalc-dims=\"1\" data-lazy-loaded=\"1\" \/><figcaption class=\"wp-element-caption\"><span>Celkov\u011b do\u0161lo v Anglii mezi 1. dubnem 2021 a 31. prosincem 2022 k 45 191 \u00famrt\u00edm na covid a 38 884 z t\u011bchto \u00famrt\u00ed pat\u0159ilo mezi pln\u011b o\u010dkovanou populaci.<\/span><\/figcaption><\/figure>\n<\/div>\n<p><span>Naproti tomu v neo\u010dkovan\u00e9 populaci do\u0161lo pouze k 6307 \u00famrt\u00edm.<\/span><\/p>\n<p><span>To znamen\u00e1, \u017ee pln\u011b proo\u010dkovan\u00e1 populace p\u0159edstavovala 86 % neboli 9 z 10 \u00famrt\u00ed na covid za 21 m\u011bs\u00edc\u016f.<\/span><\/p>\n<div class=\"wp-block-image\">\n<figure class=\"aligncenter size-large\"><img decoding=\"async\" class=\"jetpack-lazy-image jetpack-lazy-image--handled aligncenter\" src=\"https:\/\/i0.wp.com\/slaynews.com\/wp-content\/uploads\/2023\/07\/triple-vaxxed-covid-deaths-7.jpg?w=800&amp;ssl=1\" alt=\"\" data-recalc-dims=\"1\" data-lazy-loaded=\"1\" \/><\/figure>\n<\/div>\n<p><span>Bohu\u017eel hromadn\u00e9 posilovac\u00ed o\u010dkov\u00e1n\u00ed proti Covidu v zim\u011b 2021 neud\u011blalo absolutn\u011b nic pro sn\u00ed\u017een\u00ed velk\u00e9ho po\u010dtu \u00famrt\u00ed mezi o\u010dkovanou populac\u00ed.<\/span><\/p>\n<p><span>Data ve skute\u010dnosti nazna\u010duj\u00ed, \u017ee booster ve skute\u010dnosti situaci zhor\u0161il.<\/span><\/p>\n<p><span>N\u00ed\u017ee uveden\u00e1 tabulka ukazuje celkov\u00fd po\u010det \u00famrt\u00ed na covid podle stavu o\u010dkov\u00e1n\u00ed v roce 2022:<\/span><\/p>\n<div class=\"wp-block-image\">\n<figure class=\"aligncenter size-large\"><img decoding=\"async\" class=\"jetpack-lazy-image jetpack-lazy-image--handled aligncenter\" src=\"https:\/\/i0.wp.com\/slaynews.com\/wp-content\/uploads\/2023\/07\/triple-vaxxed-covid-deaths-8.jpg?w=800&amp;ssl=1\" alt=\"\" data-recalc-dims=\"1\" data-lazy-loaded=\"1\" \/><figcaption class=\"wp-element-caption\"><span>Mezi 1. lednem 2022 a 31. prosincem 2022 bylo v Anglii celkem 28 041 \u00famrt\u00ed na covid.<\/span><\/figcaption><\/figure>\n<\/div>\n<p><span>25 758 z t\u011bchto \u00famrt\u00ed se vyskytlo v pln\u011b o\u010dkovan\u00e9 populaci.<\/span><\/p>\n<p><span>V neo\u010dkovan\u00e9 populaci do\u0161lo pouze k 2 273 \u00famrt\u00edm.<\/span><\/p>\n<p><span>To znamen\u00e1, \u017ee pln\u011b proo\u010dkovan\u00e1 populace p\u0159edstavovala 92 % v\u0161ech \u00famrt\u00ed na covid v roce 2022.<\/span><\/p>\n<div class=\"wp-block-image\">\n<figure class=\"aligncenter size-large\"><img decoding=\"async\" class=\"jetpack-lazy-image jetpack-lazy-image--handled aligncenter\" src=\"https:\/\/i0.wp.com\/slaynews.com\/wp-content\/uploads\/2023\/07\/triple-vaxxed-covid-deaths-9.jpg?w=800&amp;ssl=1\" alt=\"\" data-recalc-dims=\"1\" data-lazy-loaded=\"1\" \/><\/figure>\n<\/div>\n<p><span>A p\u0159esto\u017ee bude do konce roku ve\u0159ejnosti nab\u00eddnuta p\u00e1t\u00e1 d\u00e1vka injekce Covid-19, v\u011bt\u0161ina \u00famrt\u00ed mezi o\u010dkovan\u00fdmi byla p\u0159ips\u00e1na t\u011bm, kte\u0159\u00ed dostali nejv\u00edce d\u00e1vek.<\/span><\/p>\n<p><span>To nejsou \u010d\u00edsla, kter\u00e1 byste o\u010dek\u00e1vali, kdyby vakc\u00edna Covid skute\u010dn\u011b zabr\u00e1nila a\u017e 95 % \u00famrt\u00ed.<\/span><\/p>\n<\/div>\n<\/div>\n<div class=\"elementor-element elementor-element-8c57238 quelle dc-has-condition dc-condition-empty elementor-widget elementor-widget-heading\" data-id=\"8c57238\" data-element_type=\"widget\" data-widget_type=\"heading.default\">\n<div class=\"elementor-widget-container\">\n<h3 class=\"elementor-heading-title elementor-size-default\"><span style=\"font-size: 8pt;\"><a href=\"https:\/\/slaynews.com\/news\/92-covid-deaths-2022-were-triple-vaxxed\/\" target=\"_blank\" rel=\"nofollow noopener\">ZDROJ<\/a><\/span><\/h3>\n<\/div>\n<\/div>\n<p>&nbsp;<\/p>\n<p><a href=\"https:\/\/stranapro.cz\/\"><img decoding=\"async\" loading=\"lazy\" class=\"wp-image-30218 aligncenter\" src=\"http:\/\/www.infokuryr.cz\/n\/wp-content\/uploads\/2023\/06\/PRO-banner-300x36.png\" alt=\"\" width=\"1350\" height=\"162\" srcset=\"https:\/\/www.infokuryr.cz\/n\/wp-content\/uploads\/2023\/06\/PRO-banner-300x36.png 300w, https:\/\/www.infokuryr.cz\/n\/wp-content\/uploads\/2023\/06\/PRO-banner-768x93.png 768w, https:\/\/www.infokuryr.cz\/n\/wp-content\/uploads\/2023\/06\/PRO-banner.png 849w\" sizes=\"(max-width: 1350px) 100vw, 1350px\" \/><\/a><\/p>\n<p>&nbsp;<\/p>\n<p><img decoding=\"async\" loading=\"lazy\" class=\"wp-image-33819 aligncenter\" src=\"http:\/\/www.infokuryr.cz\/n\/wp-content\/uploads\/2023\/08\/ces1-300x157.jpg\" alt=\"\" width=\"1303\" height=\"682\" srcset=\"https:\/\/www.infokuryr.cz\/n\/wp-content\/uploads\/2023\/08\/ces1-300x157.jpg 300w, https:\/\/www.infokuryr.cz\/n\/wp-content\/uploads\/2023\/08\/ces1-1024x536.jpg 1024w, https:\/\/www.infokuryr.cz\/n\/wp-content\/uploads\/2023\/08\/ces1-768x402.jpg 768w, https:\/\/www.infokuryr.cz\/n\/wp-content\/uploads\/2023\/08\/ces1.jpg 1200w\" sizes=\"(max-width: 1303px) 100vw, 1303px\" \/><\/p>\n<p>&nbsp;<\/p>\n<p>&nbsp;<\/p>\n<p>&nbsp;<\/p>\n","protected":false},"excerpt":{"rendered":"<p>Byly zve\u0159ejn\u011bny nov\u00e9 ofici\u00e1ln\u00ed \u00fadaje, kter\u00e9 ukazuj\u00ed, \u017ee drtiv\u00fd po\u010det lid\u00ed, kte\u0159\u00ed zem\u0159eli na Covid,&#8230;<\/p>\n","protected":false},"author":2,"featured_media":4340,"comment_status":"closed","ping_status":"closed","sticky":false,"template":"","format":"standard","meta":[],"categories":[7],"tags":[23,96,523,651,303],"_links":{"self":[{"href":"https:\/\/www.infokuryr.cz\/n\/wp-json\/wp\/v2\/posts\/33854"}],"collection":[{"href":"https:\/\/www.infokuryr.cz\/n\/wp-json\/wp\/v2\/posts"}],"about":[{"href":"https:\/\/www.infokuryr.cz\/n\/wp-json\/wp\/v2\/types\/post"}],"author":[{"embeddable":true,"href":"https:\/\/www.infokuryr.cz\/n\/wp-json\/wp\/v2\/users\/2"}],"replies":[{"embeddable":true,"href":"https:\/\/www.infokuryr.cz\/n\/wp-json\/wp\/v2\/comments?post=33854"}],"version-history":[{"count":1,"href":"https:\/\/www.infokuryr.cz\/n\/wp-json\/wp\/v2\/posts\/33854\/revisions"}],"predecessor-version":[{"id":33855,"href":"https:\/\/www.infokuryr.cz\/n\/wp-json\/wp\/v2\/posts\/33854\/revisions\/33855"}],"wp:featuredmedia":[{"embeddable":true,"href":"https:\/\/www.infokuryr.cz\/n\/wp-json\/wp\/v2\/media\/4340"}],"wp:attachment":[{"href":"https:\/\/www.infokuryr.cz\/n\/wp-json\/wp\/v2\/media?parent=33854"}],"wp:term":[{"taxonomy":"category","embeddable":true,"href":"https:\/\/www.infokuryr.cz\/n\/wp-json\/wp\/v2\/categories?post=33854"},{"taxonomy":"post_tag","embeddable":true,"href":"https:\/\/www.infokuryr.cz\/n\/wp-json\/wp\/v2\/tags?post=33854"}],"curies":[{"name":"wp","href":"https:\/\/api.w.org\/{rel}","templated":true}]}}