{"id":33851,"date":"2023-08-11T01:00:25","date_gmt":"2023-08-10T23:00:25","guid":{"rendered":"http:\/\/www.infokuryr.cz\/n\/?p=33851"},"modified":"2023-08-10T16:33:52","modified_gmt":"2023-08-10T14:33:52","slug":"skutecny-plat-penny-v-nemecko-plati-zamestnancum-to-co-by-si-meli-vydelat","status":"publish","type":"post","link":"https:\/\/www.infokuryr.cz\/n\/2023\/08\/11\/skutecny-plat-penny-v-nemecko-plati-zamestnancum-to-co-by-si-meli-vydelat\/","title":{"rendered":"&#8222;Skute\u010dn\u00fd plat&#8220;: Penny v N\u011bmecko plat\u00ed zam\u011bstnanc\u016fm to, co by si m\u011bli vyd\u011blat"},"content":{"rendered":"<div id=\"fb-root\"><\/div>\n<p><span>Kol\u00edn nad R\u00fdnem (dpo) \u2013 Jedn\u00e1 se o akci, kter\u00e9 se dost\u00e1v\u00e1 celon\u00e1rodn\u00ed pozornosti:\u00a0<\/span><a href=\"https:\/\/www.n-tv.de\/wirtschaft\/Penny-verlangt-ab-Montag-wahre-Preise-article24294421.html\" target=\"_blank\" rel=\"noopener\"><span>Diskont Penny chce sv\u00fdm zam\u011bstnanc\u016fm vypl\u00e1cet cel\u00fd t\u00fdden jejich \u201eskute\u010dn\u00fd plat\u201c<\/span><\/a><span>\u00a0\u2013 tedy to, co skute\u010dn\u011b pot\u0159ebuj\u00ed k \u017eivotu.\u00a0U v\u011bt\u0161iny pozic to znamen\u00e1 dodate\u010dn\u00e9 v\u00fdd\u011blky kolem 60 a\u017e 100 procent.<\/span><\/p>\n<p><span>&#8222;P\u00e1ni! M\u00edsto minim\u00e1ln\u00ed mzdy 12 eur najednou dost\u00e1v\u00e1m 20 eur na hodinu!&#8220; \u0159\u00edk\u00e1 spokojen\u011b Ingrid Wachowski.\u00a0Inkasuje v pobo\u010dce Penny v Kol\u00edn\u011b nad R\u00fdnem M\u00fclheim.\u00a0&#8222;Opravdu fascinuj\u00edc\u00ed, kdy\u017e vid\u00edte, kolik byste vlastn\u011b m\u011bli vyd\u011bl\u00e1vat. Alespo\u0148 tento t\u00fdden mi moje mzdy sta\u010d\u00ed.&#8220;<\/span><\/p>\n<p><span>Tato 46let\u00e1 \u017eena je jednou z p\u0159ibli\u017en\u011b 4 200 zam\u011bstnanc\u016f Penny po cel\u00e9 zemi, kte\u0159\u00ed ode dne\u0161ka dost\u00e1vaj\u00ed sv\u016fj \u201eskute\u010dn\u00fd plat\u201c. To znamen\u00e1 \u010d\u00e1stku, kter\u00e1 by byla skute\u010dn\u011b p\u0159im\u011b\u0159en\u00e1 vzhledem ke v\u0161em \u017eivotn\u00edm n\u00e1klad\u016fm a odveden\u00e9 pr\u00e1ci.<\/span><\/p>\n<p><span>Penny je na kampa\u0148 hrd\u00e1: \u201eMus\u00edme \u010delit nep\u0159\u00edjemn\u00e9 zpr\u00e1v\u011b, \u017ee mzdy na\u0161ich zam\u011bstnanc\u016f neodr\u00e1\u017eej\u00ed pracovn\u00ed v\u00fdkon t\u011bchto lid\u00ed,\u201c \u0159\u00edk\u00e1 mana\u017eer Penny Stefan G\u00f6rgens.\u201eMimochodem, nejen u n\u00e1s, ale i s na\u0161imi konkurenty a v mnoha dal\u0161\u00edch syst\u00e9mov\u011b relevantn\u00edch sektorech, jako je p\u00e9\u010de, likvidace odpadu nebo logistika.\u201c<\/span><\/p>\n<p><span>Dodate\u010dn\u00e9 v\u00fddaje zp\u016fsoben\u00e9 experimentem chce Penny financovat zru\u0161en\u00edm leto\u0161n\u00ed v\u00e1no\u010dn\u00ed pr\u00e9mie pro v\u0161echny zam\u011bstnance.<\/span><\/p>\n<p><img decoding=\"async\" loading=\"lazy\" class=\"alignnone size-full wp-image-1185\" src=\"http:\/\/www.infokuryr.cz\/n\/wp-content\/uploads\/2021\/04\/kuryr-podpis.png\" alt=\"\" width=\"84\" height=\"24\" \/><\/p>\n<p>&nbsp;<\/p>\n<p><a href=\"https:\/\/stranapro.cz\/\"><img decoding=\"async\" loading=\"lazy\" class=\"wp-image-30218 aligncenter\" src=\"http:\/\/www.infokuryr.cz\/n\/wp-content\/uploads\/2023\/06\/PRO-banner-300x36.png\" alt=\"\" width=\"1350\" height=\"162\" srcset=\"https:\/\/www.infokuryr.cz\/n\/wp-content\/uploads\/2023\/06\/PRO-banner-300x36.png 300w, https:\/\/www.infokuryr.cz\/n\/wp-content\/uploads\/2023\/06\/PRO-banner-768x93.png 768w, https:\/\/www.infokuryr.cz\/n\/wp-content\/uploads\/2023\/06\/PRO-banner.png 849w\" sizes=\"(max-width: 1350px) 100vw, 1350px\" \/><\/a><\/p>\n<p>&nbsp;<\/p>\n<p><img decoding=\"async\" loading=\"lazy\" class=\"wp-image-33819 aligncenter\" src=\"http:\/\/www.infokuryr.cz\/n\/wp-content\/uploads\/2023\/08\/ces1-300x157.jpg\" alt=\"\" width=\"1341\" height=\"702\" srcset=\"https:\/\/www.infokuryr.cz\/n\/wp-content\/uploads\/2023\/08\/ces1-300x157.jpg 300w, https:\/\/www.infokuryr.cz\/n\/wp-content\/uploads\/2023\/08\/ces1-1024x536.jpg 1024w, https:\/\/www.infokuryr.cz\/n\/wp-content\/uploads\/2023\/08\/ces1-768x402.jpg 768w, https:\/\/www.infokuryr.cz\/n\/wp-content\/uploads\/2023\/08\/ces1.jpg 1200w\" sizes=\"(max-width: 1341px) 100vw, 1341px\" \/><\/p>\n<p>&nbsp;<\/p>\n<p>&nbsp;<\/p>\n<p>&nbsp;<\/p>\n","protected":false},"excerpt":{"rendered":"<p>Kol\u00edn nad R\u00fdnem (dpo) \u2013 Jedn\u00e1 se o akci, kter\u00e9 se dost\u00e1v\u00e1 celon\u00e1rodn\u00ed pozornosti:\u00a0Diskont Penny&#8230;<\/p>\n","protected":false},"author":2,"featured_media":33852,"comment_status":"closed","ping_status":"closed","sticky":false,"template":"","format":"standard","meta":[],"categories":[7],"tags":[84,5642,5471,674],"_links":{"self":[{"href":"https:\/\/www.infokuryr.cz\/n\/wp-json\/wp\/v2\/posts\/33851"}],"collection":[{"href":"https:\/\/www.infokuryr.cz\/n\/wp-json\/wp\/v2\/posts"}],"about":[{"href":"https:\/\/www.infokuryr.cz\/n\/wp-json\/wp\/v2\/types\/post"}],"author":[{"embeddable":true,"href":"https:\/\/www.infokuryr.cz\/n\/wp-json\/wp\/v2\/users\/2"}],"replies":[{"embeddable":true,"href":"https:\/\/www.infokuryr.cz\/n\/wp-json\/wp\/v2\/comments?post=33851"}],"version-history":[{"count":1,"href":"https:\/\/www.infokuryr.cz\/n\/wp-json\/wp\/v2\/posts\/33851\/revisions"}],"predecessor-version":[{"id":33853,"href":"https:\/\/www.infokuryr.cz\/n\/wp-json\/wp\/v2\/posts\/33851\/revisions\/33853"}],"wp:featuredmedia":[{"embeddable":true,"href":"https:\/\/www.infokuryr.cz\/n\/wp-json\/wp\/v2\/media\/33852"}],"wp:attachment":[{"href":"https:\/\/www.infokuryr.cz\/n\/wp-json\/wp\/v2\/media?parent=33851"}],"wp:term":[{"taxonomy":"category","embeddable":true,"href":"https:\/\/www.infokuryr.cz\/n\/wp-json\/wp\/v2\/categories?post=33851"},{"taxonomy":"post_tag","embeddable":true,"href":"https:\/\/www.infokuryr.cz\/n\/wp-json\/wp\/v2\/tags?post=33851"}],"curies":[{"name":"wp","href":"https:\/\/api.w.org\/{rel}","templated":true}]}}