{"id":33849,"date":"2023-08-11T00:59:58","date_gmt":"2023-08-10T22:59:58","guid":{"rendered":"http:\/\/www.infokuryr.cz\/n\/?p=33849"},"modified":"2023-08-10T16:22:42","modified_gmt":"2023-08-10T14:22:42","slug":"eu-na-rozcesti-vychodni-evropa-nebo-ukrajina","status":"publish","type":"post","link":"https:\/\/www.infokuryr.cz\/n\/2023\/08\/11\/eu-na-rozcesti-vychodni-evropa-nebo-ukrajina\/","title":{"rendered":"EU na rozcest\u00ed: v\u00fdchodn\u00ed Evropa nebo Ukrajina?"},"content":{"rendered":"<div id=\"fb-root\"><\/div>\n<p><span style=\"font-size: 18pt;\"><strong>15. z\u00e1\u0159\u00ed se EU bude muset rozhodnout mezi z\u00e1jmy v\u00fdchodoevropsk\u00fdch st\u00e1t\u016f EU a Ukrajiny<\/strong><\/span><\/p>\n<p><span>Dohoda\u00a0<\/span><a href=\"https:\/\/www.anti-spiegel.ru\/2022\/worum-es-bei-den-streit-um-das-getreideabkommen-geht\/\" target=\"_blank\" rel=\"noreferrer noopener\"><span>o obil\u00ed<\/span><\/a><span>\u00a0uzav\u0159en\u00e1 v l\u00e9t\u011b 2022 se uk\u00e1zala jako podvod, proto\u017ee byla uzav\u0159ena pod tlakem Z\u00e1padu a d\u016fvodem bylo, \u017ee nejchud\u0161\u00ed zem\u011b sv\u011bta pot\u0159ebuj\u00ed ukrajinsk\u00e9 obil\u00ed k boji s hladem.\u00a0Ve skute\u010dnosti jen asi 3 procenta ukrajinsk\u00e9ho obil\u00ed putovala do zem\u00ed ohro\u017een\u00fdch hladem, zat\u00edmco velk\u00e1 \u010d\u00e1st \u0161la do EU, jak uv\u00e1d\u00ed\u00a0<\/span><a href=\"https:\/\/www.un.org\/en\/black-sea-grain-initiative\/vessel-movements\" target=\"_blank\" rel=\"noreferrer noopener\"><span>zvl\u00e1\u0161tn\u00ed str\u00e1nka OSN<\/span><\/a><span>\u00a0.<\/span><\/p>\n<p><span>To vedlo k levn\u00e9mu ukrajinsk\u00e9mu pln\u011bn\u00ed sil na obil\u00ed ve v\u00fdchodn\u00ed Evrop\u011b.\u00a0Proto\u017ee to vedlo k poklesu cen v posti\u017een\u00fdch zem\u00edch, nemohou v\u00fdchodoevrop\u0161t\u00ed farm\u00e1\u0159i z leto\u0161n\u00ed sklizn\u011b vyd\u011blat pen\u00edze, kter\u00e9 pot\u0159ebuj\u00ed k p\u0159e\u017eit\u00ed.\u00a0V d\u016fsledku toho n\u011bkolik v\u00fdchodoevropsk\u00fdch st\u00e1t\u016f uzav\u0159elo hranice s ukrajinsk\u00fdm obil\u00edm, co\u017e p\u0159inutilo EU uvalit z\u00e1kaz dovozu ukrajinsk\u00e9ho obil\u00ed, kter\u00fd vypr\u0161\u00ed 15. z\u00e1\u0159\u00ed.<\/span><\/p>\n<p><span>Vzhledem k tomu, \u017ee Z\u00e1pad nedok\u00e1zal splnit sv\u016fj konec dohody o obil\u00ed t\u00edm, \u017ee nezru\u0161il sankce v\u016f\u010di rusk\u00fdm bank\u00e1m, poji\u0161\u0165ovn\u00e1m a logistick\u00fdm spole\u010dnostem, kter\u00e9 br\u00e1n\u00ed v\u00fdvozu rusk\u00e9ho obil\u00ed a hnojiv, Rusko nyn\u00ed odstoupilo od dohody o obil\u00ed a nyn\u00ed chce EU z\u00edskat obil\u00ed od Ukrajiny. z Ukrajiny po sou\u0161i p\u0159es EU.\u00a0To si ale V\u00fdchodoevropan\u00e9 ze zm\u00edn\u011bn\u00fdch d\u016fvod\u016f nep\u0159ej\u00ed.<\/span><\/p>\n<p><span>Evropsk\u00e1 komise se tak vman\u00e9vrovala do slep\u00e9 uli\u010dky a brzy se bude muset rozhodovat mezi z\u00e1jmy sv\u00fdch v\u00fdchodoevropsk\u00fdch \u010dlensk\u00fdch zem\u00ed a z\u00e1jmy Kyjeva.<\/span><\/p>\n<p><span>V rusk\u00e9 tiskov\u00e9 agentu\u0159e TASS se objevil dlouh\u00fd \u010dl\u00e1nek, kter\u00fd se t\u00edmto probl\u00e9mem podrobn\u011b zab\u00fdv\u00e1 a ukazuje vlastn\u00ed dilema Evropsk\u00e9 komise.\u00a0P\u0159elo\u017eil jsem\u00a0<\/span><a href=\"https:\/\/tass.ru\/mezhdunarodnaya-panorama\/18476121\" target=\"_blank\" rel=\"noreferrer noopener\"><span>\u010dl\u00e1nek TASS<\/span><\/a><span>\u00a0.<\/span><\/p>\n<p><em><strong>Za\u010d\u00e1tek p\u0159ekladu:<\/strong><\/em><\/p>\n<h3><span style=\"font-size: 18pt;\">Pro kompenzace a dotace: ob\u011btuje Brusel evropsk\u00e9 farm\u00e1\u0159e pro Ukrajinu?<\/span><\/h3>\n<p><span>Probl\u00e9my souvisej\u00edc\u00ed s v\u00fdvozem ukrajinsk\u00e9ho obil\u00ed donutily EU volit mezi v\u00fdchodn\u00ed Evropou a Ukrajinou.\u00a0V bl\u00edzk\u00e9 budoucnosti bude muset Brusel rozhodnout o roz\u0161\u00ed\u0159en\u00ed dovozn\u00edch omezen\u00ed na zem\u011bd\u011blsk\u00e9 produkty z Ukrajiny do EU.\u00a0O kom bude Brusel rozhodovat a co budou dot\u010den\u00e9 zem\u011b po\u017eadovat, p\u00ed\u0161eme v \u010dl\u00e1nku TASS.<\/span><\/p>\n<h4><span style=\"font-size: 18pt;\">Tlak z obou stran<\/span><\/h4>\n<p><span>Ot\u00e1zka obil\u00ed donutila EU volit mezi z\u00e1jmy v\u00fdchodn\u00ed Evropy a Ukrajiny.\u00a0Nyn\u00ed je Brusel pod tlakem z obou stran.\u00a0D\u016fvodem jsou omezen\u00ed dovozu ukrajinsk\u00fdch potravin zaveden\u00e1 v EU.\u00a0L\u00edd\u0159i Polska, Ma\u010farska, Rumunska, Bulharska a Slovenska na ja\u0159e bili na poplach kv\u016fli krizi zp\u016fsoben\u00e9 p\u0159\u00edlivem obil\u00ed z Ukrajiny.\u00a0Zaplaven\u00ed jejich vlastn\u00edch trh\u016f ukrajinsk\u00fdm obil\u00edm zni\u010dilo jejich vlastn\u00ed farm\u00e1\u0159e.\u00a0Tyto zem\u011b EU proto jednostrann\u011b zak\u00e1zaly dovoz zem\u011bd\u011blsk\u00fdch produkt\u016f ze sousedn\u00ed zem\u011b.\u00a0\u0160lo o vynucen\u00e1 opat\u0159en\u00ed: Zem\u011b je od\u016fvod\u0148ovaly t\u00edm, \u017ee Evropsk\u00e1 komise nereagovala na jejich po\u017eadavky na evropskou pomoc.<\/span><\/p>\n<p><span>Ultim\u00e1tum vy\u0161lo.\u00a0Zru\u0161ili sv\u00e1 omezen\u00ed a na opl\u00e1tku obdr\u017eeli rozhodnut\u00ed Evropsk\u00e9 komise uvalit embargo na dod\u00e1vky \u010dty\u0159 druh\u016f obilovin a olejnin z Ukrajiny, nejprve do 5. \u010dervna a pot\u00e9 do 15. z\u00e1\u0159\u00ed: p\u0161enice, kuku\u0159ice, \u0159epky a slune\u010dnicov\u00fdch semen.<\/span><\/p>\n<p><span>Nyn\u00ed se nab\u00edz\u00ed ot\u00e1zka, jak\u00fd osud \u010dek\u00e1 ukrajinsk\u00e9 v\u00fdrobky po 15. z\u00e1\u0159\u00ed.\u00a0Jak ozn\u00e1mil ukrajinsk\u00fd prezident Vladimir Zelenskyj na konci \u010dervna, Thierry Breton, komisa\u0159 EU odpov\u011bdn\u00fd za vnit\u0159n\u00ed trh, sl\u00edbil, \u017ee omezen\u00ed budou po 15. z\u00e1\u0159\u00ed zru\u0161ena.<\/span><\/p>\n<p><span>Vl\u00e1dy Ma\u010farska, Bulharska, Rumunska, Polska a Slovenska z\u00e1rove\u0148 po\u017e\u00e1daly Evropskou komisi o prodlou\u017een\u00ed omezen\u00ed.\u00a0Podle Istv\u00e1na Nagyho, ma\u010farsk\u00e9ho ministra zem\u011bd\u011blstv\u00ed, citovan\u00e9ho ma\u010farsk\u00fdm internetov\u00fdm den\u00edkem Vil\u00e1ggazdas\u00e1g, je to jedin\u00fd zp\u016fsob, jak ochr\u00e1nit z\u00e1jmy evropsk\u00fdch zem\u011bd\u011blc\u016f.<\/span><\/p>\n<h4><span style=\"font-size: 18pt;\">Faktor dohody o obil\u00ed<\/span><\/h4>\n<p><span>Situaci ovlivnilo pozastaven\u00ed dohody o obilnin\u00e1ch.\u00a0To byl krok, kter\u00fd bylo Rusko nuceno ud\u011blat, proto\u017ee z\u00e1padn\u00ed zem\u011b nedok\u00e1zaly dost\u00e1t sv\u00fdm z\u00e1vazk\u016fm.\u00a0Jak poznamenal rusk\u00fd prezident Vladimir Putin, Z\u00e1pad zcela p\u0159ekroutil j\u00e1dro dohod, evropsk\u00e9 spole\u010dnosti vyd\u011blaly a Rusko mezit\u00edm utrp\u011blo ztr\u00e1ty.\u00a0Smlouvy byly uzav\u0159eny 22. \u010dervence 2022 a byly n\u011bkolikr\u00e1t prodlou\u017eeny, naposledy v kv\u011btnu tohoto roku.\u00a0Platily do 17. \u010dervence.<\/span><\/p>\n<p><span>\u201eTuto smlouvu jsme znovu a znovu obnovovali.\u00a0A s prodlou\u017een\u00edm jsme prost\u011b uk\u00e1zali \u00fa\u017easnou vytrvalost, trp\u011blivost a toleranci.\u00a0O\u010dek\u00e1vali jsme, \u017ee na\u0161i zahrani\u010dn\u00ed kolegov\u00e9 kone\u010dn\u011b za\u010dnou pln\u011b dodr\u017eovat dohodnut\u00e9 a schv\u00e1len\u00e9 parametry a podm\u00ednky.\u00a0Ale nic takov\u00e9ho se nestalo,\u201c \u0159ekl prezident.<\/span><\/p>\n<p><span>B\u011bhem doby platnosti dohody o obilovin\u00e1ch ru\u0161t\u00ed farm\u00e1\u0159i ztratili celkem 1,2 miliardy dolar\u016f kv\u016fli 30-40procentn\u00edm slev\u00e1m na rusk\u00e9 ceny obil\u00ed na sv\u011btov\u00fdch trz\u00edch, \u0159ekl Putin.<\/span><\/p>\n<p><a href=\"https:\/\/stranapro.cz\/\"><img decoding=\"async\" loading=\"lazy\" class=\"wp-image-30218 aligncenter\" src=\"http:\/\/www.infokuryr.cz\/n\/wp-content\/uploads\/2023\/06\/PRO-banner-300x36.png\" alt=\"\" width=\"1350\" height=\"162\" srcset=\"https:\/\/www.infokuryr.cz\/n\/wp-content\/uploads\/2023\/06\/PRO-banner-300x36.png 300w, https:\/\/www.infokuryr.cz\/n\/wp-content\/uploads\/2023\/06\/PRO-banner-768x93.png 768w, https:\/\/www.infokuryr.cz\/n\/wp-content\/uploads\/2023\/06\/PRO-banner.png 849w\" sizes=\"(max-width: 1350px) 100vw, 1350px\" \/><\/a><\/p>\n<p><span>Dohoda o obil\u00ed, kterou podepsali z\u00e1stupci Ruska, Turecka, Ukrajiny a OSN, po\u010d\u00edt\u00e1 s v\u00fdvozem obil\u00ed, potravin a hnojiv p\u0159es \u010cern\u00e9 mo\u0159e ze t\u0159\u00ed p\u0159\u00edstav\u016f, v\u010detn\u011b Od\u011bsy.\u00a0Na pozad\u00ed odstoupen\u00ed Ruska od dohody se staly obzvl\u00e1\u0161t\u011b d\u016fle\u017eit\u00e9 exportn\u00ed cesty obil\u00ed z Ukrajiny p\u0159es v\u00fdchodn\u00ed Evropu.<\/span><\/p>\n<p><span>Podle Evropsk\u00e9 komise bylo mezi kv\u011btnem 2022 a \u010dervnem 2023 vyvezeno 41 milion\u016f tun ukrajinsk\u00fdch zem\u011bd\u011blsk\u00fdch produkt\u016f prost\u0159ednictv\u00edm tzv. solid\u00e1rn\u00edch linek, co\u017e jsou pozemn\u00ed koridory, kter\u00fdmi se p\u0159epravuje obil\u00ed z Ukrajiny do EU a palivo a vojensk\u00e1 technika. transportov\u00e1n zp\u011bt.\u00a0Od za\u010d\u00e1tku nep\u0159\u00e1telstv\u00ed bylo t\u011bmito koridory exportov\u00e1no asi 60 procent ukrajinsk\u00e9ho obil\u00ed.\u00a0Tato opat\u0159en\u00ed vedla k v\u00fdrazn\u00e9mu n\u00e1r\u016fstu dovozu potravin do Evropy.<\/span><\/p>\n<h4><span style=\"font-size: 18pt;\">Koho bude Brusel volit<\/span><\/h4>\n<p><span>V\u00fdchodoevropsk\u00e9 zem\u011b se dnes znovu ob\u00e1vaj\u00ed o osud sv\u00fdch farm\u00e1\u0159\u016f, proto\u017ee \u010dekaj\u00ed na rozhodnut\u00ed komise EU o prodlou\u017een\u00ed dovozn\u00edch omezen\u00ed.\u00a0Polsko na dopad ukrajinsk\u00e9ho dovozu na farm\u00e1\u0159e upozornilo p\u0159edstavitele EU koncem \u010dervence, p\u00ed\u0161e list Die Welt.\u00a0&#8222;Na\u0161e \u00fasil\u00ed je ale zam\u011b\u0159eno na uveden\u00ed ukrajinsk\u00fdch zem\u011bd\u011blsk\u00fdch produkt\u016f na sv\u011btov\u00e9 trhy,&#8220; citoval list odpov\u011b\u010f Evropsk\u00e9 komise.<\/span><\/p>\n<p><span>&#8222;To znamen\u00e1, \u017ee Polsko si m\u016f\u017ee st\u011b\u017eovat, jak chce, ale Brusel bude trvat na zru\u0161en\u00ed dovozn\u00edch omezen\u00ed,&#8220; p\u00ed\u0161\u00ed noviny.<\/span><\/p>\n<p><span>EU dnes stoj\u00ed p\u0159ed dilematem: roz\u0161\u00ed\u0159en\u00ed dovozn\u00edch omezen\u00ed by pro ni bylo katastrof\u00e1ln\u00edm politick\u00fdm krokem, ale z\u00e1rove\u0148 by m\u011bl Brusel podle m\u00e9di\u00ed br\u00e1t v\u00e1\u017en\u011b obavy v\u00fdchodoevropsk\u00fdch farm\u00e1\u0159\u016f.<\/span><\/p>\n<p><span>Ve skute\u010dnosti v\u0161ak Evropa tuto volbu nem\u00e1, nebo\u0165 se ji\u017e s vyp\u011bt\u00edm v\u0161ech sil soust\u0159ed\u00ed na spln\u011bn\u00ed hlavn\u00edho \u00fakolu, domn\u00edv\u00e1 se politolog Andrej Suzdaltsev.<\/span><\/p>\n<p><span>\u201eEvropa ve skute\u010dnosti nestoj\u00ed na k\u0159i\u017eovatce.\u00a0Jasn\u011b m\u00e1 za \u00fakol porazit Rusko s pomoc\u00ed ukrajinsk\u00fdch sil, tak\u017ee nebude ni\u010deho u\u0161et\u0159eno.\u00a0Evropa bude samoz\u0159ejm\u011b tla\u010dit na slevy na ukrajinsk\u00fd dovoz obil\u00ed, proto\u017ee je pot\u0159ebuje.\u00a0Budou nekone\u010dn\u00e1 jedn\u00e1n\u00ed, jak u\u017e to v EU b\u00fdv\u00e1, n\u011bjak\u00e9 pen\u00edze se p\u0159evedou, ale nic v\u00edc.\u00a0Ukrajinsk\u00e9 obil\u00ed bude dod\u00e1no do Evropy,\u201c \u0159ekl expert agentu\u0159e TASS.<\/span><\/p>\n<h4><span style=\"font-size: 18pt;\">\u010cek\u00e1n\u00ed na od\u0161kodn\u011bn\u00ed<\/span><\/h4>\n<p><span>V t\u00e9to souvislosti je ot\u00e1zka pen\u011bz pom\u011brn\u011b akutn\u00ed. Ma\u010far\u0161t\u00ed\u00a0zem\u011bd\u011blci dostali od EU od\u0161kodn\u00e9 za dumpingov\u00e9 ukrajinsk\u00e9 produkty jen 15,93 milionu eur, co\u017e je podle Istv\u00e1na Nagyho &#8222;symbolick\u00e1 \u010d\u00e1stka v porovn\u00e1n\u00ed s rozsahem \u0161kod&#8220;.<\/span><\/p>\n<p><span>V dubnu Ursula von der Leyen sl\u00edbila v\u00fdchodoevropsk\u00fdm farm\u00e1\u0159\u016fm program pomoci ve v\u00fd\u0161i 100 milion\u016f eur na zru\u0161en\u00ed z\u00e1kazu dovozu obil\u00ed.\u00a0Ale zem\u011b, kter\u00e9 ji\u017e utrp\u011bly velk\u00e9 ztr\u00e1ty, takov\u00e9 \u010d\u00e1stky nel\u00e1kaj\u00ed.<\/span><\/p>\n<p><span>EU m\u00e1 man\u00e9vrovac\u00ed prostor v podob\u011b rezervy 450 milion\u016f eur pro p\u0159\u00edpad zem\u011bd\u011blsk\u00e9 krize, p\u00ed\u0161e Die Welt.<\/span><\/p>\n<p><span>Ale ani to nemus\u00ed sta\u010dit.\u00a0Jak uvedla tiskov\u00e1 agentura PAP s odkazem na zdroje, Polsko p\u0159edlo\u017eilo EU v\u00fdpo\u010dty, podle kter\u00fdch zem\u011b pot\u0159ebuje 1 miliardu EUR na rozvoj infrastruktury pro export ukrajinsk\u00fdch zem\u011bd\u011blsk\u00fdch produkt\u016f p\u0159es polsk\u00e9 hranice.\u00a0Polovina z t\u00e9to sumy m\u00e1 j\u00edt na roz\u0161\u00ed\u0159en\u00ed hrani\u010dn\u00edch termin\u00e1l\u016f pro t\u011b\u017ek\u00e1 vozidla a \u017eelezni\u010dn\u00ed infrastrukturu v Peremy\u0161li, druh\u00e1 polovina na modernizaci \u017eelezni\u010dn\u00edch hrani\u010dn\u00edch p\u0159echod\u016f mezi zem\u011bmi, v\u00fdstavbu termin\u00e1l\u016f pro kamiony a infrastruktury pro \u0159\u00edzen\u00ed n\u00e1kladn\u00ed dopravy.<\/span><\/p>\n<h4><span style=\"font-size: 18pt;\">Probl\u00e9my s kampan\u00ed<\/span><\/h4>\n<p><span>Polsko je zvl\u00e1\u0161t\u011b aktivn\u00ed p\u0159i h\u00e1jen\u00ed sv\u00e9ho postoje v ot\u00e1zce obil\u00ed.\u00a0Premi\u00e9r Mateusz Morawiecki varoval, \u017ee republika neotev\u0159e sv\u00e9 hranice ukrajinsk\u00e9mu obil\u00ed a prodlou\u017e\u00ed z\u00e1kaz po 15. z\u00e1\u0159\u00ed, pokud tak EU neu\u010din\u00ed.<\/span><\/p>\n<p><span>&#8222;Budeme br\u00e1nit polsk\u00fd zem\u011bd\u011blsk\u00fd sektor se v\u0161\u00ed rozhodnost\u00ed,&#8220; ujistil.<\/span><\/p>\n<p><span>Krom\u011b toho, Morawiecki \u0159ekl, \u017ee pokud se objev\u00ed dal\u0161\u00ed zn\u00e1mky destabilizace na jin\u00fdch zem\u011bd\u011blsk\u00fdch trz\u00edch a jin\u00fdch produktech, Var\u0161ava ud\u011bl\u00e1 tot\u00e9\u017e, proto\u017ee vl\u00e1da mus\u00ed chr\u00e1nit zem\u011bd\u011blstv\u00ed.<\/span><\/p>\n<p><span>\u201eBu\u010f po 15. z\u00e1\u0159\u00ed budou vypracov\u00e1ny mechanismy a normy pro dovoz zem\u011bd\u011blsk\u00fdch produkt\u016f, kter\u00e9 znemo\u017en\u00ed destabilizaci polsk\u00e9ho trhu, nebo to ud\u011bl\u00e1 polsk\u00e1 vl\u00e1da sama nebo spole\u010dn\u011b s na\u0161imi p\u0159\u00e1teli z jin\u00fdch zem\u00ed.\u00a0Bude to jej\u00ed volba.\u00a0Ud\u011bl\u00e1me to tak \u010di onak,\u201c \u0159ekl polsk\u00fd \u0161\u00e9f vl\u00e1dy.<\/span><\/p>\n<p><span>Ot\u00e1zka obil\u00ed je v sou\u010dasnosti pro polsk\u00e9 politiky nejcitliv\u011bj\u0161\u00ed.\u00a0P\u0159\u00ed\u0161t\u00ed parlamentn\u00ed volby se v Polsku budou konat 15. \u0159\u00edjna, jejich\u017e v\u00fdsledek by mohl ovlivnit rozhodnut\u00ed v t\u00e9to ot\u00e1zce.\u00a0Toto t\u00e9ma se stalo velk\u00fdm probl\u00e9mem pro vl\u00e1dnouc\u00ed stranu Pr\u00e1vo a spravedlnost, proto\u017ee pol\u0161t\u00ed farm\u00e1\u0159i jsou jedn\u00edm z jej\u00edch pil\u00ed\u0159\u016f, \u0159\u00edk\u00e1 Andrej Suzdaltsev.<\/span><\/p>\n<p><span>Sou\u010dasn\u00e1 polsk\u00e1 vl\u00e1da, zastoupen\u00e1 Morawieckim a vicepremi\u00e9rem a l\u00eddrem PiS Jaroslawem Kaczynskim, podle experta Mezin\u00e1rodn\u00edho institutu pro humanit\u00e1rn\u00ed a politick\u00e1 studia Wladimira Brutera rozhodn\u011b nepovol\u00ed vstup ukrajinsk\u00e9ho obil\u00ed na polsk\u00fd trh.<\/span><\/p>\n<p><span>\u201eVar\u0161ava a Brusel jsou ve velk\u00e9m rozporu a Brusel spol\u00e9h\u00e1 na rezignaci sou\u010dasn\u00e9 vl\u00e1dy.\u00a0Necht\u011bj\u00ed Kaczynsk\u00e9ho a Morawieck\u00e9ho.\u00a0Pova\u017euj\u00ed je za velmi \u0161kodliv\u00e9 a \u010dekaj\u00ed, a\u017e se [b\u00fdval\u00fd premi\u00e9r Donald] Tusk vr\u00e1t\u00ed,\u201c \u0159ekl agentu\u0159e TASS.<\/span><\/p>\n<h4><span style=\"font-size: 18pt;\">Polsko-ukrajinsk\u00e9 vztahy: dal\u0161\u00ed zhor\u0161en\u00ed?<\/span><\/h4>\n<p><span>V posledn\u00ed dob\u011b se mno\u017e\u00ed zpr\u00e1vy, \u017ee se vztahy mezi Var\u0161avou a Kyjevem zhor\u0161ily.\u00a0N\u00e1m\u011bstek polsk\u00e9ho ministra zahrani\u010d\u00ed Pawel Jablonski v rozhovoru pro RMF FM \u0159ekl, \u017ee stav vztah\u016f v posledn\u00ed dob\u011b \u201enen\u00ed nejlep\u0161\u00ed\u201c, na z\u00e1klad\u011b prohl\u00e1\u0161en\u00ed p\u0159edstavitel\u016f ukrajinsk\u00e9 vl\u00e1dy.\u00a0Podle n\u011bj \u201eje to proto, \u017ee bohu\u017eel tam [na Ukrajin\u011b] byly ur\u010dit\u00e9 emoce\u201c.<\/span><\/p>\n<p><span>&#8222;Ch\u00e1peme, proto\u017ee zem\u011b je pod \u00fatokem.&#8220;\u00a0Ale takhle se sv\u00fdmi spojenci nem\u016f\u017eete zach\u00e1zet,\u201c \u0159ekl.<\/span><\/p>\n<p><span>Marcin Przydacz, ministr polsk\u00e9 prezidentsk\u00e9 kancel\u00e1\u0159e a vedouc\u00ed Kancel\u00e1\u0159e mezin\u00e1rodn\u00ed politiky, \u0159ekl 31. \u010dervence v polsk\u00e9 televizi, \u017ee Ukrajin\u011b se dostalo velk\u00e9 pomoci od republiky a \u201ebylo by dobr\u00e9, kdyby si za\u010dali v\u00e1\u017eit role, kterou Polsko v posledn\u00edch m\u011bs\u00edc\u00edch a letech hr\u00e1l za Ukrajinu.\u201c Z\u00e1stupce vedouc\u00edho ukrajinsk\u00e9 prezidentsk\u00e9 kancel\u00e1\u0159e Andrej Sibiga ozna\u010dil prohl\u00e1\u0161en\u00ed za nepodlo\u017een\u00e9 a \u201erovn\u00e9 jako zrada\u201c.<\/span><\/p>\n<p><span>D\u0159\u00edve se Var\u0161ava a Kyjev jen vz\u00e1jemn\u011b nad\u00e1valy kv\u016fli rozhodnut\u00ed Polska zachovat embargo na ukrajinsk\u00e9 obil\u00ed.\u00a0Kyjev tento krok ozna\u010dil za nep\u0159\u00e1telsk\u00fd a populistick\u00fd, na co\u017e Polsko odpov\u011bd\u011blo, \u017ee jedn\u00e1 na z\u00e1klad\u011b sv\u00fdch n\u00e1rodn\u00edch z\u00e1jm\u016f.<\/span><\/p>\n<p><span>Sou\u010dasn\u00e1 situace v\u0161ak pravd\u011bpodobn\u011b nezhor\u0161\u00ed vztahy mezi ob\u011bma zem\u011bmi, kter\u00e9 podle odborn\u00edk\u016f nikdy nebyly p\u0159\u00e1teli.\u00a0Bojovali mezi sebou stejn\u011b \u010dasto, jako spolu bojovali proti Rusku, \u0159\u00edk\u00e1 Timofey Bordachev, \u0159editel program\u016f klubu Valdai.<\/span><\/p>\n<p><span>Dnes je spojuje nen\u00e1vist k Rusku, \u0159\u00edk\u00e1 Andrej Suzdaltsev.\u00a0Z tohoto d\u016fvodu podle politologa na dobu nep\u0159\u00e1telstv\u00ed odlo\u017e\u00ed v\u0161echny sv\u00e9 konflikty a rozpory.<\/span><\/p>\n<p><span>\u201ePol\u00e1ci se s Ukrajinou nikdy nechovali dob\u0159e.\u00a0D\u011blaj\u00ed to, proto\u017ee si mysl\u00ed, \u017ee je to pro n\u011b v\u00fdhodn\u00e9.\u00a0Hlavn\u00ed v\u00fdhodou je, \u017ee Polsko se pova\u017euje za nejmocn\u011bj\u0161\u00ed st\u00e1t v\u00fdchodn\u00ed Evropy a rusk\u00e1 blok\u00e1da tento status posiluje.\u00a0Pokud si Polsko skute\u010dn\u011b podrob\u00ed Ukrajinu, jeho obchodn\u00ed toky, sou\u010d\u00e1st obchod\u016f relevantn\u00edch v Evrop\u011b, budou je\u0161t\u011b siln\u011bj\u0161\u00ed, bez ohledu na to, kdo bude v republice u moci,\u201c \u0159ekl Vladimir Bruter.<\/span><\/p>\n<p><em><strong>konec p\u0159ekladu<\/strong><\/em><\/p>\n<p><a href=\"https:\/\/www.anti-spiegel.ru\/2023\/die-eu-am-scheideweg-osteuropa-oder-die-ukraine\/\">Thomas R\u00f6per<\/a><\/p>\n<p><img decoding=\"async\" loading=\"lazy\" class=\"alignnone  wp-image-22016\" src=\"http:\/\/www.infokuryr.cz\/n\/wp-content\/uploads\/2023\/01\/Thomas-Roper-298x300.jpg\" alt=\"\" width=\"215\" height=\"216\" srcset=\"https:\/\/www.infokuryr.cz\/n\/wp-content\/uploads\/2023\/01\/Thomas-Roper-298x300.jpg 298w, https:\/\/www.infokuryr.cz\/n\/wp-content\/uploads\/2023\/01\/Thomas-Roper-150x150.jpg 150w, https:\/\/www.infokuryr.cz\/n\/wp-content\/uploads\/2023\/01\/Thomas-Roper.jpg 596w\" sizes=\"(max-width: 215px) 100vw, 215px\" \/><\/p>\n<p>&nbsp;<\/p>\n<p><img decoding=\"async\" loading=\"lazy\" class=\"wp-image-33819 aligncenter\" src=\"http:\/\/www.infokuryr.cz\/n\/wp-content\/uploads\/2023\/08\/ces1-300x157.jpg\" alt=\"\" width=\"1259\" height=\"659\" srcset=\"https:\/\/www.infokuryr.cz\/n\/wp-content\/uploads\/2023\/08\/ces1-300x157.jpg 300w, https:\/\/www.infokuryr.cz\/n\/wp-content\/uploads\/2023\/08\/ces1-1024x536.jpg 1024w, https:\/\/www.infokuryr.cz\/n\/wp-content\/uploads\/2023\/08\/ces1-768x402.jpg 768w, https:\/\/www.infokuryr.cz\/n\/wp-content\/uploads\/2023\/08\/ces1.jpg 1200w\" sizes=\"(max-width: 1259px) 100vw, 1259px\" \/><\/p>\n<p>&nbsp;<\/p>\n<p>&nbsp;<\/p>\n<p>&nbsp;<\/p>\n<p>&nbsp;<\/p>\n","protected":false},"excerpt":{"rendered":"<p>15. z\u00e1\u0159\u00ed se EU bude muset rozhodnout mezi z\u00e1jmy v\u00fdchodoevropsk\u00fdch st\u00e1t\u016f EU a Ukrajiny Dohoda\u00a0o&#8230;<\/p>\n","protected":false},"author":2,"featured_media":14284,"comment_status":"closed","ping_status":"closed","sticky":false,"template":"","format":"standard","meta":[],"categories":[7],"tags":[41,283,29,2023,26],"_links":{"self":[{"href":"https:\/\/www.infokuryr.cz\/n\/wp-json\/wp\/v2\/posts\/33849"}],"collection":[{"href":"https:\/\/www.infokuryr.cz\/n\/wp-json\/wp\/v2\/posts"}],"about":[{"href":"https:\/\/www.infokuryr.cz\/n\/wp-json\/wp\/v2\/types\/post"}],"author":[{"embeddable":true,"href":"https:\/\/www.infokuryr.cz\/n\/wp-json\/wp\/v2\/users\/2"}],"replies":[{"embeddable":true,"href":"https:\/\/www.infokuryr.cz\/n\/wp-json\/wp\/v2\/comments?post=33849"}],"version-history":[{"count":1,"href":"https:\/\/www.infokuryr.cz\/n\/wp-json\/wp\/v2\/posts\/33849\/revisions"}],"predecessor-version":[{"id":33850,"href":"https:\/\/www.infokuryr.cz\/n\/wp-json\/wp\/v2\/posts\/33849\/revisions\/33850"}],"wp:featuredmedia":[{"embeddable":true,"href":"https:\/\/www.infokuryr.cz\/n\/wp-json\/wp\/v2\/media\/14284"}],"wp:attachment":[{"href":"https:\/\/www.infokuryr.cz\/n\/wp-json\/wp\/v2\/media?parent=33849"}],"wp:term":[{"taxonomy":"category","embeddable":true,"href":"https:\/\/www.infokuryr.cz\/n\/wp-json\/wp\/v2\/categories?post=33849"},{"taxonomy":"post_tag","embeddable":true,"href":"https:\/\/www.infokuryr.cz\/n\/wp-json\/wp\/v2\/tags?post=33849"}],"curies":[{"name":"wp","href":"https:\/\/api.w.org\/{rel}","templated":true}]}}