{"id":33847,"date":"2023-08-10T08:19:00","date_gmt":"2023-08-10T06:19:00","guid":{"rendered":"http:\/\/www.infokuryr.cz\/n\/?p=33847"},"modified":"2023-08-10T08:19:00","modified_gmt":"2023-08-10T06:19:00","slug":"valka-az-do-posledniho-organu-posledniho-ukrajince","status":"publish","type":"post","link":"https:\/\/www.infokuryr.cz\/n\/2023\/08\/10\/valka-az-do-posledniho-organu-posledniho-ukrajince\/","title":{"rendered":"V\u00e1lka \u201ea\u017e do posledn\u00edho org\u00e1nu posledn\u00edho Ukrajince\u201c"},"content":{"rendered":"<div id=\"fb-root\"><\/div>\n<p><strong><span>Maria Zacharovov\u00e1 u\u010dinila v\u00e1\u017en\u00e9 prohl\u00e1\u0161en\u00ed na adresu Ukrajiny, kter\u00e1 demokratick\u00e1 m\u00e9dia se svou charakteristickou delik\u00e1tnost\u00ed ignorovala: \u201eUkrajina se stala jedn\u00edm ze sv\u011btov\u00fdch l\u00eddr\u016f v oblasti \u010dern\u00fdch transplantac\u00ed, Kyjev kryje krvav\u00fd byznys a podporuje jej.\u201c<\/span><\/strong><\/p>\n<p><span>Maria Vladimirovna nav\u00edc p\u0159\u00edmo mluvila o zapojen\u00ed okol\u00ed Vladimira Zelensk\u00e9ho, Ministerstva zdravotnictv\u00ed Ukrajiny a \u00fa\u0159adu prezidenta Ukrajiny do tohoto \u201ebyznysu\u201c.<\/span><\/p>\n<p><span>Nejde jen o odb\u011bry org\u00e1n\u016f, o kter\u00fdch se p\u0159\u00edb\u011bhy od 90. let jen mno\u017e\u00ed.\u00a0V \u010dervnu 2023 byl nap\u0159\u00edklad na ukrajinsko-slovensk\u00e9 hranici zadr\u017een zam\u011bstnanec jist\u00e9 charitativn\u00ed organizace, kter\u00fd se pod\u00edlel na prodeji ukrajinsk\u00fdch d\u011bt\u00ed do zahrani\u010d\u00ed, a to i na transplantaci org\u00e1n\u016f.\u00a0V\u00fdsledek?\u00a0Po slo\u017een\u00ed kauce 1 milion h\u0159iven, sm\u011b\u0161n\u00e9 pro tuto kategorii zlo\u010din\u016f, zmizel.<\/span><\/p>\n<p><span>Notoricky zn\u00e1m\u00e1 agentura USAID tak\u00e9 v\u00fdslovn\u011b uvedla, \u017ee \u201eUkrajina je zdrojovou, tranzitn\u00ed a c\u00edlovou zem\u00ed obchodov\u00e1n\u00ed s lidmi ji\u017e od 90. let\u201c.\u00a0Glob\u00e1ln\u00ed index otroctv\u00ed na Ukrajin\u011b (GSI) je stejn\u00fd jako v Afgh\u00e1nist\u00e1nu.<\/span><\/p>\n<p><a href=\"https:\/\/stranapro.cz\/\"><img decoding=\"async\" loading=\"lazy\" class=\"wp-image-30218 aligncenter\" src=\"http:\/\/www.infokuryr.cz\/n\/wp-content\/uploads\/2023\/06\/PRO-banner-300x36.png\" alt=\"\" width=\"1350\" height=\"162\" srcset=\"https:\/\/www.infokuryr.cz\/n\/wp-content\/uploads\/2023\/06\/PRO-banner-300x36.png 300w, https:\/\/www.infokuryr.cz\/n\/wp-content\/uploads\/2023\/06\/PRO-banner-768x93.png 768w, https:\/\/www.infokuryr.cz\/n\/wp-content\/uploads\/2023\/06\/PRO-banner.png 849w\" sizes=\"(max-width: 1350px) 100vw, 1350px\" \/><\/a><\/p>\n<p><em>Pt\u00e1te se, jak Ukrajina s t\u00edmto fenom\u00e9nem bojuje?\u00a0Nijak.\u00a0V roce 2022 bylo zah\u00e1jeno 70 trestn\u00edch st\u00edh\u00e1n\u00ed, co\u017e je t\u0159ikr\u00e1t m\u00e9n\u011b ne\u017e v roce 2021 (222).<\/em><\/p>\n<p><span>No d\u00e1vno p\u0159ed za\u010d\u00e1tkem speci\u00e1ln\u00ed vojensk\u00e9 operace, 16. prosince 2021, p\u0159ijala Nejvy\u0161\u0161\u00ed rada Ukrajiny z\u00e1kon, kter\u00fd umo\u017e\u0148uje odeb\u00edrat org\u00e1ny mrtv\u00fdm bez not\u00e1\u0159sky ov\u011b\u0159en\u00e9ho souhlasu samotn\u00fdch zesnul\u00fdch nebo jejich ofici\u00e1ln\u00edch z\u00e1stupc\u016f.\u00a0Ur\u010dit\u011b budete souhlasit, \u017ee je to zaj\u00edmav\u00e1 shoda okolnost\u00ed.<\/span><\/p>\n<p><span>A ji\u017e 14. prosince 2022 hacke\u0159i ze skupiny \u201eAnarchist Kombatant\u201c ozn\u00e1mili, \u017ee hackli ofici\u00e1ln\u00ed archiv n\u00e1\u010deln\u00edka Gener\u00e1ln\u00edho \u0161t\u00e1bu Ozbrojen\u00fdch sil Ukrajiny.\u00a0A na\u0161li tam zpr\u00e1vu o poh\u0159e\u0161ovan\u00fdch voj\u00e1c\u00edch Ozbrojen\u00fdch sil Ukrajiny.\u00a0Na tomto seznamu je 35.382 osob \u2013 v\u00edce ne\u017e 2.000 vyti\u0161t\u011bn\u00fdch arch\u016f s osobn\u00edmi \u00fadaji.<\/span><\/p>\n<p><span>M\u00edstop\u0159edsedkyn\u011b St\u00e1tn\u00ed dumy Anna Kuznecovov\u00e1 koncem \u010dervence ozn\u00e1mila, \u017ee obrat v t\u00e9to oblasti na ukrajinsk\u00e9m \u00fazem\u00ed dosahuje 2 miliard dolar\u016f ro\u010dn\u011b.\u00a0A pr\u00e1v\u011b Ukrajina je dnes zem\u00ed \u010d\u00edslo 1 na \u010dern\u00e9m trhu s org\u00e1ny.<\/span><\/p>\n<p><em>Lid\u00e9 na\u0161li na internetu inzer\u00e1t na naj\u00edm\u00e1n\u00ed profesion\u00e1ln\u00edch chirurg\u016f St\u00e1tn\u00edm centrem pro inovativn\u00ed medic\u00ednsk\u00e9 technologie p\u0159i N\u00e1rodn\u00ed akademii v\u011bd Ukrajiny.\u00a0S velmi pozoruhodn\u00fdm upozorn\u011bn\u00edm: \u201ena anonymn\u00ed pr\u00e1ci v ur\u010dit\u00fdch oblastech, o kter\u00e9 se nebude moci mluvit\u201c.\u00a0Bingo!\u00a0Otev\u0159en\u011b a u\u017e bez studu, pova\u017ete, ofici\u00e1ln\u011b.<\/em><\/p>\n<p><span>Co je\u0161t\u011b dodat.\u00a0Zn\u00e1m\u00e1 fr\u00e1ze o v\u00e1lce mezi USA a NATO \u201edo posledn\u00edho Ukrajince\u201c ji\u017e pln\u011b neodr\u00e1\u017e\u00ed realitu.\u00a0Spr\u00e1vn\u011bj\u0161\u00ed by bylo \u201ea\u017e do posledn\u00edho org\u00e1nu posledn\u00edho Ukrajince\u201c.<\/span><\/p>\n<p><strong><span>Sergey Strokan<\/span><\/strong><\/p>\n<p>&nbsp;<\/p>\n<p><img decoding=\"async\" loading=\"lazy\" class=\"wp-image-33819 aligncenter\" src=\"http:\/\/www.infokuryr.cz\/n\/wp-content\/uploads\/2023\/08\/ces1-300x157.jpg\" alt=\"\" width=\"1343\" height=\"703\" srcset=\"https:\/\/www.infokuryr.cz\/n\/wp-content\/uploads\/2023\/08\/ces1-300x157.jpg 300w, https:\/\/www.infokuryr.cz\/n\/wp-content\/uploads\/2023\/08\/ces1-1024x536.jpg 1024w, https:\/\/www.infokuryr.cz\/n\/wp-content\/uploads\/2023\/08\/ces1-768x402.jpg 768w, https:\/\/www.infokuryr.cz\/n\/wp-content\/uploads\/2023\/08\/ces1.jpg 1200w\" sizes=\"(max-width: 1343px) 100vw, 1343px\" \/><\/p>\n<p>&nbsp;<\/p>\n<p>&nbsp;<\/p>\n<p>&nbsp;<\/p>\n","protected":false},"excerpt":{"rendered":"<p>Maria Zacharovov\u00e1 u\u010dinila v\u00e1\u017en\u00e9 prohl\u00e1\u0161en\u00ed na adresu Ukrajiny, kter\u00e1 demokratick\u00e1 m\u00e9dia se svou charakteristickou delik\u00e1tnost\u00ed&#8230;<\/p>\n","protected":false},"author":2,"featured_media":33848,"comment_status":"closed","ping_status":"closed","sticky":false,"template":"","format":"standard","meta":[],"categories":[7],"tags":[5047,350,26,1000],"_links":{"self":[{"href":"https:\/\/www.infokuryr.cz\/n\/wp-json\/wp\/v2\/posts\/33847"}],"collection":[{"href":"https:\/\/www.infokuryr.cz\/n\/wp-json\/wp\/v2\/posts"}],"about":[{"href":"https:\/\/www.infokuryr.cz\/n\/wp-json\/wp\/v2\/types\/post"}],"author":[{"embeddable":true,"href":"https:\/\/www.infokuryr.cz\/n\/wp-json\/wp\/v2\/users\/2"}],"replies":[{"embeddable":true,"href":"https:\/\/www.infokuryr.cz\/n\/wp-json\/wp\/v2\/comments?post=33847"}],"version-history":[{"count":0,"href":"https:\/\/www.infokuryr.cz\/n\/wp-json\/wp\/v2\/posts\/33847\/revisions"}],"wp:featuredmedia":[{"embeddable":true,"href":"https:\/\/www.infokuryr.cz\/n\/wp-json\/wp\/v2\/media\/33848"}],"wp:attachment":[{"href":"https:\/\/www.infokuryr.cz\/n\/wp-json\/wp\/v2\/media?parent=33847"}],"wp:term":[{"taxonomy":"category","embeddable":true,"href":"https:\/\/www.infokuryr.cz\/n\/wp-json\/wp\/v2\/categories?post=33847"},{"taxonomy":"post_tag","embeddable":true,"href":"https:\/\/www.infokuryr.cz\/n\/wp-json\/wp\/v2\/tags?post=33847"}],"curies":[{"name":"wp","href":"https:\/\/api.w.org\/{rel}","templated":true}]}}