{"id":3383,"date":"2021-07-17T08:29:58","date_gmt":"2021-07-17T06:29:58","guid":{"rendered":"http:\/\/www.infokuryr.cz\/n\/?p=3383"},"modified":"2021-07-17T08:29:58","modified_gmt":"2021-07-17T06:29:58","slug":"komisar-zpochybnit-rozhodnuti-evropske-justice-je-zpochybnenim-eu","status":"publish","type":"post","link":"https:\/\/www.infokuryr.cz\/n\/2021\/07\/17\/komisar-zpochybnit-rozhodnuti-evropske-justice-je-zpochybnenim-eu\/","title":{"rendered":"Komisa\u0159: Zpochybnit rozhodnut\u00ed evropsk\u00e9 justice je zpochybn\u011bn\u00edm EU"},"content":{"rendered":"<div id=\"fb-root\"><\/div>\n<p>Zpochybn\u011bn\u00ed rozhodnut\u00ed evropsk\u00e9 justice je zpochybn\u011bn\u00edm samotn\u00e9 EU, prohl\u00e1sil na adresu polsk\u00e9ho (p\u0159ed n\u00edm i n\u011bmeck\u00fd) \u00fastavn\u00edho soudu komisa\u0159 pro spravedlnost EU Didier Reynders. \u017de je ve stejn\u00e9m gardu zpochybn\u011bn\u00ed rozhodnut\u00ed polsk\u00e9ho \u00fastavn\u00edho soudu zpochybn\u011bn\u00edm polsk\u00e9ho n\u00e1roda, ne\u0159e\u0161\u00ed&#8230;<\/p>\n<p>A o tom z\u0159ejm\u011b ta EU intrinsicky je&#8230; To je pak ov\u0161em opravdu na zav\u0159en\u00ed a zapuzen\u00ed EU ze spole\u010denstv\u00ed evropsk\u00fdch civilizovan\u00fdch demokratick\u00fdch\u00a0 pr\u00e1vn\u00edch st\u00e1t\u016f. EU m\u016f\u017ee vstoupit t\u0159eba do Africk\u00e9 unie&#8230;<\/p>\n<p><a href=\"https:\/\/plus.lesoir.be\/384230\/article\/2021-07-15\/didier-reynders-remettre-en-cause-les-decisions-de-la-justice-europeenne-cest\">ZDROJ<\/a><\/p>\n<p>&nbsp;<\/p>\n","protected":false},"excerpt":{"rendered":"<p>Zpochybn\u011bn\u00ed rozhodnut\u00ed evropsk\u00e9 justice je zpochybn\u011bn\u00edm samotn\u00e9 EU, prohl\u00e1sil na adresu polsk\u00e9ho (p\u0159ed n\u00edm i&#8230;<\/p>\n","protected":false},"author":2,"featured_media":1114,"comment_status":"closed","ping_status":"closed","sticky":false,"template":"","format":"standard","meta":[],"categories":[7],"tags":[41,31,324],"_links":{"self":[{"href":"https:\/\/www.infokuryr.cz\/n\/wp-json\/wp\/v2\/posts\/3383"}],"collection":[{"href":"https:\/\/www.infokuryr.cz\/n\/wp-json\/wp\/v2\/posts"}],"about":[{"href":"https:\/\/www.infokuryr.cz\/n\/wp-json\/wp\/v2\/types\/post"}],"author":[{"embeddable":true,"href":"https:\/\/www.infokuryr.cz\/n\/wp-json\/wp\/v2\/users\/2"}],"replies":[{"embeddable":true,"href":"https:\/\/www.infokuryr.cz\/n\/wp-json\/wp\/v2\/comments?post=3383"}],"version-history":[{"count":0,"href":"https:\/\/www.infokuryr.cz\/n\/wp-json\/wp\/v2\/posts\/3383\/revisions"}],"wp:featuredmedia":[{"embeddable":true,"href":"https:\/\/www.infokuryr.cz\/n\/wp-json\/wp\/v2\/media\/1114"}],"wp:attachment":[{"href":"https:\/\/www.infokuryr.cz\/n\/wp-json\/wp\/v2\/media?parent=3383"}],"wp:term":[{"taxonomy":"category","embeddable":true,"href":"https:\/\/www.infokuryr.cz\/n\/wp-json\/wp\/v2\/categories?post=3383"},{"taxonomy":"post_tag","embeddable":true,"href":"https:\/\/www.infokuryr.cz\/n\/wp-json\/wp\/v2\/tags?post=3383"}],"curies":[{"name":"wp","href":"https:\/\/api.w.org\/{rel}","templated":true}]}}