{"id":3382,"date":"2021-07-17T08:27:35","date_gmt":"2021-07-17T06:27:35","guid":{"rendered":"http:\/\/www.infokuryr.cz\/n\/?p=3382"},"modified":"2021-07-17T08:27:35","modified_gmt":"2021-07-17T06:27:35","slug":"v-britanii-zemrela-po-ockovani-znama-moderatorka","status":"publish","type":"post","link":"https:\/\/www.infokuryr.cz\/n\/2021\/07\/17\/v-britanii-zemrela-po-ockovani-znama-moderatorka\/","title":{"rendered":"V Brit\u00e1nii zem\u0159ela po o\u010dkov\u00e1n\u00ed zn\u00e1m\u00e1 moder\u00e1torka"},"content":{"rendered":"<div id=\"fb-root\"><\/div>\n<p>V Brit\u00e1nii zem\u0159ela po o\u010dkov\u00e1n\u00ed Astro Zenecou zn\u00e1m\u00e1 moder\u00e1torka Lisa Shaw (44). T\u00fdden po prvn\u00ed vakcinaci dostala siln\u00e9 bolesti hlavy.<\/p>\n<p>P\u0159\u00ed\u010dinou smrti byly krevn\u00ed sra\u017eeniny a krv\u00e1cen\u00ed do hlavy. Poz\u016fstal\u00fd man\u017eel je zni\u010den&#8230;<\/p>\n<p>Lisa zem\u0159ela koncem kv\u011btna a nyn\u00ed byla zve\u0159ejn\u011bna jej\u00ed posledn\u00ed slova&#8230;<\/p>\n<p><a href=\"https:\/\/www.thesun.co.uk\/tvandshowbiz\/15606783\/bbc-lisa-shaw-husband-final-words-death-covid-jab\/\">ZDROJ<\/a><\/p>\n<p>&nbsp;<\/p>\n","protected":false},"excerpt":{"rendered":"<p>V Brit\u00e1nii zem\u0159ela po o\u010dkov\u00e1n\u00ed Astro Zenecou zn\u00e1m\u00e1 moder\u00e1torka Lisa Shaw (44). T\u00fdden po prvn\u00ed&#8230;<\/p>\n","protected":false},"author":2,"featured_media":856,"comment_status":"closed","ping_status":"closed","sticky":false,"template":"","format":"standard","meta":[],"categories":[7],"tags":[136,23,213,474],"_links":{"self":[{"href":"https:\/\/www.infokuryr.cz\/n\/wp-json\/wp\/v2\/posts\/3382"}],"collection":[{"href":"https:\/\/www.infokuryr.cz\/n\/wp-json\/wp\/v2\/posts"}],"about":[{"href":"https:\/\/www.infokuryr.cz\/n\/wp-json\/wp\/v2\/types\/post"}],"author":[{"embeddable":true,"href":"https:\/\/www.infokuryr.cz\/n\/wp-json\/wp\/v2\/users\/2"}],"replies":[{"embeddable":true,"href":"https:\/\/www.infokuryr.cz\/n\/wp-json\/wp\/v2\/comments?post=3382"}],"version-history":[{"count":0,"href":"https:\/\/www.infokuryr.cz\/n\/wp-json\/wp\/v2\/posts\/3382\/revisions"}],"wp:featuredmedia":[{"embeddable":true,"href":"https:\/\/www.infokuryr.cz\/n\/wp-json\/wp\/v2\/media\/856"}],"wp:attachment":[{"href":"https:\/\/www.infokuryr.cz\/n\/wp-json\/wp\/v2\/media?parent=3382"}],"wp:term":[{"taxonomy":"category","embeddable":true,"href":"https:\/\/www.infokuryr.cz\/n\/wp-json\/wp\/v2\/categories?post=3382"},{"taxonomy":"post_tag","embeddable":true,"href":"https:\/\/www.infokuryr.cz\/n\/wp-json\/wp\/v2\/tags?post=3382"}],"curies":[{"name":"wp","href":"https:\/\/api.w.org\/{rel}","templated":true}]}}