{"id":33814,"date":"2023-08-10T01:16:26","date_gmt":"2023-08-09T23:16:26","guid":{"rendered":"http:\/\/www.infokuryr.cz\/n\/?p=33814"},"modified":"2023-08-10T06:03:10","modified_gmt":"2023-08-10T04:03:10","slug":"dustojnik-bundeswehru-zadrzen-pro-podezreni-ze-spionaze-pro-rusko","status":"publish","type":"post","link":"https:\/\/www.infokuryr.cz\/n\/2023\/08\/10\/dustojnik-bundeswehru-zadrzen-pro-podezreni-ze-spionaze-pro-rusko\/","title":{"rendered":"D\u016fstojn\u00edk Bundeswehru zadr\u017een pro podez\u0159en\u00ed ze \u0161pion\u00e1\u017ee pro Rusko"},"content":{"rendered":"<div id=\"fb-root\"><\/div>\n<p class=\"lead\"><strong>N\u011bmeck\u00fd ob\u010dan pracuj\u00edc\u00ed v Bundeswehru byl zadr\u017een pro podez\u0159en\u00ed ze \u0161pion\u00e1\u017ee pro Rusko.\u00a0Ozn\u00e1mila to 9. srpna, Gener\u00e1ln\u00ed prokuratura N\u011bmecka.<\/strong><\/p>\n<p>\u00dadajn\u00fd \u201erusk\u00fd agent\u201c podle odd\u011blen\u00ed p\u016fsobil ve m\u011bst\u011b Koblenz.\u00a0Jak up\u0159esnila prokuratura, byl zat\u010den zam\u011bstnanec Spolkov\u00e9ho \u00fa\u0159adu pro vybaven\u00ed, informa\u010dn\u00ed technologie a vyu\u017eit\u00ed Bundeswehru.\u00a0Prob\u011bhly tak\u00e9 prohl\u00eddky u n\u011bj doma a v pr\u00e1ci.<\/p>\n<p>Ob\u017ealovan\u00fd je podez\u0159el\u00fd z toho, \u017ee je<strong> \u201eagentem rusk\u00e9 tajn\u00e9 slu\u017eby\u201c<\/strong>.<\/p>\n<p><img decoding=\"async\" loading=\"lazy\" class=\"alignnone size-full wp-image-1185\" src=\"http:\/\/www.infokuryr.cz\/n\/wp-content\/uploads\/2021\/04\/kuryr-podpis.png\" alt=\"\" width=\"84\" height=\"24\" \/><\/p>\n<p>&nbsp;<\/p>\n<p><img decoding=\"async\" loading=\"lazy\" class=\"wp-image-33819 aligncenter\" src=\"http:\/\/www.infokuryr.cz\/n\/wp-content\/uploads\/2023\/08\/ces1-300x157.jpg\" alt=\"\" width=\"1129\" height=\"591\" srcset=\"https:\/\/www.infokuryr.cz\/n\/wp-content\/uploads\/2023\/08\/ces1-300x157.jpg 300w, https:\/\/www.infokuryr.cz\/n\/wp-content\/uploads\/2023\/08\/ces1-1024x536.jpg 1024w, https:\/\/www.infokuryr.cz\/n\/wp-content\/uploads\/2023\/08\/ces1-768x402.jpg 768w, https:\/\/www.infokuryr.cz\/n\/wp-content\/uploads\/2023\/08\/ces1.jpg 1200w\" sizes=\"(max-width: 1129px) 100vw, 1129px\" \/><\/p>\n<p>&nbsp;<\/p>\n<p>&nbsp;<\/p>\n<p><a href=\"https:\/\/stranapro.cz\/\"><img decoding=\"async\" loading=\"lazy\" class=\"wp-image-30218 aligncenter\" src=\"http:\/\/www.infokuryr.cz\/n\/wp-content\/uploads\/2023\/06\/PRO-banner-300x36.png\" alt=\"\" width=\"1358\" height=\"163\" srcset=\"https:\/\/www.infokuryr.cz\/n\/wp-content\/uploads\/2023\/06\/PRO-banner-300x36.png 300w, https:\/\/www.infokuryr.cz\/n\/wp-content\/uploads\/2023\/06\/PRO-banner-768x93.png 768w, https:\/\/www.infokuryr.cz\/n\/wp-content\/uploads\/2023\/06\/PRO-banner.png 849w\" sizes=\"(max-width: 1358px) 100vw, 1358px\" \/><\/a><\/p>\n<p>&nbsp;<\/p>\n<p>&nbsp;<\/p>\n<p>&nbsp;<\/p>\n","protected":false},"excerpt":{"rendered":"<p>N\u011bmeck\u00fd ob\u010dan pracuj\u00edc\u00ed v Bundeswehru byl zadr\u017een pro podez\u0159en\u00ed ze \u0161pion\u00e1\u017ee pro Rusko.\u00a0Ozn\u00e1mila to 9&#8230;.<\/p>\n","protected":false},"author":2,"featured_media":33815,"comment_status":"closed","ping_status":"closed","sticky":false,"template":"","format":"standard","meta":[],"categories":[7],"tags":[562,84,86,1186],"_links":{"self":[{"href":"https:\/\/www.infokuryr.cz\/n\/wp-json\/wp\/v2\/posts\/33814"}],"collection":[{"href":"https:\/\/www.infokuryr.cz\/n\/wp-json\/wp\/v2\/posts"}],"about":[{"href":"https:\/\/www.infokuryr.cz\/n\/wp-json\/wp\/v2\/types\/post"}],"author":[{"embeddable":true,"href":"https:\/\/www.infokuryr.cz\/n\/wp-json\/wp\/v2\/users\/2"}],"replies":[{"embeddable":true,"href":"https:\/\/www.infokuryr.cz\/n\/wp-json\/wp\/v2\/comments?post=33814"}],"version-history":[{"count":1,"href":"https:\/\/www.infokuryr.cz\/n\/wp-json\/wp\/v2\/posts\/33814\/revisions"}],"predecessor-version":[{"id":33816,"href":"https:\/\/www.infokuryr.cz\/n\/wp-json\/wp\/v2\/posts\/33814\/revisions\/33816"}],"wp:featuredmedia":[{"embeddable":true,"href":"https:\/\/www.infokuryr.cz\/n\/wp-json\/wp\/v2\/media\/33815"}],"wp:attachment":[{"href":"https:\/\/www.infokuryr.cz\/n\/wp-json\/wp\/v2\/media?parent=33814"}],"wp:term":[{"taxonomy":"category","embeddable":true,"href":"https:\/\/www.infokuryr.cz\/n\/wp-json\/wp\/v2\/categories?post=33814"},{"taxonomy":"post_tag","embeddable":true,"href":"https:\/\/www.infokuryr.cz\/n\/wp-json\/wp\/v2\/tags?post=33814"}],"curies":[{"name":"wp","href":"https:\/\/api.w.org\/{rel}","templated":true}]}}